{"id":6351,"date":"2023-10-24T17:13:12","date_gmt":"2023-10-24T15:13:12","guid":{"rendered":"http:\/\/www.cycloclubmarvejolais.com\/?p=6351"},"modified":"2023-10-24T17:14:46","modified_gmt":"2023-10-24T15:14:46","slug":"6351","status":"publish","type":"post","link":"http:\/\/www.cycloclubmarvejolais.com\/?p=6351","title":{"rendered":"Rando nocturne VTT VTTAE + Marche"},"content":{"rendered":"<p>Bonjour \u00e0 tous,<br \/>\nNous sommes heureux de vous accueillir pour notre premi\u00e8re randonn\u00e9e nocturne dans le petit village de Gr\u00e8zes.<\/p>\n<p>D\u00e9part 17h &#x1f3c1;<\/p>\n<p><strong>Inscriptions<\/strong>:<br \/>\n7\u20ac VTT\/ VTTAE &#x1f6b5;&#x1f6b5;&#x200d;&#x2640;&#xfe0f;&#x1f6b5;&#x200d;&#x2640;&#xfe0f;&#x1f6b5;&#x200d;&#x2642;&#xfe0f;<\/p>\n<p>5\u20ac Marche &#x1f6b6;&#x1f6b6;&#x200d;&#x2640;&#xfe0f;&#x1f6b6;&#x200d;&#x2642;&#xfe0f;<\/p>\n<p><strong>Parcours<\/strong>:<\/p>\n<p>2 parcours VTT\/ VTTAE 24 et 30km<\/p>\n<p>1 parcours marche de 9km<\/p>\n<p>Ravitaillement sur les parcours &#x1f347;&#x1f348;&#x1f34c;&#x1f352;<\/p>\n<p>&nbsp;<\/p>\n<p>La randonn\u00e9e est suivie d&rsquo;un repas &#x1f37d;&#xfe0f;&#x1f371;<\/p>\n<p>Pr\u00e9par\u00e9 par l&rsquo;atelier des saveurs.<\/p>\n<p>Menu Complet 17\u20ac<\/p>\n<p>R\u00e9servation avant vendredi 03 Novembre 12H (majoration+2\u20ac sur place dans la limite des places disponibles)<\/p>\n<p>R\u00e9servation par mail \u00e0 <a href=\"mailto:marvejolsvelo@gmail.com\">marvejolsvelo@gmail.com<\/a><\/p>\n<p><em><strong>Menu<\/strong><\/em> &#x1f4e2;:<\/p>\n<p>Soupe de Potimarron\/ch\u00e2taignes<\/p>\n<p>Poulet saute chasseur\/riz pilaf<\/p>\n<p>Fromage<\/p>\n<p>Tartelettes Abricots<\/p>\n<p>Vin \/caf\u00e9<\/p>\n\n\t\t<style>\n\t\t\t#gallery-1 {\n\t\t\t\tmargin: auto;\n\t\t\t}\n\t\t\t#gallery-1 .gallery-item {\n\t\t\t\tfloat: left;\n\t\t\t\tmargin-top: 10px;\n\t\t\t\ttext-align: center;\n\t\t\t\twidth: 33%;\n\t\t\t}\n\t\t\t#gallery-1 img {\n\t\t\t\tborder: 2px solid #cfcfcf;\n\t\t\t}\n\t\t\t#gallery-1 .gallery-caption {\n\t\t\t\tmargin-left: 0;\n\t\t\t}\n\t\t\t\/* see gallery_shortcode() in wp-includes\/media.php *\/\n\t\t<\/style>\n\t\t<div id='gallery-1' class='gallery galleryid-6351 gallery-columns-3 gallery-size-large'><dl class='gallery-item'>\n\t\t\t<dt class='gallery-icon landscape'>\n\t\t\t\t<a href='http:\/\/www.cycloclubmarvejolais.com\/?attachment_id=6352'><img loading=\"lazy\" decoding=\"async\" width=\"1024\" height=\"577\" src=\"http:\/\/www.cycloclubmarvejolais.com\/wp-content\/uploads\/2023\/10\/IMG-20231018-WA0001-1024x577.jpg\" class=\"attachment-large size-large\" alt=\"\" aria-describedby=\"gallery-1-6352\" srcset=\"http:\/\/www.cycloclubmarvejolais.com\/wp-content\/uploads\/2023\/10\/IMG-20231018-WA0001-1024x577.jpg 1024w, http:\/\/www.cycloclubmarvejolais.com\/wp-content\/uploads\/2023\/10\/IMG-20231018-WA0001-300x169.jpg 300w, http:\/\/www.cycloclubmarvejolais.com\/wp-content\/uploads\/2023\/10\/IMG-20231018-WA0001-768x432.jpg 768w, http:\/\/www.cycloclubmarvejolais.com\/wp-content\/uploads\/2023\/10\/IMG-20231018-WA0001-1536x865.jpg 1536w, http:\/\/www.cycloclubmarvejolais.com\/wp-content\/uploads\/2023\/10\/IMG-20231018-WA0001.jpg 1600w\" sizes=\"(max-width: 1024px) 100vw, 1024px\" \/><\/a>\n\t\t\t<\/dt>\n\t\t\t\t<dd class='wp-caption-text gallery-caption' id='gallery-1-6352'>\n\t\t\t\taffiche rando nocturne\n\t\t\t\t<\/dd><\/dl>\n\t\t\t<br style='clear: both' \/>\n\t\t<\/div>\n\n","protected":false},"excerpt":{"rendered":"<p>Bonjour \u00e0 tous, Nous sommes heureux de vous accueillir pour notre premi\u00e8re randonn\u00e9e nocturne dans le petit village de Gr\u00e8zes. D\u00e9part 17h &#x1f3c1; Inscriptions:&#46;&#46;&#46;<\/p>\n","protected":false},"author":11,"featured_media":6352,"comment_status":"open","ping_status":"open","sticky":false,"template":"","format":"standard","meta":{"footnotes":""},"categories":[2,7],"tags":[],"_links":{"self":[{"href":"http:\/\/www.cycloclubmarvejolais.com\/index.php?rest_route=\/wp\/v2\/posts\/6351"}],"collection":[{"href":"http:\/\/www.cycloclubmarvejolais.com\/index.php?rest_route=\/wp\/v2\/posts"}],"about":[{"href":"http:\/\/www.cycloclubmarvejolais.com\/index.php?rest_route=\/wp\/v2\/types\/post"}],"author":[{"embeddable":true,"href":"http:\/\/www.cycloclubmarvejolais.com\/index.php?rest_route=\/wp\/v2\/users\/11"}],"replies":[{"embeddable":true,"href":"http:\/\/www.cycloclubmarvejolais.com\/index.php?rest_route=%2Fwp%2Fv2%2Fcomments&post=6351"}],"version-history":[{"count":2,"href":"http:\/\/www.cycloclubmarvejolais.com\/index.php?rest_route=\/wp\/v2\/posts\/6351\/revisions"}],"predecessor-version":[{"id":6354,"href":"http:\/\/www.cycloclubmarvejolais.com\/index.php?rest_route=\/wp\/v2\/posts\/6351\/revisions\/6354"}],"wp:featuredmedia":[{"embeddable":true,"href":"http:\/\/www.cycloclubmarvejolais.com\/index.php?rest_route=\/wp\/v2\/media\/6352"}],"wp:attachment":[{"href":"http:\/\/www.cycloclubmarvejolais.com\/index.php?rest_route=%2Fwp%2Fv2%2Fmedia&parent=6351"}],"wp:term":[{"taxonomy":"category","embeddable":true,"href":"http:\/\/www.cycloclubmarvejolais.com\/index.php?rest_route=%2Fwp%2Fv2%2Fcategories&post=6351"},{"taxonomy":"post_tag","embeddable":true,"href":"http:\/\/www.cycloclubmarvejolais.com\/index.php?rest_route=%2Fwp%2Fv2%2Ftags&post=6351"}],"curies":[{"name":"wp","href":"https:\/\/api.w.org\/{rel}","templated":true}]}}