{"id":1306,"date":"2013-06-19T15:05:25","date_gmt":"2013-06-19T13:05:25","guid":{"rendered":"http:\/\/www.cycloclubmarvejolais.com\/?p=1306"},"modified":"2024-01-02T00:19:43","modified_gmt":"2024-01-01T23:19:43","slug":"epopee-cyclotouristique","status":"publish","type":"post","link":"https:\/\/www.cycloclubmarvejolais.com\/?p=1306","title":{"rendered":"\u00c9pop\u00e9e cyclotouristique"},"content":{"rendered":"<div>\n<div class=\"Corps-P-P0\"><span class=\"Corps-C-C1\">S\u2019il doit rester une rando dans les annales du club , ce sera celle-<wbr \/> ci car \u00a0dame M\u00e9t\u00e9o y ayant mis son grain de sel , le journ\u00e9e se d\u00e9roula de rebondissement en rebondissement.<br \/>\n<\/span><\/div>\n<div class=\"Corps-P-P0\"><span class=\"Corps-C-C1\"><a href=\"http:\/\/www.cycloclubmarvejolais.com\/wp-content\/uploads\/2016\/12\/la-bastide-008.jpg\"><img loading=\"lazy\" decoding=\"async\" class=\"alignleft size-medium wp-image-1343\" src=\"http:\/\/www.cycloclubmarvejolais.com\/wp-content\/uploads\/2016\/12\/la-bastide-008-300x225.jpg\" alt=\"\" width=\"300\" height=\"225\" srcset=\"https:\/\/www.cycloclubmarvejolais.com\/wp-content\/uploads\/2016\/12\/la-bastide-008-300x225.jpg 300w, https:\/\/www.cycloclubmarvejolais.com\/wp-content\/uploads\/2016\/12\/la-bastide-008-768x576.jpg 768w, https:\/\/www.cycloclubmarvejolais.com\/wp-content\/uploads\/2016\/12\/la-bastide-008-1024x768.jpg 1024w, https:\/\/www.cycloclubmarvejolais.com\/wp-content\/uploads\/2016\/12\/la-bastide-008-600x450.jpg 600w, https:\/\/www.cycloclubmarvejolais.com\/wp-content\/uploads\/2016\/12\/la-bastide-008.jpg 1600w\" sizes=\"(max-width: 300px) 100vw, 300px\" \/><\/a>Le projet consistant \u00a0\u00e0 se rendre a La \u00a0Bastide, (en utilisant le TER \u00e0 1 Euro), repartir en v\u00e9lo jusqu\u2019au lac de Charpal, prendre le pique nique \u00a0organis\u00e9 et pr\u00e9par\u00e9 par Denis et Josette et enfin retour sur Marvejols.<br \/>\n<\/span><\/div>\n<div class=\"Corps-P-P0\"><span class=\"Corps-C-C1\">A 7 heures moins le quart , 10 cyclos \u00e9taient pr\u00e9sents au d\u00e9part sur les douze inscrits , \u00e0 savoir : Denis, Josette, Jean, Louis, Jean jacques, jean louis, Michel C et Michel B, G\u00e9rard et Alain.<br \/>\n<\/span><\/div>\n<div class=\"Corps-P-P0\"><span class=\"Corps-C-C1\">Absents au moment du d\u00e9part, Jacky qui ayant essuy\u00e9 une averse a renonc\u00e9 et Alain D qui au moment du d\u00e9part subit une crevaison et n\u2019a pu rallier la gare en temps voulu .<br \/>\n<\/span><\/div>\n<div class=\"Corps-P-P0\"><span class=\"Corps-C-C1\">Enfin install\u00e9s dans le train avec leurs montures, se m\u00eal\u00e8rent moments de franches rigolades et moments de doute en regardant l\u2019ext\u00e8rieur. Un groupe de randonneurs barrabans amis nous rejoignirent pour une part du voyage et ainsi les 3 heures de voyage parurent bien plus courtes.<br \/>\n<\/span><\/div>\n<div class=\"Corps-P-P0\"><span class=\"Corps-C-C1\"> \u00a0Au fil des kilom\u00e8tres, pluie et vent fort ont eu raison de notre d\u00e9termination et il est alors d\u00e9cid\u00e9 de modifier ce projet, et de prendre le pique nique \u00e0 la Bastide pour revenir par le m\u00eame moyen \u00e0 savoir le train pr\u00e9vu \u00e0 15 H ( dixit les horaires de notre pr\u00e9sident).<br \/>\n<\/span><\/div>\n<div class=\"Corps-P-P0\"><\/div>\n<div class=\"Corps-P-P0\"><span class=\"Corps-C-C1\"><a href=\"http:\/\/www.cycloclubmarvejolais.com\/wp-content\/uploads\/2016\/12\/la-bastide-015.jpg\"><img loading=\"lazy\" decoding=\"async\" class=\"alignleft size-medium wp-image-1349\" src=\"http:\/\/www.cycloclubmarvejolais.com\/wp-content\/uploads\/2016\/12\/la-bastide-015-300x225.jpg\" alt=\"\" width=\"300\" height=\"225\" srcset=\"https:\/\/www.cycloclubmarvejolais.com\/wp-content\/uploads\/2016\/12\/la-bastide-015-300x225.jpg 300w, https:\/\/www.cycloclubmarvejolais.com\/wp-content\/uploads\/2016\/12\/la-bastide-015-768x576.jpg 768w, https:\/\/www.cycloclubmarvejolais.com\/wp-content\/uploads\/2016\/12\/la-bastide-015-1024x768.jpg 1024w, https:\/\/www.cycloclubmarvejolais.com\/wp-content\/uploads\/2016\/12\/la-bastide-015-600x450.jpg 600w, https:\/\/www.cycloclubmarvejolais.com\/wp-content\/uploads\/2016\/12\/la-bastide-015.jpg 1600w\" sizes=\"(max-width: 300px) 100vw, 300px\" \/><\/a>Arriv\u00e9 \u00e0 la Bastide, il est alors d\u00e9cid\u00e9 de pousser le d\u00e9placement a Notre Dame des Neiges pour prendre le repas sous un lieu abrit\u00e9, et c\u2019est alors que nous d\u00e9couvrions que nous partagerions ce lieu tranquille avec une \u00e9cole en voyage scolaire et ses deux cents enfants. (Au passage, l\u2019un des accompagnateurs nous demandait m\u00eame si nous comptions occuper la table , nous mettre dehors sous la pluie ne le g\u00eanait pas ).<br \/>\n<\/span><\/div>\n<div class=\"Corps-P-P0\"><span class=\"Corps-C-C1\">Au terme de deux heures d\u2019attente , c\u2019est avec plaisir que nous accueillons nos deux sauveurs, Jeanne et Jacky qui arrivaient avec le fameux pique nique pr\u00e9par\u00e9 par le Pr\u00e9sident et son \u00e9pouse, inutile de dire qu\u2019il eut les honneurs des cyclos qui \u00a0pour l\u2019instant n\u2019avaient pas fait trop d\u2019effort. ( La coup\u00e9tade, HUM )<br \/>\n<\/span><\/div>\n<div class=\"Corps-P-P0\"><span class=\"Corps-C-C1\">Enfin vers 13h 30 bien repus, on d\u00e9cide de retourner \u00e0 la gare, et l\u00e0 surprise Michel C , malgr\u00e9 un temps plus qu\u2019incertain d\u00e9cide de retourner \u00e0 marvejols en v\u00e9lo , entra\u00eenant dans son sillage 5 autres cyclos qui n\u2019attendaient que \u00e7a.<br \/>\n<\/span><\/div>\n<div class=\"Corps-P-P0\"><span class=\"Corps-C-C1\">Jean louis, jean jacques , josette et Alain moins courageux attendront le fameux train de 15H. \u00a0Sur le quai , un train attend mais ne nous \u00e9meut pas et nous attendons patiemment jusqu\u2019\u00e0 14h 40 pour s\u2019apercevoir que le train qui attendait sur le quai et avait quitt\u00e9 la gare \u00e0 14h 15 \u00e9tait bien le notre .<br \/>\n<\/span><\/div>\n<div class=\"Corps-P-P0\"><span class=\"Corps-C-C1\">Douloureuse surprise d\u2019autant plus que nous n\u2019avions alors plus le choix que d\u2019enfourcher nos v\u00e9los pour rentrer nous aussi sur Marvejols.<br \/>\n<\/span><\/div>\n<div class=\"Corps-P-P0\"><span class=\"Corps-C-C1\">Une derni\u00e8re petit frayeur \u00e0 la sortie de la Bastide ou Jean louis subit aussi une crevaison.<br \/>\n<\/span><\/div>\n<div class=\"Corps-P-P0\"><span class=\"Corps-C-C1\">Enfin la m\u00e9t\u00e9o a bien voulu nous r\u00e9compenser et \u00a0le soleil \u00a0se lever pour nous accompagner jusqu\u2019au terme de notre p\u00e9riple vers 18h 15.<br \/>\n<\/span><\/div>\n<div class=\"Corps-P-P0\"><span class=\"Corps-C-C1\">Denis, Michel B, Louis et Jean arriv\u00e9s plus t\u00f4t \u00e0 Marvejols nous ont m\u00eame rejoints \u00e0 Barjac et ainsi nous avons pu rentrer tous ensemble sur Marvejols.<br \/>\n<\/span><\/div>\n<div class=\"Corps-P-P0\"><span class=\"Corps-C-C1\"><a href=\"http:\/\/www.cycloclubmarvejolais.com\/wp-content\/uploads\/2016\/12\/la-bastide-004.jpg\"><img loading=\"lazy\" decoding=\"async\" class=\"alignleft size-medium wp-image-1339\" src=\"http:\/\/www.cycloclubmarvejolais.com\/wp-content\/uploads\/2016\/12\/la-bastide-004-300x225.jpg\" alt=\"\" width=\"300\" height=\"225\" srcset=\"https:\/\/www.cycloclubmarvejolais.com\/wp-content\/uploads\/2016\/12\/la-bastide-004-300x225.jpg 300w, https:\/\/www.cycloclubmarvejolais.com\/wp-content\/uploads\/2016\/12\/la-bastide-004-768x576.jpg 768w, https:\/\/www.cycloclubmarvejolais.com\/wp-content\/uploads\/2016\/12\/la-bastide-004-1024x768.jpg 1024w, https:\/\/www.cycloclubmarvejolais.com\/wp-content\/uploads\/2016\/12\/la-bastide-004-600x450.jpg 600w, https:\/\/www.cycloclubmarvejolais.com\/wp-content\/uploads\/2016\/12\/la-bastide-004.jpg 1600w\" sizes=\"(max-width: 300px) 100vw, 300px\" \/><\/a>La multiplicit\u00e9 des impr\u00e9vus n\u2019a cependant pas entam\u00e9 notre bonne humeur , et ces situations cocasses finissaient pas nous amuser beaucoup, il faut dire aussi que nous savions que nos deux \u00ab\u00a0saint Bernard\u00a0\u00bb Jeanne et Jacky \u00e9taient l\u00e0 pour le soutien logistique , repas entre autre et surtout pour r\u00e9pondre en cas de besoin, les cyclos leur adressent un grand MERCI.<br \/>\n<\/span><\/div>\n<div class=\"Corps-P-P0\"><span class=\"Corps-C-C1\">Les sorties \u00e0 la journ\u00e9e ne sont pas toujours aussi impr\u00e9visibles mais ont toutes un point commun , la confirmation que le groupe Marvejolais aime \u00e0 se retrouver ensemble pour partager ses moments de camaraderie.<br \/>\n<\/span><\/div>\n<div class=\"Corps-P-P0\"><span class=\"Corps-C-C1\">La prochaine qui se dessine va \u00eatre organis\u00e9e par Ren\u00e9 et Alain pour un p\u00e9riple en direction du Mont Mouchet, rendez vous , d\u00e9but juillet .<br \/>\n<\/span><\/div>\n<div class=\"Corps-P-P0\"><span class=\"Corps-C-C1\">Merci aussi au Pr\u00e9sident \u00a0et Josette pour la mise en place de cette rando et de ce pique nique fort appr\u00e9ci\u00e9.<\/span><\/div>\n<h4 class=\"Corps-P-P0\">Les photos de la journ\u00e9e<\/h4>\n<p>[usersultra_protect_content display_rule=&rsquo;logged_in_based&rsquo; custom_message_loggedin=&rsquo;Photos r\u00e9serv\u00e9es aux membres du site&rsquo;]<\/p>\n\n\t\t<style>\n\t\t\t#gallery-1 {\n\t\t\t\tmargin: auto;\n\t\t\t}\n\t\t\t#gallery-1 .gallery-item {\n\t\t\t\tfloat: left;\n\t\t\t\tmargin-top: 10px;\n\t\t\t\ttext-align: center;\n\t\t\t\twidth: 33%;\n\t\t\t}\n\t\t\t#gallery-1 img {\n\t\t\t\tborder: 2px solid #cfcfcf;\n\t\t\t}\n\t\t\t#gallery-1 .gallery-caption {\n\t\t\t\tmargin-left: 0;\n\t\t\t}\n\t\t\t\/* see gallery_shortcode() in wp-includes\/media.php *\/\n\t\t<\/style>\n\t\t<div id='gallery-1' class='gallery galleryid-1306 gallery-columns-3 gallery-size-large'><dl class='gallery-item'>\n\t\t\t<dt class='gallery-icon landscape'>\n\t\t\t\t<a href='https:\/\/www.cycloclubmarvejolais.com\/wp-content\/uploads\/2016\/12\/la-bastide-015.jpg'><img loading=\"lazy\" decoding=\"async\" width=\"1024\" height=\"768\" src=\"https:\/\/www.cycloclubmarvejolais.com\/wp-content\/uploads\/2016\/12\/la-bastide-015-1024x768.jpg\" class=\"attachment-large size-large\" alt=\"\" srcset=\"https:\/\/www.cycloclubmarvejolais.com\/wp-content\/uploads\/2016\/12\/la-bastide-015-1024x768.jpg 1024w, https:\/\/www.cycloclubmarvejolais.com\/wp-content\/uploads\/2016\/12\/la-bastide-015-300x225.jpg 300w, https:\/\/www.cycloclubmarvejolais.com\/wp-content\/uploads\/2016\/12\/la-bastide-015-768x576.jpg 768w, https:\/\/www.cycloclubmarvejolais.com\/wp-content\/uploads\/2016\/12\/la-bastide-015-600x450.jpg 600w, https:\/\/www.cycloclubmarvejolais.com\/wp-content\/uploads\/2016\/12\/la-bastide-015.jpg 1600w\" sizes=\"(max-width: 1024px) 100vw, 1024px\" \/><\/a>\n\t\t\t<\/dt><\/dl><dl class='gallery-item'>\n\t\t\t<dt class='gallery-icon landscape'>\n\t\t\t\t<a href='https:\/\/www.cycloclubmarvejolais.com\/wp-content\/uploads\/2016\/12\/la-bastide-014.jpg'><img loading=\"lazy\" decoding=\"async\" width=\"1024\" height=\"768\" src=\"https:\/\/www.cycloclubmarvejolais.com\/wp-content\/uploads\/2016\/12\/la-bastide-014-1024x768.jpg\" class=\"attachment-large size-large\" alt=\"\" srcset=\"https:\/\/www.cycloclubmarvejolais.com\/wp-content\/uploads\/2016\/12\/la-bastide-014-1024x768.jpg 1024w, https:\/\/www.cycloclubmarvejolais.com\/wp-content\/uploads\/2016\/12\/la-bastide-014-300x225.jpg 300w, https:\/\/www.cycloclubmarvejolais.com\/wp-content\/uploads\/2016\/12\/la-bastide-014-768x576.jpg 768w, https:\/\/www.cycloclubmarvejolais.com\/wp-content\/uploads\/2016\/12\/la-bastide-014-600x450.jpg 600w, https:\/\/www.cycloclubmarvejolais.com\/wp-content\/uploads\/2016\/12\/la-bastide-014.jpg 1600w\" sizes=\"(max-width: 1024px) 100vw, 1024px\" \/><\/a>\n\t\t\t<\/dt><\/dl><dl class='gallery-item'>\n\t\t\t<dt class='gallery-icon landscape'>\n\t\t\t\t<a href='https:\/\/www.cycloclubmarvejolais.com\/wp-content\/uploads\/2016\/12\/la-bastide-013.jpg'><img loading=\"lazy\" decoding=\"async\" width=\"1024\" height=\"768\" src=\"https:\/\/www.cycloclubmarvejolais.com\/wp-content\/uploads\/2016\/12\/la-bastide-013-1024x768.jpg\" class=\"attachment-large size-large\" alt=\"\" srcset=\"https:\/\/www.cycloclubmarvejolais.com\/wp-content\/uploads\/2016\/12\/la-bastide-013-1024x768.jpg 1024w, https:\/\/www.cycloclubmarvejolais.com\/wp-content\/uploads\/2016\/12\/la-bastide-013-300x225.jpg 300w, https:\/\/www.cycloclubmarvejolais.com\/wp-content\/uploads\/2016\/12\/la-bastide-013-768x576.jpg 768w, https:\/\/www.cycloclubmarvejolais.com\/wp-content\/uploads\/2016\/12\/la-bastide-013-600x450.jpg 600w, https:\/\/www.cycloclubmarvejolais.com\/wp-content\/uploads\/2016\/12\/la-bastide-013.jpg 1600w\" sizes=\"(max-width: 1024px) 100vw, 1024px\" \/><\/a>\n\t\t\t<\/dt><\/dl><br style=\"clear: both\" \/><dl class='gallery-item'>\n\t\t\t<dt class='gallery-icon landscape'>\n\t\t\t\t<a href='https:\/\/www.cycloclubmarvejolais.com\/wp-content\/uploads\/2016\/12\/la-bastide-012.jpg'><img loading=\"lazy\" decoding=\"async\" width=\"1024\" height=\"768\" src=\"https:\/\/www.cycloclubmarvejolais.com\/wp-content\/uploads\/2016\/12\/la-bastide-012-1024x768.jpg\" class=\"attachment-large size-large\" alt=\"\" srcset=\"https:\/\/www.cycloclubmarvejolais.com\/wp-content\/uploads\/2016\/12\/la-bastide-012-1024x768.jpg 1024w, https:\/\/www.cycloclubmarvejolais.com\/wp-content\/uploads\/2016\/12\/la-bastide-012-300x225.jpg 300w, https:\/\/www.cycloclubmarvejolais.com\/wp-content\/uploads\/2016\/12\/la-bastide-012-768x576.jpg 768w, https:\/\/www.cycloclubmarvejolais.com\/wp-content\/uploads\/2016\/12\/la-bastide-012-600x450.jpg 600w, https:\/\/www.cycloclubmarvejolais.com\/wp-content\/uploads\/2016\/12\/la-bastide-012.jpg 1600w\" sizes=\"(max-width: 1024px) 100vw, 1024px\" \/><\/a>\n\t\t\t<\/dt><\/dl><dl class='gallery-item'>\n\t\t\t<dt class='gallery-icon landscape'>\n\t\t\t\t<a href='https:\/\/www.cycloclubmarvejolais.com\/wp-content\/uploads\/2016\/12\/la-bastide-010.jpg'><img loading=\"lazy\" decoding=\"async\" width=\"1024\" height=\"768\" src=\"https:\/\/www.cycloclubmarvejolais.com\/wp-content\/uploads\/2016\/12\/la-bastide-010-1024x768.jpg\" class=\"attachment-large size-large\" alt=\"\" srcset=\"https:\/\/www.cycloclubmarvejolais.com\/wp-content\/uploads\/2016\/12\/la-bastide-010-1024x768.jpg 1024w, https:\/\/www.cycloclubmarvejolais.com\/wp-content\/uploads\/2016\/12\/la-bastide-010-300x225.jpg 300w, https:\/\/www.cycloclubmarvejolais.com\/wp-content\/uploads\/2016\/12\/la-bastide-010-768x576.jpg 768w, https:\/\/www.cycloclubmarvejolais.com\/wp-content\/uploads\/2016\/12\/la-bastide-010-600x450.jpg 600w, https:\/\/www.cycloclubmarvejolais.com\/wp-content\/uploads\/2016\/12\/la-bastide-010.jpg 1600w\" sizes=\"(max-width: 1024px) 100vw, 1024px\" \/><\/a>\n\t\t\t<\/dt><\/dl><dl class='gallery-item'>\n\t\t\t<dt class='gallery-icon landscape'>\n\t\t\t\t<a href='https:\/\/www.cycloclubmarvejolais.com\/wp-content\/uploads\/2016\/12\/la-bastide-009.jpg'><img loading=\"lazy\" decoding=\"async\" width=\"1024\" height=\"768\" src=\"https:\/\/www.cycloclubmarvejolais.com\/wp-content\/uploads\/2016\/12\/la-bastide-009-1024x768.jpg\" class=\"attachment-large size-large\" alt=\"\" srcset=\"https:\/\/www.cycloclubmarvejolais.com\/wp-content\/uploads\/2016\/12\/la-bastide-009-1024x768.jpg 1024w, https:\/\/www.cycloclubmarvejolais.com\/wp-content\/uploads\/2016\/12\/la-bastide-009-300x225.jpg 300w, https:\/\/www.cycloclubmarvejolais.com\/wp-content\/uploads\/2016\/12\/la-bastide-009-768x576.jpg 768w, https:\/\/www.cycloclubmarvejolais.com\/wp-content\/uploads\/2016\/12\/la-bastide-009-600x450.jpg 600w, https:\/\/www.cycloclubmarvejolais.com\/wp-content\/uploads\/2016\/12\/la-bastide-009.jpg 1600w\" sizes=\"(max-width: 1024px) 100vw, 1024px\" \/><\/a>\n\t\t\t<\/dt><\/dl><br style=\"clear: both\" \/><dl class='gallery-item'>\n\t\t\t<dt class='gallery-icon landscape'>\n\t\t\t\t<a href='https:\/\/www.cycloclubmarvejolais.com\/wp-content\/uploads\/2016\/12\/la-bastide-008.jpg'><img loading=\"lazy\" decoding=\"async\" width=\"1024\" height=\"768\" src=\"https:\/\/www.cycloclubmarvejolais.com\/wp-content\/uploads\/2016\/12\/la-bastide-008-1024x768.jpg\" class=\"attachment-large size-large\" alt=\"\" srcset=\"https:\/\/www.cycloclubmarvejolais.com\/wp-content\/uploads\/2016\/12\/la-bastide-008-1024x768.jpg 1024w, https:\/\/www.cycloclubmarvejolais.com\/wp-content\/uploads\/2016\/12\/la-bastide-008-300x225.jpg 300w, https:\/\/www.cycloclubmarvejolais.com\/wp-content\/uploads\/2016\/12\/la-bastide-008-768x576.jpg 768w, https:\/\/www.cycloclubmarvejolais.com\/wp-content\/uploads\/2016\/12\/la-bastide-008-600x450.jpg 600w, https:\/\/www.cycloclubmarvejolais.com\/wp-content\/uploads\/2016\/12\/la-bastide-008.jpg 1600w\" sizes=\"(max-width: 1024px) 100vw, 1024px\" \/><\/a>\n\t\t\t<\/dt><\/dl><dl class='gallery-item'>\n\t\t\t<dt class='gallery-icon landscape'>\n\t\t\t\t<a href='https:\/\/www.cycloclubmarvejolais.com\/wp-content\/uploads\/2016\/12\/la-bastide-007.jpg'><img loading=\"lazy\" decoding=\"async\" width=\"1024\" height=\"768\" src=\"https:\/\/www.cycloclubmarvejolais.com\/wp-content\/uploads\/2016\/12\/la-bastide-007-1024x768.jpg\" class=\"attachment-large size-large\" alt=\"\" srcset=\"https:\/\/www.cycloclubmarvejolais.com\/wp-content\/uploads\/2016\/12\/la-bastide-007-1024x768.jpg 1024w, https:\/\/www.cycloclubmarvejolais.com\/wp-content\/uploads\/2016\/12\/la-bastide-007-300x225.jpg 300w, https:\/\/www.cycloclubmarvejolais.com\/wp-content\/uploads\/2016\/12\/la-bastide-007-768x576.jpg 768w, https:\/\/www.cycloclubmarvejolais.com\/wp-content\/uploads\/2016\/12\/la-bastide-007-600x450.jpg 600w, https:\/\/www.cycloclubmarvejolais.com\/wp-content\/uploads\/2016\/12\/la-bastide-007.jpg 1600w\" sizes=\"(max-width: 1024px) 100vw, 1024px\" \/><\/a>\n\t\t\t<\/dt><\/dl><dl class='gallery-item'>\n\t\t\t<dt class='gallery-icon landscape'>\n\t\t\t\t<a href='https:\/\/www.cycloclubmarvejolais.com\/wp-content\/uploads\/2016\/12\/la-bastide-006.jpg'><img loading=\"lazy\" decoding=\"async\" width=\"1024\" height=\"768\" src=\"https:\/\/www.cycloclubmarvejolais.com\/wp-content\/uploads\/2016\/12\/la-bastide-006-1024x768.jpg\" class=\"attachment-large size-large\" alt=\"\" srcset=\"https:\/\/www.cycloclubmarvejolais.com\/wp-content\/uploads\/2016\/12\/la-bastide-006-1024x768.jpg 1024w, https:\/\/www.cycloclubmarvejolais.com\/wp-content\/uploads\/2016\/12\/la-bastide-006-300x225.jpg 300w, https:\/\/www.cycloclubmarvejolais.com\/wp-content\/uploads\/2016\/12\/la-bastide-006-768x576.jpg 768w, https:\/\/www.cycloclubmarvejolais.com\/wp-content\/uploads\/2016\/12\/la-bastide-006-600x450.jpg 600w, https:\/\/www.cycloclubmarvejolais.com\/wp-content\/uploads\/2016\/12\/la-bastide-006.jpg 1600w\" sizes=\"(max-width: 1024px) 100vw, 1024px\" \/><\/a>\n\t\t\t<\/dt><\/dl><br style=\"clear: both\" \/><dl class='gallery-item'>\n\t\t\t<dt class='gallery-icon landscape'>\n\t\t\t\t<a href='https:\/\/www.cycloclubmarvejolais.com\/wp-content\/uploads\/2016\/12\/la-bastide-005.jpg'><img loading=\"lazy\" decoding=\"async\" width=\"1024\" height=\"768\" src=\"https:\/\/www.cycloclubmarvejolais.com\/wp-content\/uploads\/2016\/12\/la-bastide-005-1024x768.jpg\" class=\"attachment-large size-large\" alt=\"\" srcset=\"https:\/\/www.cycloclubmarvejolais.com\/wp-content\/uploads\/2016\/12\/la-bastide-005-1024x768.jpg 1024w, https:\/\/www.cycloclubmarvejolais.com\/wp-content\/uploads\/2016\/12\/la-bastide-005-300x225.jpg 300w, https:\/\/www.cycloclubmarvejolais.com\/wp-content\/uploads\/2016\/12\/la-bastide-005-768x576.jpg 768w, https:\/\/www.cycloclubmarvejolais.com\/wp-content\/uploads\/2016\/12\/la-bastide-005-600x450.jpg 600w, https:\/\/www.cycloclubmarvejolais.com\/wp-content\/uploads\/2016\/12\/la-bastide-005.jpg 1600w\" sizes=\"(max-width: 1024px) 100vw, 1024px\" \/><\/a>\n\t\t\t<\/dt><\/dl><dl class='gallery-item'>\n\t\t\t<dt class='gallery-icon landscape'>\n\t\t\t\t<a href='https:\/\/www.cycloclubmarvejolais.com\/wp-content\/uploads\/2016\/12\/la-bastide-004.jpg'><img loading=\"lazy\" decoding=\"async\" width=\"1024\" height=\"768\" src=\"https:\/\/www.cycloclubmarvejolais.com\/wp-content\/uploads\/2016\/12\/la-bastide-004-1024x768.jpg\" class=\"attachment-large size-large\" alt=\"\" srcset=\"https:\/\/www.cycloclubmarvejolais.com\/wp-content\/uploads\/2016\/12\/la-bastide-004-1024x768.jpg 1024w, https:\/\/www.cycloclubmarvejolais.com\/wp-content\/uploads\/2016\/12\/la-bastide-004-300x225.jpg 300w, https:\/\/www.cycloclubmarvejolais.com\/wp-content\/uploads\/2016\/12\/la-bastide-004-768x576.jpg 768w, https:\/\/www.cycloclubmarvejolais.com\/wp-content\/uploads\/2016\/12\/la-bastide-004-600x450.jpg 600w, https:\/\/www.cycloclubmarvejolais.com\/wp-content\/uploads\/2016\/12\/la-bastide-004.jpg 1600w\" sizes=\"(max-width: 1024px) 100vw, 1024px\" \/><\/a>\n\t\t\t<\/dt><\/dl><dl class='gallery-item'>\n\t\t\t<dt class='gallery-icon landscape'>\n\t\t\t\t<a href='https:\/\/www.cycloclubmarvejolais.com\/wp-content\/uploads\/2016\/12\/la-bastide-003.jpg'><img loading=\"lazy\" decoding=\"async\" width=\"1024\" height=\"768\" src=\"https:\/\/www.cycloclubmarvejolais.com\/wp-content\/uploads\/2016\/12\/la-bastide-003-1024x768.jpg\" class=\"attachment-large size-large\" alt=\"\" srcset=\"https:\/\/www.cycloclubmarvejolais.com\/wp-content\/uploads\/2016\/12\/la-bastide-003-1024x768.jpg 1024w, https:\/\/www.cycloclubmarvejolais.com\/wp-content\/uploads\/2016\/12\/la-bastide-003-300x225.jpg 300w, https:\/\/www.cycloclubmarvejolais.com\/wp-content\/uploads\/2016\/12\/la-bastide-003-768x576.jpg 768w, https:\/\/www.cycloclubmarvejolais.com\/wp-content\/uploads\/2016\/12\/la-bastide-003-600x450.jpg 600w, https:\/\/www.cycloclubmarvejolais.com\/wp-content\/uploads\/2016\/12\/la-bastide-003.jpg 1600w\" sizes=\"(max-width: 1024px) 100vw, 1024px\" \/><\/a>\n\t\t\t<\/dt><\/dl><br style=\"clear: both\" \/><dl class='gallery-item'>\n\t\t\t<dt class='gallery-icon landscape'>\n\t\t\t\t<a href='https:\/\/www.cycloclubmarvejolais.com\/wp-content\/uploads\/2016\/12\/la-bastide-001.jpg'><img loading=\"lazy\" decoding=\"async\" width=\"1024\" height=\"768\" src=\"https:\/\/www.cycloclubmarvejolais.com\/wp-content\/uploads\/2016\/12\/la-bastide-001-1024x768.jpg\" class=\"attachment-large size-large\" alt=\"\" srcset=\"https:\/\/www.cycloclubmarvejolais.com\/wp-content\/uploads\/2016\/12\/la-bastide-001-1024x768.jpg 1024w, https:\/\/www.cycloclubmarvejolais.com\/wp-content\/uploads\/2016\/12\/la-bastide-001-300x225.jpg 300w, https:\/\/www.cycloclubmarvejolais.com\/wp-content\/uploads\/2016\/12\/la-bastide-001-768x576.jpg 768w, https:\/\/www.cycloclubmarvejolais.com\/wp-content\/uploads\/2016\/12\/la-bastide-001-600x450.jpg 600w, https:\/\/www.cycloclubmarvejolais.com\/wp-content\/uploads\/2016\/12\/la-bastide-001.jpg 1600w\" sizes=\"(max-width: 1024px) 100vw, 1024px\" \/><\/a>\n\t\t\t<\/dt><\/dl>\n\t\t\t<br style='clear: both' \/>\n\t\t<\/div>\n\n<p>[\/usersultra_protect_content]<\/p>\n<div class=\"Corps-P-P0\"><\/div>\n<\/div>\n","protected":false},"excerpt":{"rendered":"<p>S\u2019il doit rester une rando dans les annales du club , ce sera celle- ci car \u00a0dame M\u00e9t\u00e9o y ayant mis son grain de&#46;&#46;&#46;<\/p>\n","protected":false},"author":1,"featured_media":1341,"comment_status":"open","ping_status":"open","sticky":false,"template":"","format":"standard","meta":{"footnotes":""},"categories":[49],"tags":[],"_links":{"self":[{"href":"https:\/\/www.cycloclubmarvejolais.com\/index.php?rest_route=\/wp\/v2\/posts\/1306"}],"collection":[{"href":"https:\/\/www.cycloclubmarvejolais.com\/index.php?rest_route=\/wp\/v2\/posts"}],"about":[{"href":"https:\/\/www.cycloclubmarvejolais.com\/index.php?rest_route=\/wp\/v2\/types\/post"}],"author":[{"embeddable":true,"href":"https:\/\/www.cycloclubmarvejolais.com\/index.php?rest_route=\/wp\/v2\/users\/1"}],"replies":[{"embeddable":true,"href":"https:\/\/www.cycloclubmarvejolais.com\/index.php?rest_route=%2Fwp%2Fv2%2Fcomments&post=1306"}],"version-history":[{"count":5,"href":"https:\/\/www.cycloclubmarvejolais.com\/index.php?rest_route=\/wp\/v2\/posts\/1306\/revisions"}],"predecessor-version":[{"id":1551,"href":"https:\/\/www.cycloclubmarvejolais.com\/index.php?rest_route=\/wp\/v2\/posts\/1306\/revisions\/1551"}],"wp:featuredmedia":[{"embeddable":true,"href":"https:\/\/www.cycloclubmarvejolais.com\/index.php?rest_route=\/wp\/v2\/media\/1341"}],"wp:attachment":[{"href":"https:\/\/www.cycloclubmarvejolais.com\/index.php?rest_route=%2Fwp%2Fv2%2Fmedia&parent=1306"}],"wp:term":[{"taxonomy":"category","embeddable":true,"href":"https:\/\/www.cycloclubmarvejolais.com\/index.php?rest_route=%2Fwp%2Fv2%2Fcategories&post=1306"},{"taxonomy":"post_tag","embeddable":true,"href":"https:\/\/www.cycloclubmarvejolais.com\/index.php?rest_route=%2Fwp%2Fv2%2Ftags&post=1306"}],"curies":[{"name":"wp","href":"https:\/\/api.w.org\/{rel}","templated":true}]}}