{"id":1352,"date":"2013-06-05T15:15:00","date_gmt":"2013-06-05T13:15:00","guid":{"rendered":"http:\/\/www.cycloclubmarvejolais.com\/?p=1352"},"modified":"2024-01-02T00:19:31","modified_gmt":"2024-01-01T23:19:31","slug":"saint-enimie-journee-a-120-km","status":"publish","type":"post","link":"https:\/\/www.cycloclubmarvejolais.com\/?p=1352","title":{"rendered":"Saint-Enimie &#8211; Journ\u00e9e \u00e0 120 km"},"content":{"rendered":"<div>\n<h4 class=\"Corps-P\"><span class=\"Corps-C\"> <a href=\"http:\/\/www.cycloclubmarvejolais.com\/wp-content\/uploads\/2016\/12\/st-enimie-002.jpg\"><img loading=\"lazy\" decoding=\"async\" class=\"alignleft size-medium wp-image-1355\" src=\"http:\/\/www.cycloclubmarvejolais.com\/wp-content\/uploads\/2016\/12\/st-enimie-002-300x225.jpg\" alt=\"\" width=\"300\" height=\"225\" srcset=\"https:\/\/www.cycloclubmarvejolais.com\/wp-content\/uploads\/2016\/12\/st-enimie-002-300x225.jpg 300w, https:\/\/www.cycloclubmarvejolais.com\/wp-content\/uploads\/2016\/12\/st-enimie-002-768x576.jpg 768w, https:\/\/www.cycloclubmarvejolais.com\/wp-content\/uploads\/2016\/12\/st-enimie-002-1024x768.jpg 1024w, https:\/\/www.cycloclubmarvejolais.com\/wp-content\/uploads\/2016\/12\/st-enimie-002-600x450.jpg 600w, https:\/\/www.cycloclubmarvejolais.com\/wp-content\/uploads\/2016\/12\/st-enimie-002.jpg 1600w\" sizes=\"(max-width: 300px) 100vw, 300px\" \/><\/a>LES GORGES DU TARN<\/span><\/h4>\n<div id=\"txt_368\">\n<p class=\"Corps-P-P0\"><span class=\"Corps-C-C1\">La \u00a0m\u00e9t\u00e9o ayant bien voulu nous accorder une tr\u00eave, c\u2019est pour une randonn\u00e9e \u00e0 la journ\u00e9e dans les gorges du Tarn et de la Jonte que nous nous sommes rendus ce Mercredi 5 \u00a0juin sur l\u2019initiative d\u2019Alain DURAND \u00a0qui en a concoct\u00e9 le circuit et organis\u00e9 la logistique.<\/span><\/p>\n<p class=\"Corps-P-P0\"><span class=\"Corps-C-C1\">Au d\u00e9part de st Enimie vers 9 heures, nous avons parcouru les gorges du Tarn avec une premi\u00e8re pause touristique \u00e0 st Ch\u00e9ly du Tarn. Si des panneaux indiquaient une route barr\u00e9e \u00e0 l<a href=\"http:\/\/www.cycloclubmarvejolais.com\/wp-content\/uploads\/2016\/12\/st-enimie-017.jpg\"><img loading=\"lazy\" decoding=\"async\" class=\"size-medium wp-image-1356 alignright\" src=\"http:\/\/www.cycloclubmarvejolais.com\/wp-content\/uploads\/2016\/12\/st-enimie-017-300x225.jpg\" alt=\"\" width=\"300\" height=\"225\" srcset=\"https:\/\/www.cycloclubmarvejolais.com\/wp-content\/uploads\/2016\/12\/st-enimie-017-300x225.jpg 300w, https:\/\/www.cycloclubmarvejolais.com\/wp-content\/uploads\/2016\/12\/st-enimie-017-768x576.jpg 768w, https:\/\/www.cycloclubmarvejolais.com\/wp-content\/uploads\/2016\/12\/st-enimie-017-1024x768.jpg 1024w, https:\/\/www.cycloclubmarvejolais.com\/wp-content\/uploads\/2016\/12\/st-enimie-017-600x450.jpg 600w, https:\/\/www.cycloclubmarvejolais.com\/wp-content\/uploads\/2016\/12\/st-enimie-017.jpg 1600w\" sizes=\"(max-width: 300px) 100vw, 300px\" \/><\/a>a mal\u00e8ne, nous avons pu cependant continuer le parcours sans encombre avec le b\u00e9n\u00e9fice \u00a0d\u2019une absence totale de voiture \u00a0\u00ab\u00a0\u00a0le r\u00eave du cyclo\u00a0\u00bb<\/span><\/p>\n<p class=\"Corps-P-P0\"><span class=\"Corps-C-C1\">La seconde pause eut lieu au rozier avec une pause caf\u00e9 et biscuits secs \u00a0offerts par Mireille ( \u00e0 qui nous n\u2019avons pas pu arracher la recette, et pourtant\u2026), enfin nous attaquions la mont\u00e9e vers \u00ab\u00a0les douzes\u00a0\u00bb o\u00f9 la pause repas \u00e9tait pr\u00e9vue<\/span><\/p>\n<p class=\"Corps-P-P0\"><span class=\"Corps-C-C1\">Si nous avons fort appr\u00e9ci\u00e9 le repas et autres (?), le retour \u00e0 la r\u00e9alit\u00e9 vers la c\u00f4te de Meyrueix et l\u2019ascension du perjuret \u00a0fut \u00a0douloureuse \u00a0pour un cyclo que je ne nommerai pas mais certains m\u2019auront reconnu, et je pus donc rallier le col avec l\u2019aide de gardes du corps \u00a0qui m\u2019ont bien encourag\u00e9.<\/span><\/p>\n<p class=\"Corps-P-P0\"><span class=\"Corps-C-C1\"><a href=\"http:\/\/www.cycloclubmarvejolais.com\/wp-content\/uploads\/2016\/12\/IMG_7126.jpg\"><img loading=\"lazy\" decoding=\"async\" class=\"size-medium wp-image-1354 alignright\" src=\"http:\/\/www.cycloclubmarvejolais.com\/wp-content\/uploads\/2016\/12\/IMG_7126-300x169.jpg\" alt=\"\" width=\"300\" height=\"169\" srcset=\"https:\/\/www.cycloclubmarvejolais.com\/wp-content\/uploads\/2016\/12\/IMG_7126-300x169.jpg 300w, https:\/\/www.cycloclubmarvejolais.com\/wp-content\/uploads\/2016\/12\/IMG_7126-768x432.jpg 768w, https:\/\/www.cycloclubmarvejolais.com\/wp-content\/uploads\/2016\/12\/IMG_7126-1024x576.jpg 1024w, https:\/\/www.cycloclubmarvejolais.com\/wp-content\/uploads\/2016\/12\/IMG_7126-600x338.jpg 600w, https:\/\/www.cycloclubmarvejolais.com\/wp-content\/uploads\/2016\/12\/IMG_7126.jpg 1600w\" sizes=\"(max-width: 300px) 100vw, 300px\" \/><\/a>Les derniers kilom\u00e8tres pour un retour \u00e0 st Enimie furent plus faciles et vers 18 heures les 120 kms \u00e9taient align\u00e9s au compteur cette rando fut encore une fois accompagn\u00e9e par notre fid\u00e8le Ren\u00e9 \u00a0gr\u00e2ce \u00e0 qui nous pouvons rouler en toute s\u00e9r\u00e9nit\u00e9.<\/span><\/p>\n<p class=\"Corps-P-P0\"><span class=\"Corps-C-C1\">Au bilan, une reprise que nous attendions avec impatience car les sorties \u00e0 la journ\u00e9e regroupent tous les cyclos quel que soient leur niveau \u00a0et cette journ\u00e9e fut une r\u00e9elle r\u00e9ussite. D\u2019autres sont d\u00e9j\u00e0 annonc\u00e9es , esp\u00e9rons que la m\u00e9t\u00e9o voudra se mettre d\u00e9finitivement au beau fixe pour les r\u00e9aliser.<a href=\"http:\/\/www.cycloclubmarvejolais.com\/wp-content\/uploads\/2016\/12\/IMG_7124.jpg\"><img loading=\"lazy\" decoding=\"async\" class=\"alignleft size-medium wp-image-1353\" src=\"http:\/\/www.cycloclubmarvejolais.com\/wp-content\/uploads\/2016\/12\/IMG_7124-300x169.jpg\" alt=\"\" width=\"300\" height=\"169\" srcset=\"https:\/\/www.cycloclubmarvejolais.com\/wp-content\/uploads\/2016\/12\/IMG_7124-300x169.jpg 300w, https:\/\/www.cycloclubmarvejolais.com\/wp-content\/uploads\/2016\/12\/IMG_7124-768x432.jpg 768w, https:\/\/www.cycloclubmarvejolais.com\/wp-content\/uploads\/2016\/12\/IMG_7124-1024x576.jpg 1024w, https:\/\/www.cycloclubmarvejolais.com\/wp-content\/uploads\/2016\/12\/IMG_7124-600x338.jpg 600w, https:\/\/www.cycloclubmarvejolais.com\/wp-content\/uploads\/2016\/12\/IMG_7124.jpg 1600w\" sizes=\"(max-width: 300px) 100vw, 300px\" \/><\/a><\/span><\/p>\n<p class=\"Corps-P-P0\">\n<\/div>\n<\/div>\n","protected":false},"excerpt":{"rendered":"<p>LES GORGES DU TARN La \u00a0m\u00e9t\u00e9o ayant bien voulu nous accorder une tr\u00eave, c\u2019est pour une randonn\u00e9e \u00e0 la journ\u00e9e dans les gorges du&#46;&#46;&#46;<\/p>\n","protected":false},"author":1,"featured_media":1355,"comment_status":"open","ping_status":"open","sticky":false,"template":"","format":"standard","meta":{"footnotes":""},"categories":[49],"tags":[],"_links":{"self":[{"href":"https:\/\/www.cycloclubmarvejolais.com\/index.php?rest_route=\/wp\/v2\/posts\/1352"}],"collection":[{"href":"https:\/\/www.cycloclubmarvejolais.com\/index.php?rest_route=\/wp\/v2\/posts"}],"about":[{"href":"https:\/\/www.cycloclubmarvejolais.com\/index.php?rest_route=\/wp\/v2\/types\/post"}],"author":[{"embeddable":true,"href":"https:\/\/www.cycloclubmarvejolais.com\/index.php?rest_route=\/wp\/v2\/users\/1"}],"replies":[{"embeddable":true,"href":"https:\/\/www.cycloclubmarvejolais.com\/index.php?rest_route=%2Fwp%2Fv2%2Fcomments&post=1352"}],"version-history":[{"count":2,"href":"https:\/\/www.cycloclubmarvejolais.com\/index.php?rest_route=\/wp\/v2\/posts\/1352\/revisions"}],"predecessor-version":[{"id":1358,"href":"https:\/\/www.cycloclubmarvejolais.com\/index.php?rest_route=\/wp\/v2\/posts\/1352\/revisions\/1358"}],"wp:featuredmedia":[{"embeddable":true,"href":"https:\/\/www.cycloclubmarvejolais.com\/index.php?rest_route=\/wp\/v2\/media\/1355"}],"wp:attachment":[{"href":"https:\/\/www.cycloclubmarvejolais.com\/index.php?rest_route=%2Fwp%2Fv2%2Fmedia&parent=1352"}],"wp:term":[{"taxonomy":"category","embeddable":true,"href":"https:\/\/www.cycloclubmarvejolais.com\/index.php?rest_route=%2Fwp%2Fv2%2Fcategories&post=1352"},{"taxonomy":"post_tag","embeddable":true,"href":"https:\/\/www.cycloclubmarvejolais.com\/index.php?rest_route=%2Fwp%2Fv2%2Ftags&post=1352"}],"curies":[{"name":"wp","href":"https:\/\/api.w.org\/{rel}","templated":true}]}}