{"id":1430,"date":"2013-05-25T15:33:32","date_gmt":"2013-05-25T13:33:32","guid":{"rendered":"http:\/\/www.cycloclubmarvejolais.com\/?p=1430"},"modified":"2024-01-02T00:19:17","modified_gmt":"2024-01-01T23:19:17","slug":"randonnee-patrick-combette-2013","status":"publish","type":"post","link":"https:\/\/www.cycloclubmarvejolais.com\/?p=1430","title":{"rendered":"Randonn\u00e9e Patrick Combette 2013"},"content":{"rendered":"<p class=\"Wp-Corps-P\"><span class=\"Corps-C-C1\">La m\u00e9t\u00e9o ex\u00e9crable a bien voulu sourire aux organisateurs de la randonn\u00e9e souvenir \u00ab\u00a0\u00a0Patrick COMBETTE\u00a0\u00bb organis\u00e9e par les cyclos du malpas \u00e0 la canourgue.<\/span><\/p>\n<p class=\"Wp-Corps-P\"><span class=\"Corps-C-C1\">9 marvejolais ont donc r\u00e9pondu \u00e0 cette invitation \u00a0et se sont pr\u00e9sent\u00e9s vers 8h 30 pour les inscriptions, apr\u00e8s avoir pris une collation toujours la bienvenue, surtout lorsque le thermom\u00e8tre affiche les 4\u00b0, le groupe s\u2019est scind\u00e9e en deux sur les deux parcours. G\u00e9rard et Gilbert ont r\u00e9alis\u00e9 le petit parcours tandis que Michel, Denis, Jacky,Jean, Louis , Alain, et Josette \u00a0ont opt\u00e9 pour le 88kms.<\/span><\/p>\n<p class=\"Wp-Corps-P\"><span class=\"Corps-C-C1\">Au fil des kilom\u00e8tres le soleil a r\u00e9chauff\u00e9 les organismes et ont surtout permis aux cyclos de profiter pleinement de cette promenade en direction de l\u2019Aveyron.<\/span><\/p>\n<p class=\"Wp-Corps-P\"><span class=\"Corps-C-C1\">Comme toujours , les efforts trouvent r\u00e9compense autour d\u2019une bonne table ou r\u00e8gnent bonne humeur et camaraderie.<\/span><\/p>\n<p class=\"Wp-Corps-P\"><span class=\"Corps-C-C1\">Merci encore aux organisteurs et aux participants qui par leur pr\u00e9sence \u00a0les remercient de leurs efforts, et \u00e0 la prochaine.<\/span><\/p>\n\n\t\t<style>\n\t\t\t#gallery-1 {\n\t\t\t\tmargin: auto;\n\t\t\t}\n\t\t\t#gallery-1 .gallery-item {\n\t\t\t\tfloat: left;\n\t\t\t\tmargin-top: 10px;\n\t\t\t\ttext-align: center;\n\t\t\t\twidth: 33%;\n\t\t\t}\n\t\t\t#gallery-1 img {\n\t\t\t\tborder: 2px solid #cfcfcf;\n\t\t\t}\n\t\t\t#gallery-1 .gallery-caption {\n\t\t\t\tmargin-left: 0;\n\t\t\t}\n\t\t\t\/* see gallery_shortcode() in wp-includes\/media.php *\/\n\t\t<\/style>\n\t\t<div id='gallery-1' class='gallery galleryid-1430 gallery-columns-3 gallery-size-thumbnail'><dl class='gallery-item'>\n\t\t\t<dt class='gallery-icon landscape'>\n\t\t\t\t<a href='https:\/\/www.cycloclubmarvejolais.com\/wp-content\/uploads\/2016\/12\/033.jpg'><img loading=\"lazy\" decoding=\"async\" width=\"150\" height=\"150\" src=\"https:\/\/www.cycloclubmarvejolais.com\/wp-content\/uploads\/2016\/12\/033-150x150.jpg\" class=\"attachment-thumbnail size-thumbnail\" alt=\"\" srcset=\"https:\/\/www.cycloclubmarvejolais.com\/wp-content\/uploads\/2016\/12\/033-150x150.jpg 150w, https:\/\/www.cycloclubmarvejolais.com\/wp-content\/uploads\/2016\/12\/033-160x160.jpg 160w, https:\/\/www.cycloclubmarvejolais.com\/wp-content\/uploads\/2016\/12\/033-320x320.jpg 320w\" sizes=\"(max-width: 150px) 100vw, 150px\" \/><\/a>\n\t\t\t<\/dt><\/dl><dl class='gallery-item'>\n\t\t\t<dt class='gallery-icon landscape'>\n\t\t\t\t<a href='https:\/\/www.cycloclubmarvejolais.com\/wp-content\/uploads\/2016\/12\/032.jpg'><img loading=\"lazy\" decoding=\"async\" width=\"150\" height=\"150\" src=\"https:\/\/www.cycloclubmarvejolais.com\/wp-content\/uploads\/2016\/12\/032-150x150.jpg\" class=\"attachment-thumbnail size-thumbnail\" alt=\"\" srcset=\"https:\/\/www.cycloclubmarvejolais.com\/wp-content\/uploads\/2016\/12\/032-150x150.jpg 150w, https:\/\/www.cycloclubmarvejolais.com\/wp-content\/uploads\/2016\/12\/032-160x160.jpg 160w, https:\/\/www.cycloclubmarvejolais.com\/wp-content\/uploads\/2016\/12\/032-320x320.jpg 320w\" sizes=\"(max-width: 150px) 100vw, 150px\" \/><\/a>\n\t\t\t<\/dt><\/dl><dl class='gallery-item'>\n\t\t\t<dt class='gallery-icon landscape'>\n\t\t\t\t<a href='https:\/\/www.cycloclubmarvejolais.com\/wp-content\/uploads\/2016\/12\/031-1.jpg'><img loading=\"lazy\" decoding=\"async\" width=\"150\" height=\"150\" src=\"https:\/\/www.cycloclubmarvejolais.com\/wp-content\/uploads\/2016\/12\/031-1-150x150.jpg\" class=\"attachment-thumbnail size-thumbnail\" alt=\"\" srcset=\"https:\/\/www.cycloclubmarvejolais.com\/wp-content\/uploads\/2016\/12\/031-1-150x150.jpg 150w, https:\/\/www.cycloclubmarvejolais.com\/wp-content\/uploads\/2016\/12\/031-1-160x160.jpg 160w, https:\/\/www.cycloclubmarvejolais.com\/wp-content\/uploads\/2016\/12\/031-1-320x320.jpg 320w\" sizes=\"(max-width: 150px) 100vw, 150px\" \/><\/a>\n\t\t\t<\/dt><\/dl><br style=\"clear: both\" \/><dl class='gallery-item'>\n\t\t\t<dt class='gallery-icon landscape'>\n\t\t\t\t<a href='https:\/\/www.cycloclubmarvejolais.com\/wp-content\/uploads\/2016\/12\/030.jpg'><img loading=\"lazy\" decoding=\"async\" width=\"150\" height=\"150\" src=\"https:\/\/www.cycloclubmarvejolais.com\/wp-content\/uploads\/2016\/12\/030-150x150.jpg\" class=\"attachment-thumbnail size-thumbnail\" alt=\"\" aria-describedby=\"gallery-1-1437\" srcset=\"https:\/\/www.cycloclubmarvejolais.com\/wp-content\/uploads\/2016\/12\/030-150x150.jpg 150w, https:\/\/www.cycloclubmarvejolais.com\/wp-content\/uploads\/2016\/12\/030-160x160.jpg 160w, https:\/\/www.cycloclubmarvejolais.com\/wp-content\/uploads\/2016\/12\/030-320x320.jpg 320w\" sizes=\"(max-width: 150px) 100vw, 150px\" \/><\/a>\n\t\t\t<\/dt>\n\t\t\t\t<dd class='wp-caption-text gallery-caption' id='gallery-1-1437'>\n\t\t\t\tTranquille !\n\t\t\t\t<\/dd><\/dl><dl class='gallery-item'>\n\t\t\t<dt class='gallery-icon landscape'>\n\t\t\t\t<a href='https:\/\/www.cycloclubmarvejolais.com\/wp-content\/uploads\/2016\/12\/029.jpg'><img loading=\"lazy\" decoding=\"async\" width=\"150\" height=\"150\" src=\"https:\/\/www.cycloclubmarvejolais.com\/wp-content\/uploads\/2016\/12\/029-150x150.jpg\" class=\"attachment-thumbnail size-thumbnail\" alt=\"\" aria-describedby=\"gallery-1-1436\" srcset=\"https:\/\/www.cycloclubmarvejolais.com\/wp-content\/uploads\/2016\/12\/029-150x150.jpg 150w, https:\/\/www.cycloclubmarvejolais.com\/wp-content\/uploads\/2016\/12\/029-160x160.jpg 160w, https:\/\/www.cycloclubmarvejolais.com\/wp-content\/uploads\/2016\/12\/029-320x320.jpg 320w\" sizes=\"(max-width: 150px) 100vw, 150px\" \/><\/a>\n\t\t\t<\/dt>\n\t\t\t\t<dd class='wp-caption-text gallery-caption' id='gallery-1-1436'>\n\t\t\t\tMais o\u00f9 va-t-on ?\n\t\t\t\t<\/dd><\/dl><dl class='gallery-item'>\n\t\t\t<dt class='gallery-icon landscape'>\n\t\t\t\t<a href='https:\/\/www.cycloclubmarvejolais.com\/wp-content\/uploads\/2016\/12\/028-1.jpg'><img loading=\"lazy\" decoding=\"async\" width=\"150\" height=\"150\" src=\"https:\/\/www.cycloclubmarvejolais.com\/wp-content\/uploads\/2016\/12\/028-1-150x150.jpg\" class=\"attachment-thumbnail size-thumbnail\" alt=\"\" srcset=\"https:\/\/www.cycloclubmarvejolais.com\/wp-content\/uploads\/2016\/12\/028-1-150x150.jpg 150w, https:\/\/www.cycloclubmarvejolais.com\/wp-content\/uploads\/2016\/12\/028-1-160x160.jpg 160w, https:\/\/www.cycloclubmarvejolais.com\/wp-content\/uploads\/2016\/12\/028-1-320x320.jpg 320w\" sizes=\"(max-width: 150px) 100vw, 150px\" \/><\/a>\n\t\t\t<\/dt><\/dl><br style=\"clear: both\" \/><dl class='gallery-item'>\n\t\t\t<dt class='gallery-icon landscape'>\n\t\t\t\t<a href='https:\/\/www.cycloclubmarvejolais.com\/wp-content\/uploads\/2016\/12\/027.jpg'><img loading=\"lazy\" decoding=\"async\" width=\"150\" height=\"150\" src=\"https:\/\/www.cycloclubmarvejolais.com\/wp-content\/uploads\/2016\/12\/027-150x150.jpg\" class=\"attachment-thumbnail size-thumbnail\" alt=\"\" srcset=\"https:\/\/www.cycloclubmarvejolais.com\/wp-content\/uploads\/2016\/12\/027-150x150.jpg 150w, https:\/\/www.cycloclubmarvejolais.com\/wp-content\/uploads\/2016\/12\/027-160x160.jpg 160w, https:\/\/www.cycloclubmarvejolais.com\/wp-content\/uploads\/2016\/12\/027-320x320.jpg 320w\" sizes=\"(max-width: 150px) 100vw, 150px\" \/><\/a>\n\t\t\t<\/dt><\/dl><dl class='gallery-item'>\n\t\t\t<dt class='gallery-icon landscape'>\n\t\t\t\t<a href='https:\/\/www.cycloclubmarvejolais.com\/wp-content\/uploads\/2016\/12\/026.jpg'><img loading=\"lazy\" decoding=\"async\" width=\"150\" height=\"150\" src=\"https:\/\/www.cycloclubmarvejolais.com\/wp-content\/uploads\/2016\/12\/026-150x150.jpg\" class=\"attachment-thumbnail size-thumbnail\" alt=\"\" srcset=\"https:\/\/www.cycloclubmarvejolais.com\/wp-content\/uploads\/2016\/12\/026-150x150.jpg 150w, https:\/\/www.cycloclubmarvejolais.com\/wp-content\/uploads\/2016\/12\/026-160x160.jpg 160w, https:\/\/www.cycloclubmarvejolais.com\/wp-content\/uploads\/2016\/12\/026-320x320.jpg 320w\" sizes=\"(max-width: 150px) 100vw, 150px\" \/><\/a>\n\t\t\t<\/dt><\/dl><dl class='gallery-item'>\n\t\t\t<dt class='gallery-icon landscape'>\n\t\t\t\t<a href='https:\/\/www.cycloclubmarvejolais.com\/wp-content\/uploads\/2016\/12\/025-1.jpg'><img loading=\"lazy\" decoding=\"async\" width=\"150\" height=\"150\" src=\"https:\/\/www.cycloclubmarvejolais.com\/wp-content\/uploads\/2016\/12\/025-1-150x150.jpg\" class=\"attachment-thumbnail size-thumbnail\" alt=\"\" srcset=\"https:\/\/www.cycloclubmarvejolais.com\/wp-content\/uploads\/2016\/12\/025-1-150x150.jpg 150w, https:\/\/www.cycloclubmarvejolais.com\/wp-content\/uploads\/2016\/12\/025-1-160x160.jpg 160w, https:\/\/www.cycloclubmarvejolais.com\/wp-content\/uploads\/2016\/12\/025-1-320x320.jpg 320w\" sizes=\"(max-width: 150px) 100vw, 150px\" \/><\/a>\n\t\t\t<\/dt><\/dl><br style=\"clear: both\" \/><dl class='gallery-item'>\n\t\t\t<dt class='gallery-icon landscape'>\n\t\t\t\t<a href='https:\/\/www.cycloclubmarvejolais.com\/wp-content\/uploads\/2016\/12\/024.jpg'><img loading=\"lazy\" decoding=\"async\" width=\"150\" height=\"150\" src=\"https:\/\/www.cycloclubmarvejolais.com\/wp-content\/uploads\/2016\/12\/024-150x150.jpg\" class=\"attachment-thumbnail size-thumbnail\" alt=\"\" srcset=\"https:\/\/www.cycloclubmarvejolais.com\/wp-content\/uploads\/2016\/12\/024-150x150.jpg 150w, https:\/\/www.cycloclubmarvejolais.com\/wp-content\/uploads\/2016\/12\/024-160x160.jpg 160w, https:\/\/www.cycloclubmarvejolais.com\/wp-content\/uploads\/2016\/12\/024-320x320.jpg 320w\" sizes=\"(max-width: 150px) 100vw, 150px\" \/><\/a>\n\t\t\t<\/dt><\/dl>\n\t\t\t<br style='clear: both' \/>\n\t\t<\/div>\n\n","protected":false},"excerpt":{"rendered":"<p>La m\u00e9t\u00e9o ex\u00e9crable a bien voulu sourire aux organisateurs de la randonn\u00e9e souvenir \u00ab\u00a0\u00a0Patrick COMBETTE\u00a0\u00bb organis\u00e9e par les cyclos du malpas \u00e0 la canourgue.&#46;&#46;&#46;<\/p>\n","protected":false},"author":1,"featured_media":1437,"comment_status":"open","ping_status":"open","sticky":false,"template":"","format":"standard","meta":{"footnotes":""},"categories":[49],"tags":[],"_links":{"self":[{"href":"https:\/\/www.cycloclubmarvejolais.com\/index.php?rest_route=\/wp\/v2\/posts\/1430"}],"collection":[{"href":"https:\/\/www.cycloclubmarvejolais.com\/index.php?rest_route=\/wp\/v2\/posts"}],"about":[{"href":"https:\/\/www.cycloclubmarvejolais.com\/index.php?rest_route=\/wp\/v2\/types\/post"}],"author":[{"embeddable":true,"href":"https:\/\/www.cycloclubmarvejolais.com\/index.php?rest_route=\/wp\/v2\/users\/1"}],"replies":[{"embeddable":true,"href":"https:\/\/www.cycloclubmarvejolais.com\/index.php?rest_route=%2Fwp%2Fv2%2Fcomments&post=1430"}],"version-history":[{"count":4,"href":"https:\/\/www.cycloclubmarvejolais.com\/index.php?rest_route=\/wp\/v2\/posts\/1430\/revisions"}],"predecessor-version":[{"id":1444,"href":"https:\/\/www.cycloclubmarvejolais.com\/index.php?rest_route=\/wp\/v2\/posts\/1430\/revisions\/1444"}],"wp:featuredmedia":[{"embeddable":true,"href":"https:\/\/www.cycloclubmarvejolais.com\/index.php?rest_route=\/wp\/v2\/media\/1437"}],"wp:attachment":[{"href":"https:\/\/www.cycloclubmarvejolais.com\/index.php?rest_route=%2Fwp%2Fv2%2Fmedia&parent=1430"}],"wp:term":[{"taxonomy":"category","embeddable":true,"href":"https:\/\/www.cycloclubmarvejolais.com\/index.php?rest_route=%2Fwp%2Fv2%2Fcategories&post=1430"},{"taxonomy":"post_tag","embeddable":true,"href":"https:\/\/www.cycloclubmarvejolais.com\/index.php?rest_route=%2Fwp%2Fv2%2Ftags&post=1430"}],"curies":[{"name":"wp","href":"https:\/\/api.w.org\/{rel}","templated":true}]}}