{"id":1446,"date":"2013-03-10T16:47:13","date_gmt":"2013-03-10T15:47:13","guid":{"rendered":"http:\/\/www.cycloclubmarvejolais.com\/?p=1446"},"modified":"2024-01-02T00:18:57","modified_gmt":"2024-01-01T23:18:57","slug":"saint-hilaroise","status":"publish","type":"post","link":"https:\/\/www.cycloclubmarvejolais.com\/?p=1446","title":{"rendered":"Saint-Hilaroise"},"content":{"rendered":"<div id=\"txt_330\">\n<p class=\"Corps-P-P0\"><span class=\"Corps-C-C1\">Premi\u00e8re sortie pour une randonn\u00e9e hors d\u00e9partement inscrite au challenge CODEP 48. C\u2019est donc \u00e0 st Hilaire de Brethmas que se sont rendus \u00a0Le Pr\u00e9sident Denis avec Josette son \u00e9pouse \u00a0et accompagn\u00e9s de Jean Louis , Michel et Louis.<\/span><\/p>\n<p class=\"Corps-P-P0\"><span class=\"Corps-C-C1\">A 9 heures pr\u00e9cises ils ont pris le d\u00e9part du circuit \u00a085 kms qui leur a fait d\u00e9couvrir cette r\u00e9gion gardoise en traversant les villages de Maru\u00e9jols les gardon, Mauressargue, st Etienne de l\u2019Olm avec une pause ravitaillement \u00a0fort appr\u00e9ci\u00e9e, navacelle, salindre.<\/span><\/p>\n<p class=\"Corps-P-P0\"><span class=\"Corps-C-C1\">Si le d\u00e9part fut un peu \u00ab\u00a0frisquet\u00a0\u00bb la temp\u00e9rature \u00a0devint de plus en plus cl\u00e9mente au fil des kilom\u00e8tres. Arriv\u00e9s aux environs de 13 heures, \u00a0ils profit\u00e8rent \u00a0d\u2019une bonne collation r\u00e9paratrice.<\/span><\/p>\n<p class=\"Corps-P-P0\"><span class=\"Corps-C-C1\">Les cyclos tiennent a dire qu\u2019ils ont fort appr\u00e9ci\u00e9 l\u2019accueil chaleureux ainsi que l\u2019organisation de qualit\u00e9 tant en signal\u00e9tique, qu\u2019en ravitaillement. Nos amis sont repartis en ramenant une coupe offerte au club le plus lointain \u00a0r\u00e9compendsant ainsi \u00a0la visite de loz\u00e9riens en terres gardoises ainsi qu\u2019une bouteille de vin offerte a chaque participant \u00a0en guise de r\u00e9confort.<\/span><\/p>\n<p class=\"Corps-P-P0\"><span class=\"Corps-C-C1\">Au bilan une rando \u00e0 retenir pour les ann\u00e9es futures.<\/span><\/p>\n\n\t\t<style>\n\t\t\t#gallery-1 {\n\t\t\t\tmargin: auto;\n\t\t\t}\n\t\t\t#gallery-1 .gallery-item {\n\t\t\t\tfloat: left;\n\t\t\t\tmargin-top: 10px;\n\t\t\t\ttext-align: center;\n\t\t\t\twidth: 33%;\n\t\t\t}\n\t\t\t#gallery-1 img {\n\t\t\t\tborder: 2px solid #cfcfcf;\n\t\t\t}\n\t\t\t#gallery-1 .gallery-caption {\n\t\t\t\tmargin-left: 0;\n\t\t\t}\n\t\t\t\/* see gallery_shortcode() in wp-includes\/media.php *\/\n\t\t<\/style>\n\t\t<div id='gallery-1' class='gallery galleryid-1446 gallery-columns-3 gallery-size-medium'><dl class='gallery-item'>\n\t\t\t<dt class='gallery-icon landscape'>\n\t\t\t\t<a href='https:\/\/www.cycloclubmarvejolais.com\/wp-content\/uploads\/2013\/03\/rando-cyclo-st-hilaire-mars-2013-001.jpg'><img loading=\"lazy\" decoding=\"async\" width=\"300\" height=\"225\" src=\"https:\/\/www.cycloclubmarvejolais.com\/wp-content\/uploads\/2013\/03\/rando-cyclo-st-hilaire-mars-2013-001-300x225.jpg\" class=\"attachment-medium size-medium\" alt=\"\" aria-describedby=\"gallery-1-1448\" srcset=\"https:\/\/www.cycloclubmarvejolais.com\/wp-content\/uploads\/2013\/03\/rando-cyclo-st-hilaire-mars-2013-001-300x225.jpg 300w, https:\/\/www.cycloclubmarvejolais.com\/wp-content\/uploads\/2013\/03\/rando-cyclo-st-hilaire-mars-2013-001-768x576.jpg 768w, https:\/\/www.cycloclubmarvejolais.com\/wp-content\/uploads\/2013\/03\/rando-cyclo-st-hilaire-mars-2013-001-1024x768.jpg 1024w, https:\/\/www.cycloclubmarvejolais.com\/wp-content\/uploads\/2013\/03\/rando-cyclo-st-hilaire-mars-2013-001-600x450.jpg 600w, https:\/\/www.cycloclubmarvejolais.com\/wp-content\/uploads\/2013\/03\/rando-cyclo-st-hilaire-mars-2013-001.jpg 1600w\" sizes=\"(max-width: 300px) 100vw, 300px\" \/><\/a>\n\t\t\t<\/dt>\n\t\t\t\t<dd class='wp-caption-text gallery-caption' id='gallery-1-1448'>\n\t\t\t\tpreparation des velos\n\t\t\t\t<\/dd><\/dl><dl class='gallery-item'>\n\t\t\t<dt class='gallery-icon landscape'>\n\t\t\t\t<a href='https:\/\/www.cycloclubmarvejolais.com\/wp-content\/uploads\/2013\/03\/rando-cyclo-st-hilaire-mars-2013-002.jpg'><img loading=\"lazy\" decoding=\"async\" width=\"300\" height=\"225\" src=\"https:\/\/www.cycloclubmarvejolais.com\/wp-content\/uploads\/2013\/03\/rando-cyclo-st-hilaire-mars-2013-002-300x225.jpg\" class=\"attachment-medium size-medium\" alt=\"\" aria-describedby=\"gallery-1-1449\" srcset=\"https:\/\/www.cycloclubmarvejolais.com\/wp-content\/uploads\/2013\/03\/rando-cyclo-st-hilaire-mars-2013-002-300x225.jpg 300w, https:\/\/www.cycloclubmarvejolais.com\/wp-content\/uploads\/2013\/03\/rando-cyclo-st-hilaire-mars-2013-002-768x576.jpg 768w, https:\/\/www.cycloclubmarvejolais.com\/wp-content\/uploads\/2013\/03\/rando-cyclo-st-hilaire-mars-2013-002-1024x768.jpg 1024w, https:\/\/www.cycloclubmarvejolais.com\/wp-content\/uploads\/2013\/03\/rando-cyclo-st-hilaire-mars-2013-002-600x450.jpg 600w, https:\/\/www.cycloclubmarvejolais.com\/wp-content\/uploads\/2013\/03\/rando-cyclo-st-hilaire-mars-2013-002.jpg 1600w\" sizes=\"(max-width: 300px) 100vw, 300px\" \/><\/a>\n\t\t\t<\/dt>\n\t\t\t\t<dd class='wp-caption-text gallery-caption' id='gallery-1-1449'>\n\t\t\t\tc est bon nous partons pour 85 km\n\t\t\t\t<\/dd><\/dl><dl class='gallery-item'>\n\t\t\t<dt class='gallery-icon landscape'>\n\t\t\t\t<a href='https:\/\/www.cycloclubmarvejolais.com\/wp-content\/uploads\/2013\/03\/rando-cyclo-st-hilaire-mars-2013-003.jpg'><img loading=\"lazy\" decoding=\"async\" width=\"300\" height=\"225\" src=\"https:\/\/www.cycloclubmarvejolais.com\/wp-content\/uploads\/2013\/03\/rando-cyclo-st-hilaire-mars-2013-003-300x225.jpg\" class=\"attachment-medium size-medium\" alt=\"\" aria-describedby=\"gallery-1-1450\" srcset=\"https:\/\/www.cycloclubmarvejolais.com\/wp-content\/uploads\/2013\/03\/rando-cyclo-st-hilaire-mars-2013-003-300x225.jpg 300w, https:\/\/www.cycloclubmarvejolais.com\/wp-content\/uploads\/2013\/03\/rando-cyclo-st-hilaire-mars-2013-003-768x576.jpg 768w, https:\/\/www.cycloclubmarvejolais.com\/wp-content\/uploads\/2013\/03\/rando-cyclo-st-hilaire-mars-2013-003-1024x768.jpg 1024w, https:\/\/www.cycloclubmarvejolais.com\/wp-content\/uploads\/2013\/03\/rando-cyclo-st-hilaire-mars-2013-003-600x450.jpg 600w, https:\/\/www.cycloclubmarvejolais.com\/wp-content\/uploads\/2013\/03\/rando-cyclo-st-hilaire-mars-2013-003.jpg 1600w\" sizes=\"(max-width: 300px) 100vw, 300px\" \/><\/a>\n\t\t\t<\/dt>\n\t\t\t\t<dd class='wp-caption-text gallery-caption' id='gallery-1-1450'>\n\t\t\t\tcrevaison de jean louis\n\t\t\t\t<\/dd><\/dl><br style=\"clear: both\" \/><dl class='gallery-item'>\n\t\t\t<dt class='gallery-icon landscape'>\n\t\t\t\t<a href='https:\/\/www.cycloclubmarvejolais.com\/wp-content\/uploads\/2013\/03\/rando-cyclo-st-hilaire-mars-2013-004.jpg'><img loading=\"lazy\" decoding=\"async\" width=\"300\" height=\"225\" src=\"https:\/\/www.cycloclubmarvejolais.com\/wp-content\/uploads\/2013\/03\/rando-cyclo-st-hilaire-mars-2013-004-300x225.jpg\" class=\"attachment-medium size-medium\" alt=\"\" srcset=\"https:\/\/www.cycloclubmarvejolais.com\/wp-content\/uploads\/2013\/03\/rando-cyclo-st-hilaire-mars-2013-004-300x225.jpg 300w, https:\/\/www.cycloclubmarvejolais.com\/wp-content\/uploads\/2013\/03\/rando-cyclo-st-hilaire-mars-2013-004-768x576.jpg 768w, https:\/\/www.cycloclubmarvejolais.com\/wp-content\/uploads\/2013\/03\/rando-cyclo-st-hilaire-mars-2013-004-1024x768.jpg 1024w, https:\/\/www.cycloclubmarvejolais.com\/wp-content\/uploads\/2013\/03\/rando-cyclo-st-hilaire-mars-2013-004-600x450.jpg 600w, https:\/\/www.cycloclubmarvejolais.com\/wp-content\/uploads\/2013\/03\/rando-cyclo-st-hilaire-mars-2013-004.jpg 1600w\" sizes=\"(max-width: 300px) 100vw, 300px\" \/><\/a>\n\t\t\t<\/dt><\/dl><dl class='gallery-item'>\n\t\t\t<dt class='gallery-icon landscape'>\n\t\t\t\t<a href='https:\/\/www.cycloclubmarvejolais.com\/wp-content\/uploads\/2013\/03\/rando-cyclo-st-hilaire-mars-2013-005.jpg'><img loading=\"lazy\" decoding=\"async\" width=\"300\" height=\"225\" src=\"https:\/\/www.cycloclubmarvejolais.com\/wp-content\/uploads\/2013\/03\/rando-cyclo-st-hilaire-mars-2013-005-300x225.jpg\" class=\"attachment-medium size-medium\" alt=\"\" aria-describedby=\"gallery-1-1452\" srcset=\"https:\/\/www.cycloclubmarvejolais.com\/wp-content\/uploads\/2013\/03\/rando-cyclo-st-hilaire-mars-2013-005-300x225.jpg 300w, https:\/\/www.cycloclubmarvejolais.com\/wp-content\/uploads\/2013\/03\/rando-cyclo-st-hilaire-mars-2013-005-768x576.jpg 768w, https:\/\/www.cycloclubmarvejolais.com\/wp-content\/uploads\/2013\/03\/rando-cyclo-st-hilaire-mars-2013-005-1024x768.jpg 1024w, https:\/\/www.cycloclubmarvejolais.com\/wp-content\/uploads\/2013\/03\/rando-cyclo-st-hilaire-mars-2013-005-600x450.jpg 600w, https:\/\/www.cycloclubmarvejolais.com\/wp-content\/uploads\/2013\/03\/rando-cyclo-st-hilaire-mars-2013-005.jpg 1600w\" sizes=\"(max-width: 300px) 100vw, 300px\" \/><\/a>\n\t\t\t<\/dt>\n\t\t\t\t<dd class='wp-caption-text gallery-caption' id='gallery-1-1452'>\n\t\t\t\til faut bien 4 hommes pour reparer, la pompe de michel , la chambre a air de louis\n\t\t\t\t<\/dd><\/dl><dl class='gallery-item'>\n\t\t\t<dt class='gallery-icon landscape'>\n\t\t\t\t<a href='https:\/\/www.cycloclubmarvejolais.com\/wp-content\/uploads\/2013\/03\/rando-cyclo-st-hilaire-mars-2013-006.jpg'><img loading=\"lazy\" decoding=\"async\" width=\"300\" height=\"225\" src=\"https:\/\/www.cycloclubmarvejolais.com\/wp-content\/uploads\/2013\/03\/rando-cyclo-st-hilaire-mars-2013-006-300x225.jpg\" class=\"attachment-medium size-medium\" alt=\"\" aria-describedby=\"gallery-1-1453\" srcset=\"https:\/\/www.cycloclubmarvejolais.com\/wp-content\/uploads\/2013\/03\/rando-cyclo-st-hilaire-mars-2013-006-300x225.jpg 300w, https:\/\/www.cycloclubmarvejolais.com\/wp-content\/uploads\/2013\/03\/rando-cyclo-st-hilaire-mars-2013-006-768x576.jpg 768w, https:\/\/www.cycloclubmarvejolais.com\/wp-content\/uploads\/2013\/03\/rando-cyclo-st-hilaire-mars-2013-006-1024x768.jpg 1024w, https:\/\/www.cycloclubmarvejolais.com\/wp-content\/uploads\/2013\/03\/rando-cyclo-st-hilaire-mars-2013-006-600x450.jpg 600w, https:\/\/www.cycloclubmarvejolais.com\/wp-content\/uploads\/2013\/03\/rando-cyclo-st-hilaire-mars-2013-006.jpg 1600w\" sizes=\"(max-width: 300px) 100vw, 300px\" \/><\/a>\n\t\t\t<\/dt>\n\t\t\t\t<dd class='wp-caption-text gallery-caption' id='gallery-1-1453'>\n\t\t\t\travitaillement super louis adore les sandwichs saucisson et le verre de vin rouge\n\t\t\t\t<\/dd><\/dl><br style=\"clear: both\" \/><dl class='gallery-item'>\n\t\t\t<dt class='gallery-icon landscape'>\n\t\t\t\t<a href='https:\/\/www.cycloclubmarvejolais.com\/wp-content\/uploads\/2013\/03\/rando-cyclo-st-hilaire-mars-2013-007.jpg'><img loading=\"lazy\" decoding=\"async\" width=\"300\" height=\"225\" src=\"https:\/\/www.cycloclubmarvejolais.com\/wp-content\/uploads\/2013\/03\/rando-cyclo-st-hilaire-mars-2013-007-300x225.jpg\" class=\"attachment-medium size-medium\" alt=\"\" aria-describedby=\"gallery-1-1454\" srcset=\"https:\/\/www.cycloclubmarvejolais.com\/wp-content\/uploads\/2013\/03\/rando-cyclo-st-hilaire-mars-2013-007-300x225.jpg 300w, https:\/\/www.cycloclubmarvejolais.com\/wp-content\/uploads\/2013\/03\/rando-cyclo-st-hilaire-mars-2013-007-768x576.jpg 768w, https:\/\/www.cycloclubmarvejolais.com\/wp-content\/uploads\/2013\/03\/rando-cyclo-st-hilaire-mars-2013-007-1024x768.jpg 1024w, https:\/\/www.cycloclubmarvejolais.com\/wp-content\/uploads\/2013\/03\/rando-cyclo-st-hilaire-mars-2013-007-600x450.jpg 600w, https:\/\/www.cycloclubmarvejolais.com\/wp-content\/uploads\/2013\/03\/rando-cyclo-st-hilaire-mars-2013-007.jpg 1600w\" sizes=\"(max-width: 300px) 100vw, 300px\" \/><\/a>\n\t\t\t<\/dt>\n\t\t\t\t<dd class='wp-caption-text gallery-caption' id='gallery-1-1454'>\n\t\t\t\tremise des recompenses\n\t\t\t\t<\/dd><\/dl><dl class='gallery-item'>\n\t\t\t<dt class='gallery-icon landscape'>\n\t\t\t\t<a href='https:\/\/www.cycloclubmarvejolais.com\/wp-content\/uploads\/2013\/03\/rando-cyclo-st-hilaire-mars-2013-008.jpg'><img loading=\"lazy\" decoding=\"async\" width=\"300\" height=\"225\" src=\"https:\/\/www.cycloclubmarvejolais.com\/wp-content\/uploads\/2013\/03\/rando-cyclo-st-hilaire-mars-2013-008-300x225.jpg\" class=\"attachment-medium size-medium\" alt=\"\" srcset=\"https:\/\/www.cycloclubmarvejolais.com\/wp-content\/uploads\/2013\/03\/rando-cyclo-st-hilaire-mars-2013-008-300x225.jpg 300w, https:\/\/www.cycloclubmarvejolais.com\/wp-content\/uploads\/2013\/03\/rando-cyclo-st-hilaire-mars-2013-008-768x576.jpg 768w, https:\/\/www.cycloclubmarvejolais.com\/wp-content\/uploads\/2013\/03\/rando-cyclo-st-hilaire-mars-2013-008-1024x768.jpg 1024w, https:\/\/www.cycloclubmarvejolais.com\/wp-content\/uploads\/2013\/03\/rando-cyclo-st-hilaire-mars-2013-008-600x450.jpg 600w, https:\/\/www.cycloclubmarvejolais.com\/wp-content\/uploads\/2013\/03\/rando-cyclo-st-hilaire-mars-2013-008.jpg 1600w\" sizes=\"(max-width: 300px) 100vw, 300px\" \/><\/a>\n\t\t\t<\/dt><\/dl><dl class='gallery-item'>\n\t\t\t<dt class='gallery-icon landscape'>\n\t\t\t\t<a href='https:\/\/www.cycloclubmarvejolais.com\/wp-content\/uploads\/2013\/03\/rando-cyclo-st-hilaire-mars-2013-009.jpg'><img loading=\"lazy\" decoding=\"async\" width=\"300\" height=\"225\" src=\"https:\/\/www.cycloclubmarvejolais.com\/wp-content\/uploads\/2013\/03\/rando-cyclo-st-hilaire-mars-2013-009-300x225.jpg\" class=\"attachment-medium size-medium\" alt=\"\" srcset=\"https:\/\/www.cycloclubmarvejolais.com\/wp-content\/uploads\/2013\/03\/rando-cyclo-st-hilaire-mars-2013-009-300x225.jpg 300w, https:\/\/www.cycloclubmarvejolais.com\/wp-content\/uploads\/2013\/03\/rando-cyclo-st-hilaire-mars-2013-009-768x576.jpg 768w, https:\/\/www.cycloclubmarvejolais.com\/wp-content\/uploads\/2013\/03\/rando-cyclo-st-hilaire-mars-2013-009-1024x768.jpg 1024w, https:\/\/www.cycloclubmarvejolais.com\/wp-content\/uploads\/2013\/03\/rando-cyclo-st-hilaire-mars-2013-009-600x450.jpg 600w, https:\/\/www.cycloclubmarvejolais.com\/wp-content\/uploads\/2013\/03\/rando-cyclo-st-hilaire-mars-2013-009.jpg 1600w\" sizes=\"(max-width: 300px) 100vw, 300px\" \/><\/a>\n\t\t\t<\/dt><\/dl><br style=\"clear: both\" \/><dl class='gallery-item'>\n\t\t\t<dt class='gallery-icon landscape'>\n\t\t\t\t<a href='https:\/\/www.cycloclubmarvejolais.com\/wp-content\/uploads\/2013\/03\/rando-cyclo-st-hilaire-mars-2013-010.jpg'><img loading=\"lazy\" decoding=\"async\" width=\"300\" height=\"225\" src=\"https:\/\/www.cycloclubmarvejolais.com\/wp-content\/uploads\/2013\/03\/rando-cyclo-st-hilaire-mars-2013-010-300x225.jpg\" class=\"attachment-medium size-medium\" alt=\"\" srcset=\"https:\/\/www.cycloclubmarvejolais.com\/wp-content\/uploads\/2013\/03\/rando-cyclo-st-hilaire-mars-2013-010-300x225.jpg 300w, https:\/\/www.cycloclubmarvejolais.com\/wp-content\/uploads\/2013\/03\/rando-cyclo-st-hilaire-mars-2013-010-768x576.jpg 768w, https:\/\/www.cycloclubmarvejolais.com\/wp-content\/uploads\/2013\/03\/rando-cyclo-st-hilaire-mars-2013-010-1024x768.jpg 1024w, https:\/\/www.cycloclubmarvejolais.com\/wp-content\/uploads\/2013\/03\/rando-cyclo-st-hilaire-mars-2013-010-600x450.jpg 600w, https:\/\/www.cycloclubmarvejolais.com\/wp-content\/uploads\/2013\/03\/rando-cyclo-st-hilaire-mars-2013-010.jpg 1600w\" sizes=\"(max-width: 300px) 100vw, 300px\" \/><\/a>\n\t\t\t<\/dt><\/dl><dl class='gallery-item'>\n\t\t\t<dt class='gallery-icon landscape'>\n\t\t\t\t<a href='https:\/\/www.cycloclubmarvejolais.com\/wp-content\/uploads\/2013\/03\/rando-cyclo-st-hilaire-mars-2013-011.jpg'><img loading=\"lazy\" decoding=\"async\" width=\"300\" height=\"225\" src=\"https:\/\/www.cycloclubmarvejolais.com\/wp-content\/uploads\/2013\/03\/rando-cyclo-st-hilaire-mars-2013-011-300x225.jpg\" class=\"attachment-medium size-medium\" alt=\"\" srcset=\"https:\/\/www.cycloclubmarvejolais.com\/wp-content\/uploads\/2013\/03\/rando-cyclo-st-hilaire-mars-2013-011-300x225.jpg 300w, https:\/\/www.cycloclubmarvejolais.com\/wp-content\/uploads\/2013\/03\/rando-cyclo-st-hilaire-mars-2013-011-768x576.jpg 768w, https:\/\/www.cycloclubmarvejolais.com\/wp-content\/uploads\/2013\/03\/rando-cyclo-st-hilaire-mars-2013-011-1024x768.jpg 1024w, https:\/\/www.cycloclubmarvejolais.com\/wp-content\/uploads\/2013\/03\/rando-cyclo-st-hilaire-mars-2013-011-600x450.jpg 600w, https:\/\/www.cycloclubmarvejolais.com\/wp-content\/uploads\/2013\/03\/rando-cyclo-st-hilaire-mars-2013-011.jpg 1600w\" sizes=\"(max-width: 300px) 100vw, 300px\" \/><\/a>\n\t\t\t<\/dt><\/dl><dl class='gallery-item'>\n\t\t\t<dt class='gallery-icon landscape'>\n\t\t\t\t<a href='https:\/\/www.cycloclubmarvejolais.com\/wp-content\/uploads\/2013\/03\/rando-cyclo-st-hilaire-mars-2013-012.jpg'><img loading=\"lazy\" decoding=\"async\" width=\"300\" height=\"225\" src=\"https:\/\/www.cycloclubmarvejolais.com\/wp-content\/uploads\/2013\/03\/rando-cyclo-st-hilaire-mars-2013-012-300x225.jpg\" class=\"attachment-medium size-medium\" alt=\"\" srcset=\"https:\/\/www.cycloclubmarvejolais.com\/wp-content\/uploads\/2013\/03\/rando-cyclo-st-hilaire-mars-2013-012-300x225.jpg 300w, https:\/\/www.cycloclubmarvejolais.com\/wp-content\/uploads\/2013\/03\/rando-cyclo-st-hilaire-mars-2013-012-768x576.jpg 768w, https:\/\/www.cycloclubmarvejolais.com\/wp-content\/uploads\/2013\/03\/rando-cyclo-st-hilaire-mars-2013-012-1024x768.jpg 1024w, https:\/\/www.cycloclubmarvejolais.com\/wp-content\/uploads\/2013\/03\/rando-cyclo-st-hilaire-mars-2013-012-600x450.jpg 600w, https:\/\/www.cycloclubmarvejolais.com\/wp-content\/uploads\/2013\/03\/rando-cyclo-st-hilaire-mars-2013-012.jpg 1600w\" sizes=\"(max-width: 300px) 100vw, 300px\" \/><\/a>\n\t\t\t<\/dt><\/dl><br style=\"clear: both\" \/><dl class='gallery-item'>\n\t\t\t<dt class='gallery-icon landscape'>\n\t\t\t\t<a href='https:\/\/www.cycloclubmarvejolais.com\/wp-content\/uploads\/2013\/03\/rando-cyclo-st-hilaire-mars-2013-013.jpg'><img loading=\"lazy\" decoding=\"async\" width=\"300\" height=\"225\" src=\"https:\/\/www.cycloclubmarvejolais.com\/wp-content\/uploads\/2013\/03\/rando-cyclo-st-hilaire-mars-2013-013-300x225.jpg\" class=\"attachment-medium size-medium\" alt=\"\" srcset=\"https:\/\/www.cycloclubmarvejolais.com\/wp-content\/uploads\/2013\/03\/rando-cyclo-st-hilaire-mars-2013-013-300x225.jpg 300w, https:\/\/www.cycloclubmarvejolais.com\/wp-content\/uploads\/2013\/03\/rando-cyclo-st-hilaire-mars-2013-013-768x576.jpg 768w, https:\/\/www.cycloclubmarvejolais.com\/wp-content\/uploads\/2013\/03\/rando-cyclo-st-hilaire-mars-2013-013-1024x768.jpg 1024w, https:\/\/www.cycloclubmarvejolais.com\/wp-content\/uploads\/2013\/03\/rando-cyclo-st-hilaire-mars-2013-013-600x450.jpg 600w, https:\/\/www.cycloclubmarvejolais.com\/wp-content\/uploads\/2013\/03\/rando-cyclo-st-hilaire-mars-2013-013.jpg 1600w\" sizes=\"(max-width: 300px) 100vw, 300px\" \/><\/a>\n\t\t\t<\/dt><\/dl><dl class='gallery-item'>\n\t\t\t<dt class='gallery-icon landscape'>\n\t\t\t\t<a href='https:\/\/www.cycloclubmarvejolais.com\/wp-content\/uploads\/2013\/03\/rando-cyclo-st-hilaire-mars-2013-014.jpg'><img loading=\"lazy\" decoding=\"async\" width=\"300\" height=\"225\" src=\"https:\/\/www.cycloclubmarvejolais.com\/wp-content\/uploads\/2013\/03\/rando-cyclo-st-hilaire-mars-2013-014-300x225.jpg\" class=\"attachment-medium size-medium\" alt=\"\" srcset=\"https:\/\/www.cycloclubmarvejolais.com\/wp-content\/uploads\/2013\/03\/rando-cyclo-st-hilaire-mars-2013-014-300x225.jpg 300w, https:\/\/www.cycloclubmarvejolais.com\/wp-content\/uploads\/2013\/03\/rando-cyclo-st-hilaire-mars-2013-014-768x576.jpg 768w, https:\/\/www.cycloclubmarvejolais.com\/wp-content\/uploads\/2013\/03\/rando-cyclo-st-hilaire-mars-2013-014-1024x768.jpg 1024w, https:\/\/www.cycloclubmarvejolais.com\/wp-content\/uploads\/2013\/03\/rando-cyclo-st-hilaire-mars-2013-014-600x450.jpg 600w, https:\/\/www.cycloclubmarvejolais.com\/wp-content\/uploads\/2013\/03\/rando-cyclo-st-hilaire-mars-2013-014.jpg 1600w\" sizes=\"(max-width: 300px) 100vw, 300px\" \/><\/a>\n\t\t\t<\/dt><\/dl><dl class='gallery-item'>\n\t\t\t<dt class='gallery-icon landscape'>\n\t\t\t\t<a href='https:\/\/www.cycloclubmarvejolais.com\/wp-content\/uploads\/2013\/03\/rando-cyclo-st-hilaire-mars-2013-015.jpg'><img loading=\"lazy\" decoding=\"async\" width=\"300\" height=\"225\" src=\"https:\/\/www.cycloclubmarvejolais.com\/wp-content\/uploads\/2013\/03\/rando-cyclo-st-hilaire-mars-2013-015-300x225.jpg\" class=\"attachment-medium size-medium\" alt=\"\" srcset=\"https:\/\/www.cycloclubmarvejolais.com\/wp-content\/uploads\/2013\/03\/rando-cyclo-st-hilaire-mars-2013-015-300x225.jpg 300w, https:\/\/www.cycloclubmarvejolais.com\/wp-content\/uploads\/2013\/03\/rando-cyclo-st-hilaire-mars-2013-015-768x576.jpg 768w, https:\/\/www.cycloclubmarvejolais.com\/wp-content\/uploads\/2013\/03\/rando-cyclo-st-hilaire-mars-2013-015-1024x768.jpg 1024w, https:\/\/www.cycloclubmarvejolais.com\/wp-content\/uploads\/2013\/03\/rando-cyclo-st-hilaire-mars-2013-015-600x450.jpg 600w, https:\/\/www.cycloclubmarvejolais.com\/wp-content\/uploads\/2013\/03\/rando-cyclo-st-hilaire-mars-2013-015.jpg 1600w\" sizes=\"(max-width: 300px) 100vw, 300px\" \/><\/a>\n\t\t\t<\/dt><\/dl><br style=\"clear: both\" \/>\n\t\t<\/div>\n\n<p class=\"Corps-P-P0\">\n<\/div>\n","protected":false},"excerpt":{"rendered":"<p>Premi\u00e8re sortie pour une randonn\u00e9e hors d\u00e9partement inscrite au challenge CODEP 48. C\u2019est donc \u00e0 st Hilaire de Brethmas que se sont rendus \u00a0Le&#46;&#46;&#46;<\/p>\n","protected":false},"author":1,"featured_media":1459,"comment_status":"open","ping_status":"open","sticky":false,"template":"","format":"standard","meta":{"footnotes":""},"categories":[49],"tags":[],"_links":{"self":[{"href":"https:\/\/www.cycloclubmarvejolais.com\/index.php?rest_route=\/wp\/v2\/posts\/1446"}],"collection":[{"href":"https:\/\/www.cycloclubmarvejolais.com\/index.php?rest_route=\/wp\/v2\/posts"}],"about":[{"href":"https:\/\/www.cycloclubmarvejolais.com\/index.php?rest_route=\/wp\/v2\/types\/post"}],"author":[{"embeddable":true,"href":"https:\/\/www.cycloclubmarvejolais.com\/index.php?rest_route=\/wp\/v2\/users\/1"}],"replies":[{"embeddable":true,"href":"https:\/\/www.cycloclubmarvejolais.com\/index.php?rest_route=%2Fwp%2Fv2%2Fcomments&post=1446"}],"version-history":[{"count":3,"href":"https:\/\/www.cycloclubmarvejolais.com\/index.php?rest_route=\/wp\/v2\/posts\/1446\/revisions"}],"predecessor-version":[{"id":1464,"href":"https:\/\/www.cycloclubmarvejolais.com\/index.php?rest_route=\/wp\/v2\/posts\/1446\/revisions\/1464"}],"wp:featuredmedia":[{"embeddable":true,"href":"https:\/\/www.cycloclubmarvejolais.com\/index.php?rest_route=\/wp\/v2\/media\/1459"}],"wp:attachment":[{"href":"https:\/\/www.cycloclubmarvejolais.com\/index.php?rest_route=%2Fwp%2Fv2%2Fmedia&parent=1446"}],"wp:term":[{"taxonomy":"category","embeddable":true,"href":"https:\/\/www.cycloclubmarvejolais.com\/index.php?rest_route=%2Fwp%2Fv2%2Fcategories&post=1446"},{"taxonomy":"post_tag","embeddable":true,"href":"https:\/\/www.cycloclubmarvejolais.com\/index.php?rest_route=%2Fwp%2Fv2%2Ftags&post=1446"}],"curies":[{"name":"wp","href":"https:\/\/api.w.org\/{rel}","templated":true}]}}