{"id":1627,"date":"2012-09-01T11:23:06","date_gmt":"2012-09-01T09:23:06","guid":{"rendered":"http:\/\/www.cycloclubmarvejolais.com\/?p=1627"},"modified":"2024-01-02T00:18:31","modified_gmt":"2024-01-01T23:18:31","slug":"rando-du-sabot","status":"publish","type":"post","link":"https:\/\/www.cycloclubmarvejolais.com\/?p=1627","title":{"rendered":"Rando du Sabot"},"content":{"rendered":"<div>\n<div class=\"Corps-P-P0\"><span class=\"Corps-C-C0\"><a href=\"http:\/\/www.cycloclubmarvejolais.com\/wp-content\/uploads\/2016\/12\/DSCN0637.jpg\"><img loading=\"lazy\" decoding=\"async\" class=\"alignleft size-medium wp-image-1628\" src=\"http:\/\/www.cycloclubmarvejolais.com\/wp-content\/uploads\/2016\/12\/DSCN0637-300x225.jpg\" alt=\"\" width=\"300\" height=\"225\" srcset=\"https:\/\/www.cycloclubmarvejolais.com\/wp-content\/uploads\/2016\/12\/DSCN0637-300x225.jpg 300w, https:\/\/www.cycloclubmarvejolais.com\/wp-content\/uploads\/2016\/12\/DSCN0637-768x576.jpg 768w, https:\/\/www.cycloclubmarvejolais.com\/wp-content\/uploads\/2016\/12\/DSCN0637-1024x768.jpg 1024w, https:\/\/www.cycloclubmarvejolais.com\/wp-content\/uploads\/2016\/12\/DSCN0637-600x450.jpg 600w, https:\/\/www.cycloclubmarvejolais.com\/wp-content\/uploads\/2016\/12\/DSCN0637.jpg 1600w\" sizes=\"(max-width: 300px) 100vw, 300px\" \/><\/a>Ce samedi 1 septembre, les cyclos marvejolais se sont d\u00e9plac\u00e9s massivement pour r\u00e9pondre \u00e0 l\u2019invitation des cyclos du malpas. \u00a0\u00a0(15 cyclos dont 2 f\u00e9minines ).<br \/>\n<\/span><\/div>\n<div class=\"Corps-P-P0\"><span class=\"Corps-C-C0\">La participation des autres clubs loz\u00e9riens et m\u00eame de l\u2019ext\u00e9rieur a fait de cette \u00e9dition 2012 une belle r\u00e9ussite.<br \/>\n<\/span><\/div>\n<div class=\"Corps-P-P0\"><span class=\"Corps-C-C0\">Si la m\u00e9t\u00e9o a \u00e9t\u00e9 difficile, vent fort et froidure, les routes \u00a0loz\u00e9riennes sont toujours belles a parcourir et le repas qui attendait les cyclistes a \u00e9t\u00e9 d\u2019autant plus appr\u00e9ci\u00e9. La traditionelle aligot a laiss\u00e9 place \u00a0\u00e0 une succulente \u00ab\u00a0paella\u00a0\u00bb pr\u00e9par\u00e9 par Jean Luc POURCHER, et sa prestation fut particuli\u00e8rment applaudi.<br \/>\n<\/span><\/div>\n<div class=\"Corps-P-P0\"><span class=\"Corps-C-C0\">La dynamique pr\u00e9sidente Jeanine , a remerci\u00e9 les participants en invitant \u00e0 \u00a0se rendre le dimanche 9 septembre \u00a0au mazel des Laubies pour la \u00ab\u00a0tamburlini\u00a0\u00bb 2012<br \/>\n<\/span><\/div>\n<div class=\"Corps-P-P0\"><span class=\"Corps-C-C0\">Rendez vous est pris et merci pour cette belle journ\u00e9e.<\/span><\/div>\n<div class=\"Corps-P-P0\"><a href=\"http:\/\/www.cycloclubmarvejolais.com\/2012\/09\/01\/album-rando-du-sabot-2012\/\">Plus de photos pour les membres dans cet album<\/a><\/div>\n<\/div>\n<div class=\"Corps-P-P0\"><\/div>\n<div class=\"Corps-P-P0\"><a href=\"http:\/\/www.cycloclubmarvejolais.com\/wp-content\/uploads\/2016\/12\/DSCN0654.jpg\"><img loading=\"lazy\" decoding=\"async\" class=\"alignleft size-medium wp-image-1641\" src=\"http:\/\/www.cycloclubmarvejolais.com\/wp-content\/uploads\/2016\/12\/DSCN0654-300x225.jpg\" alt=\"\" width=\"300\" height=\"225\" srcset=\"https:\/\/www.cycloclubmarvejolais.com\/wp-content\/uploads\/2016\/12\/DSCN0654-300x225.jpg 300w, https:\/\/www.cycloclubmarvejolais.com\/wp-content\/uploads\/2016\/12\/DSCN0654-768x576.jpg 768w, https:\/\/www.cycloclubmarvejolais.com\/wp-content\/uploads\/2016\/12\/DSCN0654-1024x768.jpg 1024w, https:\/\/www.cycloclubmarvejolais.com\/wp-content\/uploads\/2016\/12\/DSCN0654-600x450.jpg 600w, https:\/\/www.cycloclubmarvejolais.com\/wp-content\/uploads\/2016\/12\/DSCN0654.jpg 1600w\" sizes=\"(max-width: 300px) 100vw, 300px\" \/><\/a><\/div>\n<div class=\"Corps-P-P0\"><\/div>\n<div class=\"Corps-P-P0\"><\/div>\n","protected":false},"excerpt":{"rendered":"<p>Ce samedi 1 septembre, les cyclos marvejolais se sont d\u00e9plac\u00e9s massivement pour r\u00e9pondre \u00e0 l\u2019invitation des cyclos du malpas. \u00a0\u00a0(15 cyclos dont 2 f\u00e9minines&#46;&#46;&#46;<\/p>\n","protected":false},"author":1,"featured_media":1632,"comment_status":"open","ping_status":"open","sticky":false,"template":"","format":"standard","meta":{"footnotes":""},"categories":[49],"tags":[],"_links":{"self":[{"href":"https:\/\/www.cycloclubmarvejolais.com\/index.php?rest_route=\/wp\/v2\/posts\/1627"}],"collection":[{"href":"https:\/\/www.cycloclubmarvejolais.com\/index.php?rest_route=\/wp\/v2\/posts"}],"about":[{"href":"https:\/\/www.cycloclubmarvejolais.com\/index.php?rest_route=\/wp\/v2\/types\/post"}],"author":[{"embeddable":true,"href":"https:\/\/www.cycloclubmarvejolais.com\/index.php?rest_route=\/wp\/v2\/users\/1"}],"replies":[{"embeddable":true,"href":"https:\/\/www.cycloclubmarvejolais.com\/index.php?rest_route=%2Fwp%2Fv2%2Fcomments&post=1627"}],"version-history":[{"count":3,"href":"https:\/\/www.cycloclubmarvejolais.com\/index.php?rest_route=\/wp\/v2\/posts\/1627\/revisions"}],"predecessor-version":[{"id":1674,"href":"https:\/\/www.cycloclubmarvejolais.com\/index.php?rest_route=\/wp\/v2\/posts\/1627\/revisions\/1674"}],"wp:featuredmedia":[{"embeddable":true,"href":"https:\/\/www.cycloclubmarvejolais.com\/index.php?rest_route=\/wp\/v2\/media\/1632"}],"wp:attachment":[{"href":"https:\/\/www.cycloclubmarvejolais.com\/index.php?rest_route=%2Fwp%2Fv2%2Fmedia&parent=1627"}],"wp:term":[{"taxonomy":"category","embeddable":true,"href":"https:\/\/www.cycloclubmarvejolais.com\/index.php?rest_route=%2Fwp%2Fv2%2Fcategories&post=1627"},{"taxonomy":"post_tag","embeddable":true,"href":"https:\/\/www.cycloclubmarvejolais.com\/index.php?rest_route=%2Fwp%2Fv2%2Ftags&post=1627"}],"curies":[{"name":"wp","href":"https:\/\/api.w.org\/{rel}","templated":true}]}}