{"id":1695,"date":"2012-07-18T15:47:17","date_gmt":"2012-07-18T13:47:17","guid":{"rendered":"http:\/\/www.cycloclubmarvejolais.com\/?p=1695"},"modified":"2024-01-02T23:17:45","modified_gmt":"2024-01-02T22:17:45","slug":"cool-raoul-a-laguiole","status":"publish","type":"post","link":"https:\/\/www.cycloclubmarvejolais.com\/?p=1695","title":{"rendered":"Cool Raoul \u00e0 Laguiole"},"content":{"rendered":"<div>\n<div class=\"Corps-P-P0\"><span class=\"Corps-C-C0\"><a href=\"http:\/\/www.cycloclubmarvejolais.com\/wp-content\/uploads\/2016\/12\/IMG_1567.jpg\"><img loading=\"lazy\" decoding=\"async\" class=\"alignleft size-medium wp-image-1799\" src=\"http:\/\/www.cycloclubmarvejolais.com\/wp-content\/uploads\/2016\/12\/IMG_1567-225x300.jpg\" alt=\"\" width=\"225\" height=\"300\" srcset=\"https:\/\/www.cycloclubmarvejolais.com\/wp-content\/uploads\/2016\/12\/IMG_1567-225x300.jpg 225w, https:\/\/www.cycloclubmarvejolais.com\/wp-content\/uploads\/2016\/12\/IMG_1567-768x1024.jpg 768w, https:\/\/www.cycloclubmarvejolais.com\/wp-content\/uploads\/2016\/12\/IMG_1567-600x800.jpg 600w, https:\/\/www.cycloclubmarvejolais.com\/wp-content\/uploads\/2016\/12\/IMG_1567.jpg 1200w\" sizes=\"(max-width: 225px) 100vw, 225px\" \/><\/a>Ce mercredi 18 juillet, 11 cyclos (dont une f\u00e9minine Mireille ) se sont donn\u00e9s rendez vous salle polyvalente pour un d\u00e9part group\u00e9 en direction de laguiole, point de d\u00e9part de notre randonn\u00e9e \u00ab\u00a0\u00a0cool raoul\u00a0\u00bb.<br \/>\n<\/span><\/div>\n<div class=\"Corps-P-P0\"><span class=\"Corps-C-C0\">Vers 8h 40 tous les cyclos prenaient le d\u00e9part de laguiole pour un circuit de 70kms, 35 le matin, 35 le soir qui devait nous conduire au barrage de Montezic, via Soulages bonneval, st amans des cauts puis retour le soir par st symphorien de terienne et cassu\u00e9jouls.<br \/>\n<\/span><\/div>\n<div class=\"Corps-P-P0\"><span class=\"Corps-C-C0\">La m\u00e9t\u00e9o particuli\u00e8rement agr\u00e9able a rendu la premi\u00e8re partie du parcours facile et le rythme de la cool raoul a permis de profiter au maximum des paysages.<br \/>\n<\/span><\/div>\n<div class=\"Corps-P-P0\"><span class=\"Corps-C-C0\">A 12 heures le pique nique en bordure du barrage de mont\u00e9zic fut particuli\u00e8rement appr\u00e9ci\u00e9, d\u2019autant plus que la formule de la mise en commun a abouti \u00a0\u00e0 un repas particuli\u00e8rement fourni et pris dans une ambiance de f\u00eate. Un repos fut n\u00e9cessaire avant de reprendre la route d\u2019autant plus que la chaleur intense a rendu les cotes bien plus difficiles.<br \/>\n<\/span><\/div>\n<div class=\"Corps-P-P0\"><span class=\"Corps-C-C0\"><a href=\"http:\/\/www.cycloclubmarvejolais.com\/wp-content\/uploads\/2016\/12\/DSCN0461.jpg\"><img loading=\"lazy\" decoding=\"async\" class=\"size-medium wp-image-1731 alignright\" src=\"http:\/\/www.cycloclubmarvejolais.com\/wp-content\/uploads\/2016\/12\/DSCN0461-300x225.jpg\" alt=\"\" width=\"300\" height=\"225\" srcset=\"https:\/\/www.cycloclubmarvejolais.com\/wp-content\/uploads\/2016\/12\/DSCN0461-300x225.jpg 300w, https:\/\/www.cycloclubmarvejolais.com\/wp-content\/uploads\/2016\/12\/DSCN0461-768x576.jpg 768w, https:\/\/www.cycloclubmarvejolais.com\/wp-content\/uploads\/2016\/12\/DSCN0461-1024x768.jpg 1024w, https:\/\/www.cycloclubmarvejolais.com\/wp-content\/uploads\/2016\/12\/DSCN0461-600x450.jpg 600w, https:\/\/www.cycloclubmarvejolais.com\/wp-content\/uploads\/2016\/12\/DSCN0461.jpg 1600w\" sizes=\"(max-width: 300px) 100vw, 300px\" \/><\/a>Heureusement \u00a0notre fid\u00e8le ami Ren\u00e9 \u00a0nous a assur\u00e9 de son concours pour la voiture suiveuse et tout au long du parcours nous a apport\u00e9 son soutien logistique avec toujours son amicale disponibilit\u00e9.<br \/>\n<\/span><\/div>\n<div class=\"Corps-P-P0\"><span class=\"Corps-C-C0\">Un grand merci \u00a0de tous les cyclos pour cette aide pr\u00e9cieuse.<br \/>\n<\/span><\/div>\n<div class=\"Corps-P-P0\"><span class=\"Corps-C-C0\">Merci aussi a l\u2019instigateur de cette journ\u00e9e, \u00e0 savoir jacky le secr\u00e9taire du club.<\/span><\/div>\n<div class=\"Corps-P-P0\"><\/div>\n<div class=\"Corps-P-P0\">Pour les membres, vous pouvez consulter toutes les photos de cette sortie <a href=\"http:\/\/www.cycloclubmarvejolais.com\/2012\/07\/18\/album-cool-raoul-laguiole\/\">en vous rendant sur ce lien<\/a><\/div>\n<\/div>\n","protected":false},"excerpt":{"rendered":"<p>Ce mercredi 18 juillet, 11 cyclos (dont une f\u00e9minine Mireille ) se sont donn\u00e9s rendez vous salle polyvalente pour un d\u00e9part group\u00e9 en direction&#46;&#46;&#46;<\/p>\n","protected":false},"author":1,"featured_media":1803,"comment_status":"open","ping_status":"open","sticky":false,"template":"","format":"standard","meta":{"footnotes":""},"categories":[49],"tags":[],"_links":{"self":[{"href":"https:\/\/www.cycloclubmarvejolais.com\/index.php?rest_route=\/wp\/v2\/posts\/1695"}],"collection":[{"href":"https:\/\/www.cycloclubmarvejolais.com\/index.php?rest_route=\/wp\/v2\/posts"}],"about":[{"href":"https:\/\/www.cycloclubmarvejolais.com\/index.php?rest_route=\/wp\/v2\/types\/post"}],"author":[{"embeddable":true,"href":"https:\/\/www.cycloclubmarvejolais.com\/index.php?rest_route=\/wp\/v2\/users\/1"}],"replies":[{"embeddable":true,"href":"https:\/\/www.cycloclubmarvejolais.com\/index.php?rest_route=%2Fwp%2Fv2%2Fcomments&post=1695"}],"version-history":[{"count":2,"href":"https:\/\/www.cycloclubmarvejolais.com\/index.php?rest_route=\/wp\/v2\/posts\/1695\/revisions"}],"predecessor-version":[{"id":1808,"href":"https:\/\/www.cycloclubmarvejolais.com\/index.php?rest_route=\/wp\/v2\/posts\/1695\/revisions\/1808"}],"wp:featuredmedia":[{"embeddable":true,"href":"https:\/\/www.cycloclubmarvejolais.com\/index.php?rest_route=\/wp\/v2\/media\/1803"}],"wp:attachment":[{"href":"https:\/\/www.cycloclubmarvejolais.com\/index.php?rest_route=%2Fwp%2Fv2%2Fmedia&parent=1695"}],"wp:term":[{"taxonomy":"category","embeddable":true,"href":"https:\/\/www.cycloclubmarvejolais.com\/index.php?rest_route=%2Fwp%2Fv2%2Fcategories&post=1695"},{"taxonomy":"post_tag","embeddable":true,"href":"https:\/\/www.cycloclubmarvejolais.com\/index.php?rest_route=%2Fwp%2Fv2%2Ftags&post=1695"}],"curies":[{"name":"wp","href":"https:\/\/api.w.org\/{rel}","templated":true}]}}