{"id":1725,"date":"2012-06-30T15:52:38","date_gmt":"2012-06-30T13:52:38","guid":{"rendered":"http:\/\/www.cycloclubmarvejolais.com\/?p=1725"},"modified":"2024-01-02T23:17:21","modified_gmt":"2024-01-02T22:17:21","slug":"sortie-vers-la-truyere","status":"publish","type":"post","link":"https:\/\/www.cycloclubmarvejolais.com\/?p=1725","title":{"rendered":"Sortie vers la Truy\u00e8re"},"content":{"rendered":"<div id=\"txt_268\">\n<p class=\"Corps-P-P0\"><span class=\"Corps-C-C0\">Une belle participation du cyclo club marvejolais, puisque 12 cyclos dont 3 f\u00e9minines se sont align\u00e9s au d\u00e9part de la rando du cyclo club haute loz\u00e8re.<\/span><\/p>\n<p class=\"Corps-P-P0\"><span class=\"Corps-C-C0\">La diversit\u00e9 des parcours \u00a0a permis a chacun de choisir son option, m\u00eame si certaines c\u00f4tes ont quand m\u00eame surpris par leur pourcentage; heureusement nos amis \u00a0barrabans avaient bien positionn\u00e9 le ravito \u00a0au Malzieu, \u00a0ravito qui a s\u00e9duit par ailleurs par sa qualit\u00e9 , \u00a0c\u2019est aussi un endroit convivial puisque les cyclos s\u2019y retrouvent quelques minutes \u00a0\u00e9changeant leurs premi\u00e8res impressions.<\/span><\/p>\n<p class=\"Corps-P-P0\"><span class=\"Corps-C-C0\"> Une belle organisation qui a b\u00e9n\u00e9fici\u00e9 aussi d\u2019une m\u00e9t\u00e9o agr\u00e9able \u00a0et chacun a pass\u00e9 une agr\u00e9able journ\u00e9e.<\/span><\/p>\n\n\t\t<style>\n\t\t\t#gallery-1 {\n\t\t\t\tmargin: auto;\n\t\t\t}\n\t\t\t#gallery-1 .gallery-item {\n\t\t\t\tfloat: left;\n\t\t\t\tmargin-top: 10px;\n\t\t\t\ttext-align: center;\n\t\t\t\twidth: 33%;\n\t\t\t}\n\t\t\t#gallery-1 img {\n\t\t\t\tborder: 2px solid #cfcfcf;\n\t\t\t}\n\t\t\t#gallery-1 .gallery-caption {\n\t\t\t\tmargin-left: 0;\n\t\t\t}\n\t\t\t\/* see gallery_shortcode() in wp-includes\/media.php *\/\n\t\t<\/style>\n\t\t<div id='gallery-1' class='gallery galleryid-1725 gallery-columns-3 gallery-size-large'><dl class='gallery-item'>\n\t\t\t<dt class='gallery-icon landscape'>\n\t\t\t\t<a href='https:\/\/www.cycloclubmarvejolais.com\/wp-content\/uploads\/2012\/06\/DSCN0426.jpg'><img loading=\"lazy\" decoding=\"async\" width=\"1024\" height=\"768\" src=\"https:\/\/www.cycloclubmarvejolais.com\/wp-content\/uploads\/2012\/06\/DSCN0426-1024x768.jpg\" class=\"attachment-large size-large\" alt=\"\" srcset=\"https:\/\/www.cycloclubmarvejolais.com\/wp-content\/uploads\/2012\/06\/DSCN0426-1024x768.jpg 1024w, https:\/\/www.cycloclubmarvejolais.com\/wp-content\/uploads\/2012\/06\/DSCN0426-300x225.jpg 300w, https:\/\/www.cycloclubmarvejolais.com\/wp-content\/uploads\/2012\/06\/DSCN0426-768x576.jpg 768w, https:\/\/www.cycloclubmarvejolais.com\/wp-content\/uploads\/2012\/06\/DSCN0426-600x450.jpg 600w, https:\/\/www.cycloclubmarvejolais.com\/wp-content\/uploads\/2012\/06\/DSCN0426.jpg 1600w\" sizes=\"(max-width: 1024px) 100vw, 1024px\" \/><\/a>\n\t\t\t<\/dt><\/dl><dl class='gallery-item'>\n\t\t\t<dt class='gallery-icon landscape'>\n\t\t\t\t<a href='https:\/\/www.cycloclubmarvejolais.com\/wp-content\/uploads\/2012\/06\/DSCN0427.jpg'><img loading=\"lazy\" decoding=\"async\" width=\"1024\" height=\"768\" src=\"https:\/\/www.cycloclubmarvejolais.com\/wp-content\/uploads\/2012\/06\/DSCN0427-1024x768.jpg\" class=\"attachment-large size-large\" alt=\"\" srcset=\"https:\/\/www.cycloclubmarvejolais.com\/wp-content\/uploads\/2012\/06\/DSCN0427-1024x768.jpg 1024w, https:\/\/www.cycloclubmarvejolais.com\/wp-content\/uploads\/2012\/06\/DSCN0427-300x225.jpg 300w, https:\/\/www.cycloclubmarvejolais.com\/wp-content\/uploads\/2012\/06\/DSCN0427-768x576.jpg 768w, https:\/\/www.cycloclubmarvejolais.com\/wp-content\/uploads\/2012\/06\/DSCN0427-600x450.jpg 600w, https:\/\/www.cycloclubmarvejolais.com\/wp-content\/uploads\/2012\/06\/DSCN0427.jpg 1600w\" sizes=\"(max-width: 1024px) 100vw, 1024px\" \/><\/a>\n\t\t\t<\/dt><\/dl><dl class='gallery-item'>\n\t\t\t<dt class='gallery-icon landscape'>\n\t\t\t\t<a href='https:\/\/www.cycloclubmarvejolais.com\/wp-content\/uploads\/2012\/06\/DSCN0428.jpg'><img loading=\"lazy\" decoding=\"async\" width=\"1024\" height=\"768\" src=\"https:\/\/www.cycloclubmarvejolais.com\/wp-content\/uploads\/2012\/06\/DSCN0428-1024x768.jpg\" class=\"attachment-large size-large\" alt=\"\" srcset=\"https:\/\/www.cycloclubmarvejolais.com\/wp-content\/uploads\/2012\/06\/DSCN0428-1024x768.jpg 1024w, https:\/\/www.cycloclubmarvejolais.com\/wp-content\/uploads\/2012\/06\/DSCN0428-300x225.jpg 300w, https:\/\/www.cycloclubmarvejolais.com\/wp-content\/uploads\/2012\/06\/DSCN0428-768x576.jpg 768w, https:\/\/www.cycloclubmarvejolais.com\/wp-content\/uploads\/2012\/06\/DSCN0428-600x450.jpg 600w, https:\/\/www.cycloclubmarvejolais.com\/wp-content\/uploads\/2012\/06\/DSCN0428.jpg 1600w\" sizes=\"(max-width: 1024px) 100vw, 1024px\" \/><\/a>\n\t\t\t<\/dt><\/dl><br style=\"clear: both\" \/><dl class='gallery-item'>\n\t\t\t<dt class='gallery-icon landscape'>\n\t\t\t\t<a href='https:\/\/www.cycloclubmarvejolais.com\/wp-content\/uploads\/2012\/06\/DSCN0429.jpg'><img loading=\"lazy\" decoding=\"async\" width=\"1024\" height=\"768\" src=\"https:\/\/www.cycloclubmarvejolais.com\/wp-content\/uploads\/2012\/06\/DSCN0429-1024x768.jpg\" class=\"attachment-large size-large\" alt=\"\" srcset=\"https:\/\/www.cycloclubmarvejolais.com\/wp-content\/uploads\/2012\/06\/DSCN0429-1024x768.jpg 1024w, https:\/\/www.cycloclubmarvejolais.com\/wp-content\/uploads\/2012\/06\/DSCN0429-300x225.jpg 300w, https:\/\/www.cycloclubmarvejolais.com\/wp-content\/uploads\/2012\/06\/DSCN0429-768x576.jpg 768w, https:\/\/www.cycloclubmarvejolais.com\/wp-content\/uploads\/2012\/06\/DSCN0429-600x450.jpg 600w, https:\/\/www.cycloclubmarvejolais.com\/wp-content\/uploads\/2012\/06\/DSCN0429.jpg 1600w\" sizes=\"(max-width: 1024px) 100vw, 1024px\" \/><\/a>\n\t\t\t<\/dt><\/dl><dl class='gallery-item'>\n\t\t\t<dt class='gallery-icon landscape'>\n\t\t\t\t<a href='https:\/\/www.cycloclubmarvejolais.com\/wp-content\/uploads\/2012\/06\/DSCN0430.jpg'><img loading=\"lazy\" decoding=\"async\" width=\"1024\" height=\"768\" src=\"https:\/\/www.cycloclubmarvejolais.com\/wp-content\/uploads\/2012\/06\/DSCN0430-1024x768.jpg\" class=\"attachment-large size-large\" alt=\"\" srcset=\"https:\/\/www.cycloclubmarvejolais.com\/wp-content\/uploads\/2012\/06\/DSCN0430-1024x768.jpg 1024w, https:\/\/www.cycloclubmarvejolais.com\/wp-content\/uploads\/2012\/06\/DSCN0430-300x225.jpg 300w, https:\/\/www.cycloclubmarvejolais.com\/wp-content\/uploads\/2012\/06\/DSCN0430-768x576.jpg 768w, https:\/\/www.cycloclubmarvejolais.com\/wp-content\/uploads\/2012\/06\/DSCN0430-600x450.jpg 600w, https:\/\/www.cycloclubmarvejolais.com\/wp-content\/uploads\/2012\/06\/DSCN0430.jpg 1600w\" sizes=\"(max-width: 1024px) 100vw, 1024px\" \/><\/a>\n\t\t\t<\/dt><\/dl><dl class='gallery-item'>\n\t\t\t<dt class='gallery-icon landscape'>\n\t\t\t\t<a href='https:\/\/www.cycloclubmarvejolais.com\/wp-content\/uploads\/2012\/06\/DSCN0431.jpg'><img loading=\"lazy\" decoding=\"async\" width=\"1024\" height=\"768\" src=\"https:\/\/www.cycloclubmarvejolais.com\/wp-content\/uploads\/2012\/06\/DSCN0431-1024x768.jpg\" class=\"attachment-large size-large\" alt=\"\" srcset=\"https:\/\/www.cycloclubmarvejolais.com\/wp-content\/uploads\/2012\/06\/DSCN0431-1024x768.jpg 1024w, https:\/\/www.cycloclubmarvejolais.com\/wp-content\/uploads\/2012\/06\/DSCN0431-300x225.jpg 300w, https:\/\/www.cycloclubmarvejolais.com\/wp-content\/uploads\/2012\/06\/DSCN0431-768x576.jpg 768w, https:\/\/www.cycloclubmarvejolais.com\/wp-content\/uploads\/2012\/06\/DSCN0431-600x450.jpg 600w, https:\/\/www.cycloclubmarvejolais.com\/wp-content\/uploads\/2012\/06\/DSCN0431.jpg 1600w\" sizes=\"(max-width: 1024px) 100vw, 1024px\" \/><\/a>\n\t\t\t<\/dt><\/dl><br style=\"clear: both\" \/>\n\t\t<\/div>\n\n<p class=\"Corps-P-P0\">\n<\/div>\n","protected":false},"excerpt":{"rendered":"<p>Une belle participation du cyclo club marvejolais, puisque 12 cyclos dont 3 f\u00e9minines se sont align\u00e9s au d\u00e9part de la rando du cyclo club&#46;&#46;&#46;<\/p>\n","protected":false},"author":1,"featured_media":1811,"comment_status":"open","ping_status":"open","sticky":false,"template":"","format":"standard","meta":{"footnotes":""},"categories":[49],"tags":[],"_links":{"self":[{"href":"https:\/\/www.cycloclubmarvejolais.com\/index.php?rest_route=\/wp\/v2\/posts\/1725"}],"collection":[{"href":"https:\/\/www.cycloclubmarvejolais.com\/index.php?rest_route=\/wp\/v2\/posts"}],"about":[{"href":"https:\/\/www.cycloclubmarvejolais.com\/index.php?rest_route=\/wp\/v2\/types\/post"}],"author":[{"embeddable":true,"href":"https:\/\/www.cycloclubmarvejolais.com\/index.php?rest_route=\/wp\/v2\/users\/1"}],"replies":[{"embeddable":true,"href":"https:\/\/www.cycloclubmarvejolais.com\/index.php?rest_route=%2Fwp%2Fv2%2Fcomments&post=1725"}],"version-history":[{"count":2,"href":"https:\/\/www.cycloclubmarvejolais.com\/index.php?rest_route=\/wp\/v2\/posts\/1725\/revisions"}],"predecessor-version":[{"id":1815,"href":"https:\/\/www.cycloclubmarvejolais.com\/index.php?rest_route=\/wp\/v2\/posts\/1725\/revisions\/1815"}],"wp:featuredmedia":[{"embeddable":true,"href":"https:\/\/www.cycloclubmarvejolais.com\/index.php?rest_route=\/wp\/v2\/media\/1811"}],"wp:attachment":[{"href":"https:\/\/www.cycloclubmarvejolais.com\/index.php?rest_route=%2Fwp%2Fv2%2Fmedia&parent=1725"}],"wp:term":[{"taxonomy":"category","embeddable":true,"href":"https:\/\/www.cycloclubmarvejolais.com\/index.php?rest_route=%2Fwp%2Fv2%2Fcategories&post=1725"},{"taxonomy":"post_tag","embeddable":true,"href":"https:\/\/www.cycloclubmarvejolais.com\/index.php?rest_route=%2Fwp%2Fv2%2Ftags&post=1725"}],"curies":[{"name":"wp","href":"https:\/\/api.w.org\/{rel}","templated":true}]}}