{"id":185,"date":"2016-12-15T21:01:35","date_gmt":"2016-12-15T20:01:35","guid":{"rendered":"http:\/\/www.cycloclubmarvejolais.com\/?p=185"},"modified":"2025-05-26T20:01:59","modified_gmt":"2025-05-26T18:01:59","slug":"composition-du-bureau","status":"publish","type":"post","link":"https:\/\/www.cycloclubmarvejolais.com\/?p=185","title":{"rendered":"Composition du bureau"},"content":{"rendered":"<p style=\"text-align: center;\"><strong>Bureau du cyclo club marvejolais\u00a0<\/strong><\/p>\n<p style=\"text-align: center;\"><strong>Bureau cyclotourisme et bureau Ufolep<\/strong><\/p>\n<p>&nbsp;<\/p>\n<p>&nbsp;<\/p>\n<table style=\"height: 314px; width: 47.2621%;\" width=\"324\" cellpadding=\"5\">\n<tbody>\n<tr style=\"height: 24px;\">\n<td style=\"width: 61.3303%; height: 24px; text-align: left;\"><strong>Co-Pr\u00e9sident cyclotourisme<\/strong><\/td>\n<td style=\"text-align: left; width: 72.5294%; height: 24px;\">Philippe Tarral<\/td>\n<\/tr>\n<tr style=\"height: 55px;\">\n<td style=\"width: 61.3303%; height: 25px; text-align: left;\"><strong>Co-Pr\u00e9sident Ufolep<\/strong><\/td>\n<td style=\"text-align: left; width: 72.5294%; height: 25px;\">Willy Bringer<\/td>\n<\/tr>\n<tr style=\"height: 10px;\">\n<td style=\"width: 61.3303%; height: 10px; text-align: left;\"><strong>Secr\u00e9taire cyclotourisme<\/strong><\/td>\n<td style=\"text-align: left; width: 72.5294%; height: 10px;\">Eric Montet<\/td>\n<\/tr>\n<tr style=\"height: 24px;\">\n<td style=\"width: 61.3303%; height: 24px; text-align: left;\"><strong>Secr\u00e9taire Ufolep<\/strong><\/td>\n<td style=\"text-align: left; width: 72.5294%; height: 24px;\">St\u00e9phane Huet<\/td>\n<\/tr>\n<tr style=\"height: 24px;\">\n<td style=\"width: 61.3303%; height: 24px; text-align: left;\"><strong>Secr\u00e9taire Adjoint cyclotourisme<\/strong><\/td>\n<td style=\"text-align: left; width: 72.5294%; height: 24px;\">&#8212;&#8211;<\/td>\n<\/tr>\n<tr style=\"height: 24px;\">\n<td style=\"width: 61.3303%; height: 24px; text-align: left;\"><strong>Tr\u00e9sori\u00e8re cyclotourisme<\/strong><\/td>\n<td style=\"text-align: left; width: 72.5294%; height: 24px;\">Fran\u00e7oise Caramel<\/td>\n<\/tr>\n<tr style=\"height: 48px;\">\n<td style=\"width: 61.3303%; height: 48px; text-align: left;\"><b>Tr\u00e9sori\u00e8re Adjointe<\/b><\/td>\n<td style=\"text-align: left; width: 72.5294%; height: 48px;\">Josette Castar\u00e8de<\/td>\n<\/tr>\n<tr style=\"height: 24px;\">\n<td style=\"width: 61.3303%; height: 10px; text-align: left;\"><strong>Tr\u00e9sorier Ufolep<\/strong><\/td>\n<td style=\"text-align: left; width: 72.5294%; height: 10px;\">Matthieu Delmas<\/td>\n<\/tr>\n<tr style=\"height: 24px;\">\n<td style=\"width: 61.3303%; height: 44px; text-align: left;\"><strong>D\u00e9l\u00e9gu\u00e9 VTT-VTTAE<\/strong><\/td>\n<td style=\"text-align: left; width: 72.5294%; height: 44px;\">Jean-Marc Bringer<\/td>\n<\/tr>\n<tr style=\"height: 24px;\">\n<td style=\"width: 61.3303%; height: 24px; text-align: left;\"><strong>D\u00e9l\u00e9gu\u00e9 S\u00e9curit\u00e9 cyclotourisme<\/strong><\/td>\n<td style=\"text-align: left; width: 72.5294%; height: 24px;\">Denis Osmont<\/td>\n<\/tr>\n<tr style=\"height: 24px;\">\n<td style=\"width: 61.3303%; height: 24px; text-align: left;\"><b>D\u00e9l\u00e9gu\u00e9 s\u00e9curit\u00e9 Ufolep\u00a0<\/b><\/td>\n<td style=\"text-align: left; width: 72.5294%; height: 24px;\">St\u00e9phan Loubi\u00e8re<\/td>\n<\/tr>\n<tr style=\"height: 48px;\">\n<td style=\"width: 61.3303%; height: 33px; text-align: left;\"><strong>Membres bureau cyclotourisme<\/strong><\/td>\n<td style=\"text-align: left; width: 72.5294%; height: 33px;\">Denis Castar\u00e8de<\/td>\n<\/tr>\n<\/tbody>\n<\/table>\n<p>&nbsp;<\/p>\n<table style=\"width: 23%; height: 199px;\">\n<tbody>\n<tr>\n<td style=\"width: 316px; text-align: center;\">\n<h4><strong>D\u00e9l\u00e9gu\u00e9 CODEP 48<\/strong><\/h4>\n<\/td>\n<\/tr>\n<tr>\n<td style=\"width: 316px; text-align: center;\">Philippe Tarral<\/td>\n<\/tr>\n<tr>\n<td style=\"width: 316px; text-align: center;\">Jean-Marc Bringer<\/td>\n<\/tr>\n<tr>\n<td style=\"width: 316px; text-align: center;\">Fran\u00e7oise Caramel<\/td>\n<\/tr>\n<tr>\n<td style=\"width: 316px; text-align: center;\">Josette Castar\u00e8de<\/td>\n<\/tr>\n<\/tbody>\n<\/table>\n\n\t\t<style>\n\t\t\t#gallery-1 {\n\t\t\t\tmargin: auto;\n\t\t\t}\n\t\t\t#gallery-1 .gallery-item {\n\t\t\t\tfloat: left;\n\t\t\t\tmargin-top: 10px;\n\t\t\t\ttext-align: center;\n\t\t\t\twidth: 33%;\n\t\t\t}\n\t\t\t#gallery-1 img {\n\t\t\t\tborder: 2px solid #cfcfcf;\n\t\t\t}\n\t\t\t#gallery-1 .gallery-caption {\n\t\t\t\tmargin-left: 0;\n\t\t\t}\n\t\t\t\/* see gallery_shortcode() in wp-includes\/media.php *\/\n\t\t<\/style>\n\t\t<div id='gallery-1' class='gallery galleryid-185 gallery-columns-3 gallery-size-thumbnail'><dl class='gallery-item'>\n\t\t\t<dt class='gallery-icon landscape'>\n\t\t\t\t<img loading=\"lazy\" decoding=\"async\" width=\"150\" height=\"150\" src=\"https:\/\/www.cycloclubmarvejolais.com\/wp-content\/uploads\/2016\/12\/CCM_Portraits_2022-7-150x150.jpg\" class=\"attachment-thumbnail size-thumbnail\" alt=\"\" aria-describedby=\"gallery-1-6393\" srcset=\"https:\/\/www.cycloclubmarvejolais.com\/wp-content\/uploads\/2016\/12\/CCM_Portraits_2022-7-150x150.jpg 150w, https:\/\/www.cycloclubmarvejolais.com\/wp-content\/uploads\/2016\/12\/CCM_Portraits_2022-7-300x300.jpg 300w, https:\/\/www.cycloclubmarvejolais.com\/wp-content\/uploads\/2016\/12\/CCM_Portraits_2022-7-1024x1024.jpg 1024w, https:\/\/www.cycloclubmarvejolais.com\/wp-content\/uploads\/2016\/12\/CCM_Portraits_2022-7-768x768.jpg 768w, https:\/\/www.cycloclubmarvejolais.com\/wp-content\/uploads\/2016\/12\/CCM_Portraits_2022-7-1536x1536.jpg 1536w, https:\/\/www.cycloclubmarvejolais.com\/wp-content\/uploads\/2016\/12\/CCM_Portraits_2022-7-2048x2048.jpg 2048w, https:\/\/www.cycloclubmarvejolais.com\/wp-content\/uploads\/2016\/12\/CCM_Portraits_2022-7-80x80.jpg 80w, https:\/\/www.cycloclubmarvejolais.com\/wp-content\/uploads\/2016\/12\/CCM_Portraits_2022-7-320x320.jpg 320w\" sizes=\"(max-width: 150px) 100vw, 150px\" \/>\n\t\t\t<\/dt>\n\t\t\t\t<dd class='wp-caption-text gallery-caption' id='gallery-1-6393'>\n\t\t\t\tPhilippe Tarral Co-Pr\u00e9sident Cyclotourisme &#8211;  Secr\u00e9taire CODEP\n\t\t\t\t<\/dd><\/dl><dl class='gallery-item'>\n\t\t\t<dt class='gallery-icon landscape'>\n\t\t\t\t<img loading=\"lazy\" decoding=\"async\" width=\"150\" height=\"150\" src=\"https:\/\/www.cycloclubmarvejolais.com\/wp-content\/uploads\/2016\/12\/CCM_Portraits_2022-18-150x150.jpg\" class=\"attachment-thumbnail size-thumbnail\" alt=\"\" aria-describedby=\"gallery-1-6374\" srcset=\"https:\/\/www.cycloclubmarvejolais.com\/wp-content\/uploads\/2016\/12\/CCM_Portraits_2022-18-150x150.jpg 150w, https:\/\/www.cycloclubmarvejolais.com\/wp-content\/uploads\/2016\/12\/CCM_Portraits_2022-18-300x300.jpg 300w, https:\/\/www.cycloclubmarvejolais.com\/wp-content\/uploads\/2016\/12\/CCM_Portraits_2022-18-1024x1024.jpg 1024w, https:\/\/www.cycloclubmarvejolais.com\/wp-content\/uploads\/2016\/12\/CCM_Portraits_2022-18-768x768.jpg 768w, https:\/\/www.cycloclubmarvejolais.com\/wp-content\/uploads\/2016\/12\/CCM_Portraits_2022-18-1536x1536.jpg 1536w, https:\/\/www.cycloclubmarvejolais.com\/wp-content\/uploads\/2016\/12\/CCM_Portraits_2022-18-2048x2048.jpg 2048w, https:\/\/www.cycloclubmarvejolais.com\/wp-content\/uploads\/2016\/12\/CCM_Portraits_2022-18-80x80.jpg 80w, https:\/\/www.cycloclubmarvejolais.com\/wp-content\/uploads\/2016\/12\/CCM_Portraits_2022-18-320x320.jpg 320w\" sizes=\"(max-width: 150px) 100vw, 150px\" \/>\n\t\t\t<\/dt>\n\t\t\t\t<dd class='wp-caption-text gallery-caption' id='gallery-1-6374'>\n\t\t\t\tWilly Bringer-Co-pr\u00e9sident Ufolep\n\t\t\t\t<\/dd><\/dl><dl class='gallery-item'>\n\t\t\t<dt class='gallery-icon portrait'>\n\t\t\t\t<img loading=\"lazy\" decoding=\"async\" width=\"150\" height=\"150\" src=\"https:\/\/www.cycloclubmarvejolais.com\/wp-content\/uploads\/2025\/05\/eric-montet-e1748282500544-150x150.jpg\" class=\"attachment-thumbnail size-thumbnail\" alt=\"\" aria-describedby=\"gallery-1-6886\" srcset=\"https:\/\/www.cycloclubmarvejolais.com\/wp-content\/uploads\/2025\/05\/eric-montet-e1748282500544-150x150.jpg 150w, https:\/\/www.cycloclubmarvejolais.com\/wp-content\/uploads\/2025\/05\/eric-montet-e1748282500544-80x80.jpg 80w, https:\/\/www.cycloclubmarvejolais.com\/wp-content\/uploads\/2025\/05\/eric-montet-e1748282500544-320x320.jpg 320w\" sizes=\"(max-width: 150px) 100vw, 150px\" \/>\n\t\t\t<\/dt>\n\t\t\t\t<dd class='wp-caption-text gallery-caption' id='gallery-1-6886'>\n\t\t\t\tEric Montet &#8211; Secr\u00e9taire Cyclotourisme\n\t\t\t\t<\/dd><\/dl><br style=\"clear: both\" \/><dl class='gallery-item'>\n\t\t\t<dt class='gallery-icon portrait'>\n\t\t\t\t<img loading=\"lazy\" decoding=\"async\" width=\"150\" height=\"150\" src=\"https:\/\/www.cycloclubmarvejolais.com\/wp-content\/uploads\/2016\/12\/IMG-20211126-WA0000-e1637957387221-150x150.jpg\" class=\"attachment-thumbnail size-thumbnail\" alt=\"\" aria-describedby=\"gallery-1-5713\" srcset=\"https:\/\/www.cycloclubmarvejolais.com\/wp-content\/uploads\/2016\/12\/IMG-20211126-WA0000-e1637957387221-150x150.jpg 150w, https:\/\/www.cycloclubmarvejolais.com\/wp-content\/uploads\/2016\/12\/IMG-20211126-WA0000-e1637957387221-160x160.jpg 160w, https:\/\/www.cycloclubmarvejolais.com\/wp-content\/uploads\/2016\/12\/IMG-20211126-WA0000-e1637957387221-320x320.jpg 320w\" sizes=\"(max-width: 150px) 100vw, 150px\" \/>\n\t\t\t<\/dt>\n\t\t\t\t<dd class='wp-caption-text gallery-caption' id='gallery-1-5713'>\n\t\t\t\tSt\u00e9phane Huet-Secr\u00e9taire Ufolep\n\t\t\t\t<\/dd><\/dl><dl class='gallery-item'>\n\t\t\t<dt class='gallery-icon landscape'>\n\t\t\t\t<img loading=\"lazy\" decoding=\"async\" width=\"150\" height=\"150\" src=\"https:\/\/www.cycloclubmarvejolais.com\/wp-content\/uploads\/2016\/12\/CCM_Portraits_2022-19-150x150.jpg\" class=\"attachment-thumbnail size-thumbnail\" alt=\"\" aria-describedby=\"gallery-1-6375\" srcset=\"https:\/\/www.cycloclubmarvejolais.com\/wp-content\/uploads\/2016\/12\/CCM_Portraits_2022-19-150x150.jpg 150w, https:\/\/www.cycloclubmarvejolais.com\/wp-content\/uploads\/2016\/12\/CCM_Portraits_2022-19-300x300.jpg 300w, https:\/\/www.cycloclubmarvejolais.com\/wp-content\/uploads\/2016\/12\/CCM_Portraits_2022-19-1024x1024.jpg 1024w, https:\/\/www.cycloclubmarvejolais.com\/wp-content\/uploads\/2016\/12\/CCM_Portraits_2022-19-768x768.jpg 768w, https:\/\/www.cycloclubmarvejolais.com\/wp-content\/uploads\/2016\/12\/CCM_Portraits_2022-19-1536x1536.jpg 1536w, https:\/\/www.cycloclubmarvejolais.com\/wp-content\/uploads\/2016\/12\/CCM_Portraits_2022-19-2048x2048.jpg 2048w, https:\/\/www.cycloclubmarvejolais.com\/wp-content\/uploads\/2016\/12\/CCM_Portraits_2022-19-80x80.jpg 80w, https:\/\/www.cycloclubmarvejolais.com\/wp-content\/uploads\/2016\/12\/CCM_Portraits_2022-19-320x320.jpg 320w\" sizes=\"(max-width: 150px) 100vw, 150px\" \/>\n\t\t\t<\/dt>\n\t\t\t\t<dd class='wp-caption-text gallery-caption' id='gallery-1-6375'>\n\t\t\t\tFran\u00e7oise Caramel &#8211; Tr\u00e9sori\u00e8re Cyclotourisme &#8211; D\u00e9l\u00e9gu\u00e9e CODEP\n\t\t\t\t<\/dd><\/dl><dl class='gallery-item'>\n\t\t\t<dt class='gallery-icon landscape'>\n\t\t\t\t<img loading=\"lazy\" decoding=\"async\" width=\"150\" height=\"150\" src=\"https:\/\/www.cycloclubmarvejolais.com\/wp-content\/uploads\/2019\/09\/P1260030-150x150.jpg\" class=\"attachment-thumbnail size-thumbnail\" alt=\"\" aria-describedby=\"gallery-1-5497\" srcset=\"https:\/\/www.cycloclubmarvejolais.com\/wp-content\/uploads\/2019\/09\/P1260030-150x150.jpg 150w, https:\/\/www.cycloclubmarvejolais.com\/wp-content\/uploads\/2019\/09\/P1260030-160x160.jpg 160w, https:\/\/www.cycloclubmarvejolais.com\/wp-content\/uploads\/2019\/09\/P1260030-320x320.jpg 320w\" sizes=\"(max-width: 150px) 100vw, 150px\" \/>\n\t\t\t<\/dt>\n\t\t\t\t<dd class='wp-caption-text gallery-caption' id='gallery-1-5497'>\n\t\t\t\tMatthieu Delmas-Tr\u00e9sorier Ufolep\n\t\t\t\t<\/dd><\/dl><br style=\"clear: both\" \/><dl class='gallery-item'>\n\t\t\t<dt class='gallery-icon landscape'>\n\t\t\t\t<img loading=\"lazy\" decoding=\"async\" width=\"150\" height=\"150\" src=\"https:\/\/www.cycloclubmarvejolais.com\/wp-content\/uploads\/2016\/12\/CCM_Portraits_2022-8-150x150.jpg\" class=\"attachment-thumbnail size-thumbnail\" alt=\"\" aria-describedby=\"gallery-1-6394\" srcset=\"https:\/\/www.cycloclubmarvejolais.com\/wp-content\/uploads\/2016\/12\/CCM_Portraits_2022-8-150x150.jpg 150w, https:\/\/www.cycloclubmarvejolais.com\/wp-content\/uploads\/2016\/12\/CCM_Portraits_2022-8-300x300.jpg 300w, https:\/\/www.cycloclubmarvejolais.com\/wp-content\/uploads\/2016\/12\/CCM_Portraits_2022-8-1024x1024.jpg 1024w, https:\/\/www.cycloclubmarvejolais.com\/wp-content\/uploads\/2016\/12\/CCM_Portraits_2022-8-768x768.jpg 768w, https:\/\/www.cycloclubmarvejolais.com\/wp-content\/uploads\/2016\/12\/CCM_Portraits_2022-8-1536x1536.jpg 1536w, https:\/\/www.cycloclubmarvejolais.com\/wp-content\/uploads\/2016\/12\/CCM_Portraits_2022-8-2048x2048.jpg 2048w, https:\/\/www.cycloclubmarvejolais.com\/wp-content\/uploads\/2016\/12\/CCM_Portraits_2022-8-80x80.jpg 80w, https:\/\/www.cycloclubmarvejolais.com\/wp-content\/uploads\/2016\/12\/CCM_Portraits_2022-8-320x320.jpg 320w\" sizes=\"(max-width: 150px) 100vw, 150px\" \/>\n\t\t\t<\/dt>\n\t\t\t\t<dd class='wp-caption-text gallery-caption' id='gallery-1-6394'>\n\t\t\t\tJosette Castar\u00e8de &#8211; Tr\u00e9sori\u00e8re Adjointe Cyclotourisme &#8211; D\u00e9l\u00e9gu\u00e9e CODEP\n\t\t\t\t<\/dd><\/dl><dl class='gallery-item'>\n\t\t\t<dt class='gallery-icon landscape'>\n\t\t\t\t<img loading=\"lazy\" decoding=\"async\" width=\"150\" height=\"150\" src=\"https:\/\/www.cycloclubmarvejolais.com\/wp-content\/uploads\/2016\/12\/CCM_Portraits_2022-26-150x150.jpg\" class=\"attachment-thumbnail size-thumbnail\" alt=\"\" aria-describedby=\"gallery-1-6382\" srcset=\"https:\/\/www.cycloclubmarvejolais.com\/wp-content\/uploads\/2016\/12\/CCM_Portraits_2022-26-150x150.jpg 150w, https:\/\/www.cycloclubmarvejolais.com\/wp-content\/uploads\/2016\/12\/CCM_Portraits_2022-26-300x300.jpg 300w, https:\/\/www.cycloclubmarvejolais.com\/wp-content\/uploads\/2016\/12\/CCM_Portraits_2022-26-1024x1024.jpg 1024w, https:\/\/www.cycloclubmarvejolais.com\/wp-content\/uploads\/2016\/12\/CCM_Portraits_2022-26-768x768.jpg 768w, https:\/\/www.cycloclubmarvejolais.com\/wp-content\/uploads\/2016\/12\/CCM_Portraits_2022-26-1536x1536.jpg 1536w, https:\/\/www.cycloclubmarvejolais.com\/wp-content\/uploads\/2016\/12\/CCM_Portraits_2022-26-2048x2048.jpg 2048w, https:\/\/www.cycloclubmarvejolais.com\/wp-content\/uploads\/2016\/12\/CCM_Portraits_2022-26-80x80.jpg 80w, https:\/\/www.cycloclubmarvejolais.com\/wp-content\/uploads\/2016\/12\/CCM_Portraits_2022-26-320x320.jpg 320w\" sizes=\"(max-width: 150px) 100vw, 150px\" \/>\n\t\t\t<\/dt>\n\t\t\t\t<dd class='wp-caption-text gallery-caption' id='gallery-1-6382'>\n\t\t\t\tJean-Marc Bringer &#8211; D\u00e9l\u00e9gu\u00e9 VTT-VTTAE &#8211; D\u00e9l\u00e9gu\u00e9 Codep\n\t\t\t\t<\/dd><\/dl><dl class='gallery-item'>\n\t\t\t<dt class='gallery-icon landscape'>\n\t\t\t\t<img loading=\"lazy\" decoding=\"async\" width=\"150\" height=\"150\" src=\"https:\/\/www.cycloclubmarvejolais.com\/wp-content\/uploads\/2016\/12\/CCM_Portraits_2022-2-150x150.jpg\" class=\"attachment-thumbnail size-thumbnail\" alt=\"\" aria-describedby=\"gallery-1-6388\" srcset=\"https:\/\/www.cycloclubmarvejolais.com\/wp-content\/uploads\/2016\/12\/CCM_Portraits_2022-2-150x150.jpg 150w, https:\/\/www.cycloclubmarvejolais.com\/wp-content\/uploads\/2016\/12\/CCM_Portraits_2022-2-300x300.jpg 300w, https:\/\/www.cycloclubmarvejolais.com\/wp-content\/uploads\/2016\/12\/CCM_Portraits_2022-2-1024x1024.jpg 1024w, https:\/\/www.cycloclubmarvejolais.com\/wp-content\/uploads\/2016\/12\/CCM_Portraits_2022-2-768x768.jpg 768w, https:\/\/www.cycloclubmarvejolais.com\/wp-content\/uploads\/2016\/12\/CCM_Portraits_2022-2-1536x1536.jpg 1536w, https:\/\/www.cycloclubmarvejolais.com\/wp-content\/uploads\/2016\/12\/CCM_Portraits_2022-2-2048x2048.jpg 2048w, https:\/\/www.cycloclubmarvejolais.com\/wp-content\/uploads\/2016\/12\/CCM_Portraits_2022-2-80x80.jpg 80w, https:\/\/www.cycloclubmarvejolais.com\/wp-content\/uploads\/2016\/12\/CCM_Portraits_2022-2-320x320.jpg 320w\" sizes=\"(max-width: 150px) 100vw, 150px\" \/>\n\t\t\t<\/dt>\n\t\t\t\t<dd class='wp-caption-text gallery-caption' id='gallery-1-6388'>\n\t\t\t\tDenis Osmont &#8211; D\u00e9l\u00e9gu\u00e9 S\u00e9curit\u00e9 Cyclotourisme\n\t\t\t\t<\/dd><\/dl><br style=\"clear: both\" \/><dl class='gallery-item'>\n\t\t\t<dt class='gallery-icon landscape'>\n\t\t\t\t<img loading=\"lazy\" decoding=\"async\" width=\"150\" height=\"150\" src=\"https:\/\/www.cycloclubmarvejolais.com\/wp-content\/uploads\/2019\/09\/P1260371-150x150.jpg\" class=\"attachment-thumbnail size-thumbnail\" alt=\"\" aria-describedby=\"gallery-1-5565\" srcset=\"https:\/\/www.cycloclubmarvejolais.com\/wp-content\/uploads\/2019\/09\/P1260371-150x150.jpg 150w, https:\/\/www.cycloclubmarvejolais.com\/wp-content\/uploads\/2019\/09\/P1260371-160x160.jpg 160w, https:\/\/www.cycloclubmarvejolais.com\/wp-content\/uploads\/2019\/09\/P1260371-320x320.jpg 320w\" sizes=\"(max-width: 150px) 100vw, 150px\" \/>\n\t\t\t<\/dt>\n\t\t\t\t<dd class='wp-caption-text gallery-caption' id='gallery-1-5565'>\n\t\t\t\tSt\u00e9phan Loubi\u00e8re &#8211; D\u00e9l\u00e9gu\u00e9 S\u00e9curit\u00e9 Ufolep\n\t\t\t\t<\/dd><\/dl><dl class='gallery-item'>\n\t\t\t<dt class='gallery-icon landscape'>\n\t\t\t\t<img loading=\"lazy\" decoding=\"async\" width=\"150\" height=\"150\" src=\"https:\/\/www.cycloclubmarvejolais.com\/wp-content\/uploads\/2016\/12\/CCM_Portraits_2022-27-150x150.jpg\" class=\"attachment-thumbnail size-thumbnail\" alt=\"\" aria-describedby=\"gallery-1-6383\" srcset=\"https:\/\/www.cycloclubmarvejolais.com\/wp-content\/uploads\/2016\/12\/CCM_Portraits_2022-27-150x150.jpg 150w, https:\/\/www.cycloclubmarvejolais.com\/wp-content\/uploads\/2016\/12\/CCM_Portraits_2022-27-300x300.jpg 300w, https:\/\/www.cycloclubmarvejolais.com\/wp-content\/uploads\/2016\/12\/CCM_Portraits_2022-27-1024x1024.jpg 1024w, https:\/\/www.cycloclubmarvejolais.com\/wp-content\/uploads\/2016\/12\/CCM_Portraits_2022-27-768x768.jpg 768w, https:\/\/www.cycloclubmarvejolais.com\/wp-content\/uploads\/2016\/12\/CCM_Portraits_2022-27-1536x1536.jpg 1536w, https:\/\/www.cycloclubmarvejolais.com\/wp-content\/uploads\/2016\/12\/CCM_Portraits_2022-27-2048x2048.jpg 2048w, https:\/\/www.cycloclubmarvejolais.com\/wp-content\/uploads\/2016\/12\/CCM_Portraits_2022-27-80x80.jpg 80w, https:\/\/www.cycloclubmarvejolais.com\/wp-content\/uploads\/2016\/12\/CCM_Portraits_2022-27-320x320.jpg 320w\" sizes=\"(max-width: 150px) 100vw, 150px\" \/>\n\t\t\t<\/dt>\n\t\t\t\t<dd class='wp-caption-text gallery-caption' id='gallery-1-6383'>\n\t\t\t\tDenis Castar\u00e8de -Membre bureau cyclotourisme\n\t\t\t\t<\/dd><\/dl>\n\t\t\t<br style='clear: both' \/>\n\t\t<\/div>\n\n","protected":false},"excerpt":{"rendered":"<p>Le bureau est \u00e9lu tout les ans suite \u00e0 l&rsquo;assembl\u00e9e g\u00e9n\u00e9rale. Le bureau brasse les id\u00e9es, propose, met en place les s\u00e9jours club et participe \u00e0 la vie du comit\u00e9 d\u00e9partemental.<\/p>\n","protected":false},"author":1,"featured_media":5709,"comment_status":"open","ping_status":"open","sticky":false,"template":"","format":"standard","meta":{"footnotes":""},"categories":[2],"tags":[],"_links":{"self":[{"href":"https:\/\/www.cycloclubmarvejolais.com\/index.php?rest_route=\/wp\/v2\/posts\/185"}],"collection":[{"href":"https:\/\/www.cycloclubmarvejolais.com\/index.php?rest_route=\/wp\/v2\/posts"}],"about":[{"href":"https:\/\/www.cycloclubmarvejolais.com\/index.php?rest_route=\/wp\/v2\/types\/post"}],"author":[{"embeddable":true,"href":"https:\/\/www.cycloclubmarvejolais.com\/index.php?rest_route=\/wp\/v2\/users\/1"}],"replies":[{"embeddable":true,"href":"https:\/\/www.cycloclubmarvejolais.com\/index.php?rest_route=%2Fwp%2Fv2%2Fcomments&post=185"}],"version-history":[{"count":37,"href":"https:\/\/www.cycloclubmarvejolais.com\/index.php?rest_route=\/wp\/v2\/posts\/185\/revisions"}],"predecessor-version":[{"id":6887,"href":"https:\/\/www.cycloclubmarvejolais.com\/index.php?rest_route=\/wp\/v2\/posts\/185\/revisions\/6887"}],"wp:featuredmedia":[{"embeddable":true,"href":"https:\/\/www.cycloclubmarvejolais.com\/index.php?rest_route=\/wp\/v2\/media\/5709"}],"wp:attachment":[{"href":"https:\/\/www.cycloclubmarvejolais.com\/index.php?rest_route=%2Fwp%2Fv2%2Fmedia&parent=185"}],"wp:term":[{"taxonomy":"category","embeddable":true,"href":"https:\/\/www.cycloclubmarvejolais.com\/index.php?rest_route=%2Fwp%2Fv2%2Fcategories&post=185"},{"taxonomy":"post_tag","embeddable":true,"href":"https:\/\/www.cycloclubmarvejolais.com\/index.php?rest_route=%2Fwp%2Fv2%2Ftags&post=185"}],"curies":[{"name":"wp","href":"https:\/\/api.w.org\/{rel}","templated":true}]}}