{"id":1859,"date":"2012-03-04T16:13:32","date_gmt":"2012-03-04T15:13:32","guid":{"rendered":"http:\/\/www.cycloclubmarvejolais.com\/?p=1859"},"modified":"2024-01-02T23:15:22","modified_gmt":"2024-01-02T22:15:22","slug":"rando-le-salagou","status":"publish","type":"post","link":"https:\/\/www.cycloclubmarvejolais.com\/?p=1859","title":{"rendered":"Rando \u00ab\u00a0Le Salagou\u00a0\u00bb"},"content":{"rendered":"<div class=\"Corps-P-P0\"><span class=\"Corps-C-C0\">Josette, Denis, Louis, Jacky,Michel, et le pr\u00e9sident s\u2019\u00e9taient donn\u00e9 rendez vous \u00e0 Chirac ce dimanche pour repr\u00e9senter le club \u00e0 la randonn\u00e9e du salagou.<br \/>\n<\/span><\/div>\n<div class=\"Corps-P-P0\"><span class=\"Corps-C-C0\">D\u00e8s l\u2019arriv\u00e9e, l&rsquo;accueil chaleureux des organisateurs et une m\u00e9t\u00e9o tr\u00e8s cl\u00e9mente ( 12,5\u00b0 \u00e0 8h30 \u00a0et peu de vent ) laissaient pr\u00e9sager une journ\u00e9e agr\u00e9able.<br \/>\n<\/span><\/div>\n<div class=\"Corps-P-P0\"><span class=\"Corps-C-C0\">Les Marvejlolais ont eu aussi le plaisir de retrouver quelques amis canourguais et les voil\u00e0 partis sur les routes pittoresques des contre &#8211;<wbr \/>forts du Larzac et du cirque de Moureze.<br \/>\n<\/span><\/div>\n<div class=\"Corps-P-P0\"><span class=\"Corps-C-C0\">Le pr\u00e9sident distrait \u00a0s\u2019est cependant perdu \u00a0et a l\u00e2ch\u00e9 ses troupes en effectuant un petit d\u00e9tour par le col du vent. ( Erreur involontaire ou chasse au col inavou\u00e9, nous laissons \u00e0 chacun son appr\u00e9ciation )<br \/>\n<\/span><\/div>\n<div class=\"Corps-P-P0\"><span class=\"Corps-C-C0\">Il a cependant retrouv\u00e9 tout son monde vers 13 heures \u00e0 l\u2019heure de l\u2019ap\u00e9ro et des saucisses grill\u00e9es offertes par le club organisateur.<br \/>\n<\/span><\/div>\n<div class=\"Corps-P-P0\"><span class=\"Corps-C-C0\">Ensuite \u00a0nos sportifs ont reconstitu\u00e9 leurs forces autour d\u2019un pique nique sorti du sac , apparemment bien fourni \u00a0et chacun reconna\u00eetra en Josette , notre cyclote, une cycliste aguerrie, doubl\u00e9e d\u2019une cuisini\u00e8re confirm\u00e9e. \u00a0( \u00a0Heureux Denis ).<br \/>\n<\/span><\/div>\n<div class=\"Corps-P-P0\"><span class=\"Corps-C-C0\">Le diaporama ci-<wbr \/>dessous t\u00e9moigne de la r\u00e9ussite de cette premi\u00e8re sortie, qui sera suivie de bea<\/span><span class=\"Corps-C-C0\"><span class=\"Corps-C-C0\">ucoup d\u2019autres, nous l\u2019esp\u00e9rons.<\/span><\/span><\/div>\n<div class=\"Corps-P-P0\">\n\n\t\t<style>\n\t\t\t#gallery-1 {\n\t\t\t\tmargin: auto;\n\t\t\t}\n\t\t\t#gallery-1 .gallery-item {\n\t\t\t\tfloat: left;\n\t\t\t\tmargin-top: 10px;\n\t\t\t\ttext-align: center;\n\t\t\t\twidth: 33%;\n\t\t\t}\n\t\t\t#gallery-1 img {\n\t\t\t\tborder: 2px solid #cfcfcf;\n\t\t\t}\n\t\t\t#gallery-1 .gallery-caption {\n\t\t\t\tmargin-left: 0;\n\t\t\t}\n\t\t\t\/* see gallery_shortcode() in wp-includes\/media.php *\/\n\t\t<\/style>\n\t\t<div id='gallery-1' class='gallery galleryid-1859 gallery-columns-3 gallery-size-large'><dl class='gallery-item'>\n\t\t\t<dt class='gallery-icon landscape'>\n\t\t\t\t<a href='https:\/\/www.cycloclubmarvejolais.com\/wp-content\/uploads\/2012\/03\/IMG_0300.jpg'><img loading=\"lazy\" decoding=\"async\" width=\"1024\" height=\"768\" src=\"https:\/\/www.cycloclubmarvejolais.com\/wp-content\/uploads\/2012\/03\/IMG_0300-1024x768.jpg\" class=\"attachment-large size-large\" alt=\"\" srcset=\"https:\/\/www.cycloclubmarvejolais.com\/wp-content\/uploads\/2012\/03\/IMG_0300-1024x768.jpg 1024w, https:\/\/www.cycloclubmarvejolais.com\/wp-content\/uploads\/2012\/03\/IMG_0300-300x225.jpg 300w, https:\/\/www.cycloclubmarvejolais.com\/wp-content\/uploads\/2012\/03\/IMG_0300-768x576.jpg 768w, https:\/\/www.cycloclubmarvejolais.com\/wp-content\/uploads\/2012\/03\/IMG_0300-600x450.jpg 600w, https:\/\/www.cycloclubmarvejolais.com\/wp-content\/uploads\/2012\/03\/IMG_0300.jpg 1600w\" sizes=\"(max-width: 1024px) 100vw, 1024px\" \/><\/a>\n\t\t\t<\/dt><\/dl><dl class='gallery-item'>\n\t\t\t<dt class='gallery-icon landscape'>\n\t\t\t\t<a href='https:\/\/www.cycloclubmarvejolais.com\/wp-content\/uploads\/2012\/03\/IMG_0301.jpg'><img loading=\"lazy\" decoding=\"async\" width=\"1024\" height=\"768\" src=\"https:\/\/www.cycloclubmarvejolais.com\/wp-content\/uploads\/2012\/03\/IMG_0301-1024x768.jpg\" class=\"attachment-large size-large\" alt=\"\" srcset=\"https:\/\/www.cycloclubmarvejolais.com\/wp-content\/uploads\/2012\/03\/IMG_0301-1024x768.jpg 1024w, https:\/\/www.cycloclubmarvejolais.com\/wp-content\/uploads\/2012\/03\/IMG_0301-300x225.jpg 300w, https:\/\/www.cycloclubmarvejolais.com\/wp-content\/uploads\/2012\/03\/IMG_0301-768x576.jpg 768w, https:\/\/www.cycloclubmarvejolais.com\/wp-content\/uploads\/2012\/03\/IMG_0301-600x450.jpg 600w, https:\/\/www.cycloclubmarvejolais.com\/wp-content\/uploads\/2012\/03\/IMG_0301.jpg 1600w\" sizes=\"(max-width: 1024px) 100vw, 1024px\" \/><\/a>\n\t\t\t<\/dt><\/dl><dl class='gallery-item'>\n\t\t\t<dt class='gallery-icon landscape'>\n\t\t\t\t<a href='https:\/\/www.cycloclubmarvejolais.com\/wp-content\/uploads\/2012\/03\/IMG_0302.jpg'><img loading=\"lazy\" decoding=\"async\" width=\"1024\" height=\"768\" src=\"https:\/\/www.cycloclubmarvejolais.com\/wp-content\/uploads\/2012\/03\/IMG_0302-1024x768.jpg\" class=\"attachment-large size-large\" alt=\"\" srcset=\"https:\/\/www.cycloclubmarvejolais.com\/wp-content\/uploads\/2012\/03\/IMG_0302-1024x768.jpg 1024w, https:\/\/www.cycloclubmarvejolais.com\/wp-content\/uploads\/2012\/03\/IMG_0302-300x225.jpg 300w, https:\/\/www.cycloclubmarvejolais.com\/wp-content\/uploads\/2012\/03\/IMG_0302-768x576.jpg 768w, https:\/\/www.cycloclubmarvejolais.com\/wp-content\/uploads\/2012\/03\/IMG_0302-600x450.jpg 600w, https:\/\/www.cycloclubmarvejolais.com\/wp-content\/uploads\/2012\/03\/IMG_0302.jpg 1600w\" sizes=\"(max-width: 1024px) 100vw, 1024px\" \/><\/a>\n\t\t\t<\/dt><\/dl><br style=\"clear: both\" \/><dl class='gallery-item'>\n\t\t\t<dt class='gallery-icon landscape'>\n\t\t\t\t<a href='https:\/\/www.cycloclubmarvejolais.com\/wp-content\/uploads\/2012\/03\/IMG_0303.jpg'><img loading=\"lazy\" decoding=\"async\" width=\"1024\" height=\"768\" src=\"https:\/\/www.cycloclubmarvejolais.com\/wp-content\/uploads\/2012\/03\/IMG_0303-1024x768.jpg\" class=\"attachment-large size-large\" alt=\"\" srcset=\"https:\/\/www.cycloclubmarvejolais.com\/wp-content\/uploads\/2012\/03\/IMG_0303-1024x768.jpg 1024w, https:\/\/www.cycloclubmarvejolais.com\/wp-content\/uploads\/2012\/03\/IMG_0303-300x225.jpg 300w, https:\/\/www.cycloclubmarvejolais.com\/wp-content\/uploads\/2012\/03\/IMG_0303-768x576.jpg 768w, https:\/\/www.cycloclubmarvejolais.com\/wp-content\/uploads\/2012\/03\/IMG_0303-600x450.jpg 600w, https:\/\/www.cycloclubmarvejolais.com\/wp-content\/uploads\/2012\/03\/IMG_0303.jpg 1600w\" sizes=\"(max-width: 1024px) 100vw, 1024px\" \/><\/a>\n\t\t\t<\/dt><\/dl><dl class='gallery-item'>\n\t\t\t<dt class='gallery-icon landscape'>\n\t\t\t\t<a href='https:\/\/www.cycloclubmarvejolais.com\/wp-content\/uploads\/2012\/03\/IMG_0304.jpg'><img loading=\"lazy\" decoding=\"async\" width=\"1024\" height=\"768\" src=\"https:\/\/www.cycloclubmarvejolais.com\/wp-content\/uploads\/2012\/03\/IMG_0304-1024x768.jpg\" class=\"attachment-large size-large\" alt=\"\" srcset=\"https:\/\/www.cycloclubmarvejolais.com\/wp-content\/uploads\/2012\/03\/IMG_0304-1024x768.jpg 1024w, https:\/\/www.cycloclubmarvejolais.com\/wp-content\/uploads\/2012\/03\/IMG_0304-300x225.jpg 300w, https:\/\/www.cycloclubmarvejolais.com\/wp-content\/uploads\/2012\/03\/IMG_0304-768x576.jpg 768w, https:\/\/www.cycloclubmarvejolais.com\/wp-content\/uploads\/2012\/03\/IMG_0304-600x450.jpg 600w, https:\/\/www.cycloclubmarvejolais.com\/wp-content\/uploads\/2012\/03\/IMG_0304.jpg 1600w\" sizes=\"(max-width: 1024px) 100vw, 1024px\" \/><\/a>\n\t\t\t<\/dt><\/dl><dl class='gallery-item'>\n\t\t\t<dt class='gallery-icon landscape'>\n\t\t\t\t<a href='https:\/\/www.cycloclubmarvejolais.com\/wp-content\/uploads\/2012\/03\/IMG_0305.jpg'><img loading=\"lazy\" decoding=\"async\" width=\"1024\" height=\"768\" src=\"https:\/\/www.cycloclubmarvejolais.com\/wp-content\/uploads\/2012\/03\/IMG_0305-1024x768.jpg\" class=\"attachment-large size-large\" alt=\"\" srcset=\"https:\/\/www.cycloclubmarvejolais.com\/wp-content\/uploads\/2012\/03\/IMG_0305-1024x768.jpg 1024w, https:\/\/www.cycloclubmarvejolais.com\/wp-content\/uploads\/2012\/03\/IMG_0305-300x225.jpg 300w, https:\/\/www.cycloclubmarvejolais.com\/wp-content\/uploads\/2012\/03\/IMG_0305-768x576.jpg 768w, https:\/\/www.cycloclubmarvejolais.com\/wp-content\/uploads\/2012\/03\/IMG_0305-600x450.jpg 600w, https:\/\/www.cycloclubmarvejolais.com\/wp-content\/uploads\/2012\/03\/IMG_0305.jpg 1600w\" sizes=\"(max-width: 1024px) 100vw, 1024px\" \/><\/a>\n\t\t\t<\/dt><\/dl><br style=\"clear: both\" \/><dl class='gallery-item'>\n\t\t\t<dt class='gallery-icon landscape'>\n\t\t\t\t<a href='https:\/\/www.cycloclubmarvejolais.com\/wp-content\/uploads\/2012\/03\/IMG_0306.jpg'><img loading=\"lazy\" decoding=\"async\" width=\"1024\" height=\"768\" src=\"https:\/\/www.cycloclubmarvejolais.com\/wp-content\/uploads\/2012\/03\/IMG_0306-1024x768.jpg\" class=\"attachment-large size-large\" alt=\"\" srcset=\"https:\/\/www.cycloclubmarvejolais.com\/wp-content\/uploads\/2012\/03\/IMG_0306-1024x768.jpg 1024w, https:\/\/www.cycloclubmarvejolais.com\/wp-content\/uploads\/2012\/03\/IMG_0306-300x225.jpg 300w, https:\/\/www.cycloclubmarvejolais.com\/wp-content\/uploads\/2012\/03\/IMG_0306-768x576.jpg 768w, https:\/\/www.cycloclubmarvejolais.com\/wp-content\/uploads\/2012\/03\/IMG_0306-600x450.jpg 600w, https:\/\/www.cycloclubmarvejolais.com\/wp-content\/uploads\/2012\/03\/IMG_0306.jpg 1600w\" sizes=\"(max-width: 1024px) 100vw, 1024px\" \/><\/a>\n\t\t\t<\/dt><\/dl><dl class='gallery-item'>\n\t\t\t<dt class='gallery-icon landscape'>\n\t\t\t\t<a href='https:\/\/www.cycloclubmarvejolais.com\/wp-content\/uploads\/2012\/03\/IMG_0310.jpg'><img loading=\"lazy\" decoding=\"async\" width=\"1024\" height=\"768\" src=\"https:\/\/www.cycloclubmarvejolais.com\/wp-content\/uploads\/2012\/03\/IMG_0310-1024x768.jpg\" class=\"attachment-large size-large\" alt=\"\" srcset=\"https:\/\/www.cycloclubmarvejolais.com\/wp-content\/uploads\/2012\/03\/IMG_0310-1024x768.jpg 1024w, https:\/\/www.cycloclubmarvejolais.com\/wp-content\/uploads\/2012\/03\/IMG_0310-300x225.jpg 300w, https:\/\/www.cycloclubmarvejolais.com\/wp-content\/uploads\/2012\/03\/IMG_0310-768x576.jpg 768w, https:\/\/www.cycloclubmarvejolais.com\/wp-content\/uploads\/2012\/03\/IMG_0310-600x450.jpg 600w, https:\/\/www.cycloclubmarvejolais.com\/wp-content\/uploads\/2012\/03\/IMG_0310.jpg 1600w\" sizes=\"(max-width: 1024px) 100vw, 1024px\" \/><\/a>\n\t\t\t<\/dt><\/dl><dl class='gallery-item'>\n\t\t\t<dt class='gallery-icon landscape'>\n\t\t\t\t<a href='https:\/\/www.cycloclubmarvejolais.com\/wp-content\/uploads\/2012\/03\/IMG_0311.jpg'><img loading=\"lazy\" decoding=\"async\" width=\"1024\" height=\"768\" src=\"https:\/\/www.cycloclubmarvejolais.com\/wp-content\/uploads\/2012\/03\/IMG_0311-1024x768.jpg\" class=\"attachment-large size-large\" alt=\"\" srcset=\"https:\/\/www.cycloclubmarvejolais.com\/wp-content\/uploads\/2012\/03\/IMG_0311-1024x768.jpg 1024w, https:\/\/www.cycloclubmarvejolais.com\/wp-content\/uploads\/2012\/03\/IMG_0311-300x225.jpg 300w, https:\/\/www.cycloclubmarvejolais.com\/wp-content\/uploads\/2012\/03\/IMG_0311-768x576.jpg 768w, https:\/\/www.cycloclubmarvejolais.com\/wp-content\/uploads\/2012\/03\/IMG_0311-600x450.jpg 600w, https:\/\/www.cycloclubmarvejolais.com\/wp-content\/uploads\/2012\/03\/IMG_0311.jpg 1600w\" sizes=\"(max-width: 1024px) 100vw, 1024px\" \/><\/a>\n\t\t\t<\/dt><\/dl><br style=\"clear: both\" \/><dl class='gallery-item'>\n\t\t\t<dt class='gallery-icon landscape'>\n\t\t\t\t<a href='https:\/\/www.cycloclubmarvejolais.com\/wp-content\/uploads\/2012\/03\/IMG_0313.jpg'><img loading=\"lazy\" decoding=\"async\" width=\"1024\" height=\"768\" src=\"https:\/\/www.cycloclubmarvejolais.com\/wp-content\/uploads\/2012\/03\/IMG_0313-1024x768.jpg\" class=\"attachment-large size-large\" alt=\"\" srcset=\"https:\/\/www.cycloclubmarvejolais.com\/wp-content\/uploads\/2012\/03\/IMG_0313-1024x768.jpg 1024w, https:\/\/www.cycloclubmarvejolais.com\/wp-content\/uploads\/2012\/03\/IMG_0313-300x225.jpg 300w, https:\/\/www.cycloclubmarvejolais.com\/wp-content\/uploads\/2012\/03\/IMG_0313-768x576.jpg 768w, https:\/\/www.cycloclubmarvejolais.com\/wp-content\/uploads\/2012\/03\/IMG_0313-600x450.jpg 600w, https:\/\/www.cycloclubmarvejolais.com\/wp-content\/uploads\/2012\/03\/IMG_0313.jpg 1600w\" sizes=\"(max-width: 1024px) 100vw, 1024px\" \/><\/a>\n\t\t\t<\/dt><\/dl><dl class='gallery-item'>\n\t\t\t<dt class='gallery-icon landscape'>\n\t\t\t\t<a href='https:\/\/www.cycloclubmarvejolais.com\/wp-content\/uploads\/2012\/03\/IMG_0314.jpg'><img loading=\"lazy\" decoding=\"async\" width=\"1024\" height=\"768\" src=\"https:\/\/www.cycloclubmarvejolais.com\/wp-content\/uploads\/2012\/03\/IMG_0314-1024x768.jpg\" class=\"attachment-large size-large\" alt=\"\" srcset=\"https:\/\/www.cycloclubmarvejolais.com\/wp-content\/uploads\/2012\/03\/IMG_0314-1024x768.jpg 1024w, https:\/\/www.cycloclubmarvejolais.com\/wp-content\/uploads\/2012\/03\/IMG_0314-300x225.jpg 300w, https:\/\/www.cycloclubmarvejolais.com\/wp-content\/uploads\/2012\/03\/IMG_0314-768x576.jpg 768w, https:\/\/www.cycloclubmarvejolais.com\/wp-content\/uploads\/2012\/03\/IMG_0314-600x450.jpg 600w, https:\/\/www.cycloclubmarvejolais.com\/wp-content\/uploads\/2012\/03\/IMG_0314.jpg 1600w\" sizes=\"(max-width: 1024px) 100vw, 1024px\" \/><\/a>\n\t\t\t<\/dt><\/dl><dl class='gallery-item'>\n\t\t\t<dt class='gallery-icon landscape'>\n\t\t\t\t<a href='https:\/\/www.cycloclubmarvejolais.com\/wp-content\/uploads\/2012\/03\/IMG_0315.jpg'><img loading=\"lazy\" decoding=\"async\" width=\"1024\" height=\"768\" src=\"https:\/\/www.cycloclubmarvejolais.com\/wp-content\/uploads\/2012\/03\/IMG_0315-1024x768.jpg\" class=\"attachment-large size-large\" alt=\"\" srcset=\"https:\/\/www.cycloclubmarvejolais.com\/wp-content\/uploads\/2012\/03\/IMG_0315-1024x768.jpg 1024w, https:\/\/www.cycloclubmarvejolais.com\/wp-content\/uploads\/2012\/03\/IMG_0315-300x225.jpg 300w, https:\/\/www.cycloclubmarvejolais.com\/wp-content\/uploads\/2012\/03\/IMG_0315-768x576.jpg 768w, https:\/\/www.cycloclubmarvejolais.com\/wp-content\/uploads\/2012\/03\/IMG_0315-600x450.jpg 600w, https:\/\/www.cycloclubmarvejolais.com\/wp-content\/uploads\/2012\/03\/IMG_0315.jpg 1600w\" sizes=\"(max-width: 1024px) 100vw, 1024px\" \/><\/a>\n\t\t\t<\/dt><\/dl><br style=\"clear: both\" \/>\n\t\t<\/div>\n\n<\/div>\n","protected":false},"excerpt":{"rendered":"<p>Josette, Denis, Louis, Jacky,Michel, et le pr\u00e9sident s\u2019\u00e9taient donn\u00e9 rendez vous \u00e0 Chirac ce dimanche pour repr\u00e9senter le club \u00e0 la randonn\u00e9e du salagou.&#46;&#46;&#46;<\/p>\n","protected":false},"author":1,"featured_media":1855,"comment_status":"open","ping_status":"open","sticky":false,"template":"","format":"standard","meta":{"footnotes":""},"categories":[49],"tags":[],"_links":{"self":[{"href":"https:\/\/www.cycloclubmarvejolais.com\/index.php?rest_route=\/wp\/v2\/posts\/1859"}],"collection":[{"href":"https:\/\/www.cycloclubmarvejolais.com\/index.php?rest_route=\/wp\/v2\/posts"}],"about":[{"href":"https:\/\/www.cycloclubmarvejolais.com\/index.php?rest_route=\/wp\/v2\/types\/post"}],"author":[{"embeddable":true,"href":"https:\/\/www.cycloclubmarvejolais.com\/index.php?rest_route=\/wp\/v2\/users\/1"}],"replies":[{"embeddable":true,"href":"https:\/\/www.cycloclubmarvejolais.com\/index.php?rest_route=%2Fwp%2Fv2%2Fcomments&post=1859"}],"version-history":[{"count":2,"href":"https:\/\/www.cycloclubmarvejolais.com\/index.php?rest_route=\/wp\/v2\/posts\/1859\/revisions"}],"predecessor-version":[{"id":1873,"href":"https:\/\/www.cycloclubmarvejolais.com\/index.php?rest_route=\/wp\/v2\/posts\/1859\/revisions\/1873"}],"wp:featuredmedia":[{"embeddable":true,"href":"https:\/\/www.cycloclubmarvejolais.com\/index.php?rest_route=\/wp\/v2\/media\/1855"}],"wp:attachment":[{"href":"https:\/\/www.cycloclubmarvejolais.com\/index.php?rest_route=%2Fwp%2Fv2%2Fmedia&parent=1859"}],"wp:term":[{"taxonomy":"category","embeddable":true,"href":"https:\/\/www.cycloclubmarvejolais.com\/index.php?rest_route=%2Fwp%2Fv2%2Fcategories&post=1859"},{"taxonomy":"post_tag","embeddable":true,"href":"https:\/\/www.cycloclubmarvejolais.com\/index.php?rest_route=%2Fwp%2Fv2%2Ftags&post=1859"}],"curies":[{"name":"wp","href":"https:\/\/api.w.org\/{rel}","templated":true}]}}