{"id":1898,"date":"2015-09-10T16:29:39","date_gmt":"2015-09-10T14:29:39","guid":{"rendered":"http:\/\/www.cycloclubmarvejolais.com\/?p=1898"},"modified":"2024-01-02T23:35:12","modified_gmt":"2024-01-02T22:35:12","slug":"codep-saint-sernin-sur-rance","status":"publish","type":"post","link":"https:\/\/www.cycloclubmarvejolais.com\/?p=1898","title":{"rendered":"CODEP &#8211; Saint-Sernin sur Rance"},"content":{"rendered":"<div id=\"txt_594\">\n<p class=\"Corps-P-P1\"><span class=\"Corps-C-C1\"><a href=\"http:\/\/www.cycloclubmarvejolais.com\/wp-content\/uploads\/2016\/12\/DSCF2374.jpg\"><img loading=\"lazy\" decoding=\"async\" class=\"alignleft wp-image-1977\" src=\"http:\/\/www.cycloclubmarvejolais.com\/wp-content\/uploads\/2016\/12\/DSCF2374-300x225.jpg\" width=\"230\" height=\"173\" srcset=\"https:\/\/www.cycloclubmarvejolais.com\/wp-content\/uploads\/2016\/12\/DSCF2374-300x225.jpg 300w, https:\/\/www.cycloclubmarvejolais.com\/wp-content\/uploads\/2016\/12\/DSCF2374-768x576.jpg 768w, https:\/\/www.cycloclubmarvejolais.com\/wp-content\/uploads\/2016\/12\/DSCF2374-1024x769.jpg 1024w, https:\/\/www.cycloclubmarvejolais.com\/wp-content\/uploads\/2016\/12\/DSCF2374-600x450.jpg 600w, https:\/\/www.cycloclubmarvejolais.com\/wp-content\/uploads\/2016\/12\/DSCF2374.jpg 1600w\" sizes=\"(max-width: 230px) 100vw, 230px\" \/><\/a> Ce sont 39 cyclos et accompagnants qui se sont retrouv\u00e9s \u00e0 St SERNIN SUR RANCE pour un week-<wbr \/>end prolong\u00e9 organis\u00e9 par le CODEP 48.<\/span><\/p>\n<p class=\"Corps-P-P1\"><span class=\"Corps-C-C1\">Comme \u00e0 l\u2019accoutum\u00e9e, d\u00e8s le vendredi apr\u00e8s midi , les cyclos pouvaient d\u00e9couvrir les premiers circuits qui ont \u00e9t\u00e9 propos\u00e9s par le cyclo club mendois. Pas de d\u00e9ception \u00a0car les d\u00e9nivel\u00e9s annonc\u00e9s \u00e9taient bien pr\u00e9sents et laissaient pr\u00e9sager d\u2019un s\u00e9jour un peu hard.<\/span><\/p>\n<p class=\"Corps-P-P1\"><span class=\"Corps-C-C1\">Le samedi , d\u00e9part pour une journ\u00e9e de v\u00e9lo avec plusieurs circuits et si les kilom\u00e9trages n\u2019\u00e9taient pas \u00e9normes, le cumul des d\u00e9nivel\u00e9s ont atteint des chiffres cons\u00e9quents (ex: 1500m pour 82 kms et plus de 2000 pour ceux qui ont voulu affronter les grands circuits).<a href=\"http:\/\/www.cycloclubmarvejolais.com\/wp-content\/uploads\/2016\/12\/DSC00804.jpg\"><img loading=\"lazy\" decoding=\"async\" class=\"alignleft wp-image-1916\" src=\"http:\/\/www.cycloclubmarvejolais.com\/wp-content\/uploads\/2016\/12\/DSC00804-300x225.jpg\" width=\"230\" height=\"173\" srcset=\"https:\/\/www.cycloclubmarvejolais.com\/wp-content\/uploads\/2016\/12\/DSC00804-300x225.jpg 300w, https:\/\/www.cycloclubmarvejolais.com\/wp-content\/uploads\/2016\/12\/DSC00804-768x576.jpg 768w, https:\/\/www.cycloclubmarvejolais.com\/wp-content\/uploads\/2016\/12\/DSC00804-1024x768.jpg 1024w, https:\/\/www.cycloclubmarvejolais.com\/wp-content\/uploads\/2016\/12\/DSC00804-600x450.jpg 600w, https:\/\/www.cycloclubmarvejolais.com\/wp-content\/uploads\/2016\/12\/DSC00804.jpg 1600w\" sizes=\"(max-width: 230px) 100vw, 230px\" \/><\/a><\/span><\/p>\n<p class=\"Corps-P-P1\"><span class=\"Corps-C-C1\">Heureusement la pause d\u00e9jeuner \u00e0 Lacaune les bains fut un r\u00e9gal pour les yeux et les papilles. En contre partie de cela il fut un peu difficile de r\u00e9enfourcher le v\u00e9lo sachant les c\u00f4tes qui nous attendaient.<\/span><\/p>\n<p class=\"Corps-P-P1\"><span class=\"Corps-C-C1\">Parmi les cyclos marvejolais notons que \u00a0trois \u00ab\u00a0chasseurs de cols\u00a0\u00bb membres de la confr\u00e9rie des cent cols \u00a0sont partis \u00a0gravir de nombreux cols pendant ces trois jours \u00a0( Jacky &#8211;<wbr \/> Denis et Alain D, pas votre serviteur, les c\u00f4tes lui font peur).<\/span><\/p>\n<p class=\"Corps-P-P1\"><span class=\"Corps-C-C1\"><a href=\"http:\/\/www.cycloclubmarvejolais.com\/wp-content\/uploads\/2016\/12\/DSC00823.jpg\"><img loading=\"lazy\" decoding=\"async\" class=\"wp-image-1931 alignleft\" src=\"http:\/\/www.cycloclubmarvejolais.com\/wp-content\/uploads\/2016\/12\/DSC00823-300x225.jpg\" width=\"230\" height=\"173\" srcset=\"https:\/\/www.cycloclubmarvejolais.com\/wp-content\/uploads\/2016\/12\/DSC00823-300x225.jpg 300w, https:\/\/www.cycloclubmarvejolais.com\/wp-content\/uploads\/2016\/12\/DSC00823-768x576.jpg 768w, https:\/\/www.cycloclubmarvejolais.com\/wp-content\/uploads\/2016\/12\/DSC00823-1024x768.jpg 1024w, https:\/\/www.cycloclubmarvejolais.com\/wp-content\/uploads\/2016\/12\/DSC00823-600x450.jpg 600w, https:\/\/www.cycloclubmarvejolais.com\/wp-content\/uploads\/2016\/12\/DSC00823.jpg 1600w\" sizes=\"(max-width: 230px) 100vw, 230px\" \/><\/a><a href=\"http:\/\/www.cycloclubmarvejolais.com\/wp-content\/uploads\/2016\/12\/DSC00831.jpg\"><img loading=\"lazy\" decoding=\"async\" class=\"alignright wp-image-1938\" src=\"http:\/\/www.cycloclubmarvejolais.com\/wp-content\/uploads\/2016\/12\/DSC00831-300x225.jpg\" width=\"230\" height=\"173\" srcset=\"https:\/\/www.cycloclubmarvejolais.com\/wp-content\/uploads\/2016\/12\/DSC00831-300x225.jpg 300w, https:\/\/www.cycloclubmarvejolais.com\/wp-content\/uploads\/2016\/12\/DSC00831-768x576.jpg 768w, https:\/\/www.cycloclubmarvejolais.com\/wp-content\/uploads\/2016\/12\/DSC00831-1024x768.jpg 1024w, https:\/\/www.cycloclubmarvejolais.com\/wp-content\/uploads\/2016\/12\/DSC00831-600x450.jpg 600w, https:\/\/www.cycloclubmarvejolais.com\/wp-content\/uploads\/2016\/12\/DSC00831.jpg 1600w\" sizes=\"(max-width: 230px) 100vw, 230px\" \/><\/a>Enfin notons aussi la pr\u00e9sence de plusieurs f\u00e9minines dans chaque club .<\/span><\/p>\n<p class=\"Corps-P-P1\"><span class=\"Corps-C-C1\">Encore cette ann\u00e9e, ce s\u00e9jour fut un r\u00e9el succ\u00e8s , H\u00e9bergement de qualit\u00e9 et sympathique (merci au responsable pour son pot d\u2019accueil fort appr\u00e9ci\u00e9) \u00a0des circuits pour chacun et une ambiance inter club chaleureuse , le but de ces s\u00e9jours CODEP \u00e9tant de se retrouver autour d\u2019une m\u00eame passion.<\/span><\/p>\n<p class=\"Corps-P-P1\"><span class=\"Corps-C-C1\">Merci au cyclo club mendois et au Pr\u00e9sident du codep , Francis VALADIER pour cette organisation.<\/span><\/p>\n<p class=\"Corps-P-P1\"><span class=\"Corps-C-C1\">\u00c0 l\u2019ann\u00e9e prochaine.<\/span><\/p>\n<p class=\"Corps-P-P1\"><span style=\"font-size: 10pt;\"><em>Pour voir toutes les photos, vous devez poss\u00e9der un compte sur le site Internet et <a href=\"http:\/\/www.cycloclubmarvejolais.com\/2015\/09\/09\/album-sejour-codep-2015\/\">cliquer sur ce lien<\/a><\/em><\/span><\/p>\n<p class=\"Corps-P-P1\"><span class=\"Corps-C-C1\"><a href=\"http:\/\/www.cycloclubmarvejolais.com\/wp-content\/uploads\/2016\/12\/DSC00798.jpg\"><img loading=\"lazy\" decoding=\"async\" class=\"wp-image-1911 alignleft\" src=\"http:\/\/www.cycloclubmarvejolais.com\/wp-content\/uploads\/2016\/12\/DSC00798-300x225.jpg\" alt=\"\" width=\"231\" height=\"173\" srcset=\"https:\/\/www.cycloclubmarvejolais.com\/wp-content\/uploads\/2016\/12\/DSC00798-300x225.jpg 300w, https:\/\/www.cycloclubmarvejolais.com\/wp-content\/uploads\/2016\/12\/DSC00798-768x576.jpg 768w, https:\/\/www.cycloclubmarvejolais.com\/wp-content\/uploads\/2016\/12\/DSC00798-1024x768.jpg 1024w, https:\/\/www.cycloclubmarvejolais.com\/wp-content\/uploads\/2016\/12\/DSC00798-600x450.jpg 600w, https:\/\/www.cycloclubmarvejolais.com\/wp-content\/uploads\/2016\/12\/DSC00798.jpg 1600w\" sizes=\"(max-width: 231px) 100vw, 231px\" \/><\/a><\/span><\/p>\n<\/div>\n","protected":false},"excerpt":{"rendered":"<p>Ce sont 39 cyclos et accompagnants qui se sont retrouv\u00e9s \u00e0 St SERNIN SUR RANCE pour un week-end prolong\u00e9 organis\u00e9 par le CODEP 48.&#46;&#46;&#46;<\/p>\n","protected":false},"author":1,"featured_media":1970,"comment_status":"open","ping_status":"open","sticky":false,"template":"","format":"standard","meta":{"footnotes":""},"categories":[18,46],"tags":[],"_links":{"self":[{"href":"https:\/\/www.cycloclubmarvejolais.com\/index.php?rest_route=\/wp\/v2\/posts\/1898"}],"collection":[{"href":"https:\/\/www.cycloclubmarvejolais.com\/index.php?rest_route=\/wp\/v2\/posts"}],"about":[{"href":"https:\/\/www.cycloclubmarvejolais.com\/index.php?rest_route=\/wp\/v2\/types\/post"}],"author":[{"embeddable":true,"href":"https:\/\/www.cycloclubmarvejolais.com\/index.php?rest_route=\/wp\/v2\/users\/1"}],"replies":[{"embeddable":true,"href":"https:\/\/www.cycloclubmarvejolais.com\/index.php?rest_route=%2Fwp%2Fv2%2Fcomments&post=1898"}],"version-history":[{"count":4,"href":"https:\/\/www.cycloclubmarvejolais.com\/index.php?rest_route=\/wp\/v2\/posts\/1898\/revisions"}],"predecessor-version":[{"id":2012,"href":"https:\/\/www.cycloclubmarvejolais.com\/index.php?rest_route=\/wp\/v2\/posts\/1898\/revisions\/2012"}],"wp:featuredmedia":[{"embeddable":true,"href":"https:\/\/www.cycloclubmarvejolais.com\/index.php?rest_route=\/wp\/v2\/media\/1970"}],"wp:attachment":[{"href":"https:\/\/www.cycloclubmarvejolais.com\/index.php?rest_route=%2Fwp%2Fv2%2Fmedia&parent=1898"}],"wp:term":[{"taxonomy":"category","embeddable":true,"href":"https:\/\/www.cycloclubmarvejolais.com\/index.php?rest_route=%2Fwp%2Fv2%2Fcategories&post=1898"},{"taxonomy":"post_tag","embeddable":true,"href":"https:\/\/www.cycloclubmarvejolais.com\/index.php?rest_route=%2Fwp%2Fv2%2Ftags&post=1898"}],"curies":[{"name":"wp","href":"https:\/\/api.w.org\/{rel}","templated":true}]}}