{"id":2096,"date":"2014-09-04T10:18:09","date_gmt":"2014-09-04T08:18:09","guid":{"rendered":"http:\/\/www.cycloclubmarvejolais.com\/?p=2096"},"modified":"2024-01-02T23:34:35","modified_gmt":"2024-01-02T22:34:35","slug":"sejour-annecy","status":"publish","type":"post","link":"https:\/\/www.cycloclubmarvejolais.com\/?p=2096","title":{"rendered":"S\u00e9jour Annecy"},"content":{"rendered":"<p class=\"Corps-P-P2\"><span class=\"Corps-C-C1\"><a href=\"http:\/\/www.cycloclubmarvejolais.com\/wp-content\/uploads\/2016\/12\/IMG_8717.jpg\"><img loading=\"lazy\" decoding=\"async\" class=\"alignleft size-thumbnail wp-image-2132\" src=\"http:\/\/www.cycloclubmarvejolais.com\/wp-content\/uploads\/2016\/12\/IMG_8717-150x150.jpg\" alt=\"\" width=\"150\" height=\"150\" srcset=\"https:\/\/www.cycloclubmarvejolais.com\/wp-content\/uploads\/2016\/12\/IMG_8717-150x150.jpg 150w, https:\/\/www.cycloclubmarvejolais.com\/wp-content\/uploads\/2016\/12\/IMG_8717-160x160.jpg 160w, https:\/\/www.cycloclubmarvejolais.com\/wp-content\/uploads\/2016\/12\/IMG_8717-320x320.jpg 320w\" sizes=\"(max-width: 150px) 100vw, 150px\" \/><\/a>Le s\u00e9jour annuel du CODEP 48 , s\u2019est tenu cette ann\u00e9e sur les rives du lac d\u2019Annecy dans un cadre verdoyant et idyllique. Au programme de belles ascensions pour les amoureux de d\u00e9nivel\u00e9s mais aussi des parcours plus accessibles \u00e0 tous. Le repas du samedi midi a regroup\u00e9 l\u2019ensemble des cyclos au restaurant du grand Bornan et ce moment reste toujours un moment de convivialit\u00e9 inter club int\u00e9ressant.<\/span><\/p>\n<p class=\"Corps-P-P2\"><span class=\"Corps-C-C1\">Le s\u00e9jour ayant \u00e9t\u00e9 organis\u00e9 par le cyclo club marvejolais, ceux ci ont prolong\u00e9 le s\u00e9jour jusqu\u2019au mardi.\u00a0<\/span><\/p>\n<p class=\"Corps-P-P2\"><span class=\"Corps-C-C1\">Les cyclos ont particuli\u00e8rement apppr\u00e9ci\u00e9 un h\u00e9bergement de qualit\u00e9, ( voir photo ci-<wbr \/>dessous )<\/span><\/p>\n<p class=\"Corps-P-P2\"><span class=\"Corps-C-C1\">Cette prolongation a \u00e9t\u00e9 favorable \u00e0 une d\u00e9couverte plus approfondie de ce site avec en particulier la visite du vieil Annecy.<\/span><\/p>\n<p class=\"Corps-P-P2\"><em><span style=\"font-size: 10pt;\">Pour voir toutes les photos, veuillez vous rendre sur ce lien<\/span><\/em><\/p>\n","protected":false},"excerpt":{"rendered":"<p>Le s\u00e9jour annuel du CODEP 48 , s\u2019est tenu cette ann\u00e9e sur les rives du lac d\u2019Annecy dans un cadre verdoyant et idyllique. Au&#46;&#46;&#46;<\/p>\n","protected":false},"author":1,"featured_media":2126,"comment_status":"open","ping_status":"open","sticky":false,"template":"","format":"standard","meta":{"footnotes":""},"categories":[18,46],"tags":[],"_links":{"self":[{"href":"https:\/\/www.cycloclubmarvejolais.com\/index.php?rest_route=\/wp\/v2\/posts\/2096"}],"collection":[{"href":"https:\/\/www.cycloclubmarvejolais.com\/index.php?rest_route=\/wp\/v2\/posts"}],"about":[{"href":"https:\/\/www.cycloclubmarvejolais.com\/index.php?rest_route=\/wp\/v2\/types\/post"}],"author":[{"embeddable":true,"href":"https:\/\/www.cycloclubmarvejolais.com\/index.php?rest_route=\/wp\/v2\/users\/1"}],"replies":[{"embeddable":true,"href":"https:\/\/www.cycloclubmarvejolais.com\/index.php?rest_route=%2Fwp%2Fv2%2Fcomments&post=2096"}],"version-history":[{"count":1,"href":"https:\/\/www.cycloclubmarvejolais.com\/index.php?rest_route=\/wp\/v2\/posts\/2096\/revisions"}],"predecessor-version":[{"id":2152,"href":"https:\/\/www.cycloclubmarvejolais.com\/index.php?rest_route=\/wp\/v2\/posts\/2096\/revisions\/2152"}],"wp:featuredmedia":[{"embeddable":true,"href":"https:\/\/www.cycloclubmarvejolais.com\/index.php?rest_route=\/wp\/v2\/media\/2126"}],"wp:attachment":[{"href":"https:\/\/www.cycloclubmarvejolais.com\/index.php?rest_route=%2Fwp%2Fv2%2Fmedia&parent=2096"}],"wp:term":[{"taxonomy":"category","embeddable":true,"href":"https:\/\/www.cycloclubmarvejolais.com\/index.php?rest_route=%2Fwp%2Fv2%2Fcategories&post=2096"},{"taxonomy":"post_tag","embeddable":true,"href":"https:\/\/www.cycloclubmarvejolais.com\/index.php?rest_route=%2Fwp%2Fv2%2Ftags&post=2096"}],"curies":[{"name":"wp","href":"https:\/\/api.w.org\/{rel}","templated":true}]}}