{"id":213,"date":"2016-12-16T12:02:57","date_gmt":"2016-12-16T11:02:57","guid":{"rendered":"http:\/\/www.cycloclubmarvejolais.com\/?p=213"},"modified":"2018-04-22T22:57:11","modified_gmt":"2018-04-22T20:57:11","slug":"historique-du-club","status":"publish","type":"post","link":"https:\/\/www.cycloclubmarvejolais.com\/?p=213","title":{"rendered":"Historique du club"},"content":{"rendered":"<h3 style=\"text-align: left;\">Les anciens pr\u00e9sidents<\/h3>\n<div>\n<div class=\"csRow\">\n<div class=\"csColumnGap\" style=\"margin: 0px; padding: 0px; float: left; width: 1.56%;\"><img decoding=\"async\" src=\"http:\/\/www.cycloclubmarvejolais.com\/wp-content\/plugins\/advanced-wp-columns\/assets\/js\/plugins\/views\/img\/1x1-pixel.png\" \/><\/div>\n<div class=\"csColumn\" style=\"margin: 0px; padding: 0px; float: left; width: 23%;\" data-csstartpoint=\"15\" data-csendpoint=\"236\" data-cswidth=\"23.0%\" data-csid=\"635ea417-603b-11b8-87c3-6536fcd6c054\">\n<div class=\"Corps-P\" style=\"text-align: center;\">\n<p><span style=\"font-size: 8pt;\"><strong><span class=\"Corps-C-C4\"><span class=\"Corps-C-C4\">Hubert VIGAND<\/span><\/span><\/strong><\/span><\/p>\n<p><img loading=\"lazy\" decoding=\"async\" class=\"size-full wp-image-214\" src=\"http:\/\/www.cycloclubmarvejolais.com\/wp-content\/uploads\/2016\/12\/hubert-vigan.png\" alt=\"\" width=\"134\" height=\"185\" \/><\/p>\n<p style=\"text-align: left;\"><span class=\"Corps-C-C5\" style=\"font-size: 8pt;\">Fondateur du cyclo-club-Marvejolais, il laissa la place assez rapidement pour se consacrer pleinement \u00e0 la direction du CEM de Montrodat<\/span><\/p>\n<\/div>\n<\/div>\n<div class=\"csColumnGap\" style=\"margin: 0px; padding: 0px; float: left; width: 1.56%;\"><span style=\"font-size: 8pt;\"><img decoding=\"async\" src=\"http:\/\/www.cycloclubmarvejolais.com\/wp-content\/plugins\/advanced-wp-columns\/assets\/js\/plugins\/views\/img\/1x1-pixel.png\" \/><\/span><\/div>\n<div class=\"csColumn\" style=\"margin: 0px; padding: 0px; float: left; width: 23%;\" data-csstartpoint=\"251\" data-csendpoint=\"472\" data-cswidth=\"23.0%\" data-csid=\"81cfd7f5-dac6-405c-a23f-a61807073537\">\n<p style=\"text-align: center;\"><span style=\"font-size: 8pt;\">\u00a0<span class=\"Corps-C-C7\"><strong>Pierre MALGOIRE<\/strong><\/span><\/span><\/p>\n<div>\n<div class=\"Corps-P\" style=\"text-align: left;\"><span style=\"font-size: 8pt;\"><img loading=\"lazy\" decoding=\"async\" class=\"wp-image-216 aligncenter\" src=\"http:\/\/www.cycloclubmarvejolais.com\/wp-content\/uploads\/2016\/12\/pierre-malgoire.jpg\" alt=\"\" width=\"123\" height=\"182\" \/><\/span><\/div>\n<div class=\"Corps-P\" style=\"text-align: left;\"><span class=\"Corps-C-C8\" style=\"font-size: 8pt;\">Il occupa cette fonction pendant 16 ann\u00e9es cons\u00e9cutives; Pierrot, un amoureux de sa loz\u00e8re, avec lui \u00a0pas de probl\u00e8me pour se ravitailler en eau , il en conna\u00eet toutes les sources.<\/span><\/div>\n<\/div>\n<\/div>\n<div class=\"csColumnGap\" style=\"margin: 0px; padding: 0px; float: left; width: 1.56%;\"><span style=\"font-size: 8pt;\"><img decoding=\"async\" src=\"http:\/\/www.cycloclubmarvejolais.com\/wp-content\/plugins\/advanced-wp-columns\/assets\/js\/plugins\/views\/img\/1x1-pixel.png\" \/><\/span><\/div>\n<div class=\"csColumn\" style=\"margin: 0px; padding: 0px; float: left; width: 23%;\" data-csstartpoint=\"487\" data-csendpoint=\"708\" data-cswidth=\"23.0%\" data-csid=\"e531b96b-8476-2040-86c2-03607693db38\">\n<p style=\"text-align: center;\"><span style=\"font-size: 8pt;\"><strong>Jean ADELIN<br \/>\n<img loading=\"lazy\" decoding=\"async\" class=\"aligncenter size-full wp-image-227\" src=\"http:\/\/www.cycloclubmarvejolais.com\/wp-content\/uploads\/2016\/12\/jean-adelin.jpg\" alt=\"\" width=\"131\" height=\"197\" \/><\/strong><\/span><\/p>\n<p style=\"text-align: left;\"><span class=\"Corps-C-C10\" style=\"font-size: 8pt;\">Un passionn\u00e9 de v\u00e9lo au sens propre du terme, aujourd\u2019hui encore \u00e0 80 ans il aligne au compteur pr\u00e8s de 10000 kms.<br \/>\nLa m\u00e9t\u00e9o ne l\u2019effraie pas.<br \/>\n<\/span><span class=\"Corps-C-C10\" style=\"font-size: 8pt;\">Saison 2012, pour ses 80 ans il a align\u00e9 12370 kms.<\/span><\/p>\n<\/div>\n<div class=\"csColumnGap\" style=\"margin: 0px; padding: 0px; float: left; width: 1.56%;\"><span style=\"font-size: 8pt;\"><img decoding=\"async\" src=\"http:\/\/www.cycloclubmarvejolais.com\/wp-content\/plugins\/advanced-wp-columns\/assets\/js\/plugins\/views\/img\/1x1-pixel.png\" \/><\/span><\/div>\n<div class=\"csColumn\" style=\"margin: 0px; padding: 0px; float: left; width: 23.1%;\" data-csstartpoint=\"723\" data-csendpoint=\"945\" data-cswidth=\"23.1%\" data-csid=\"455b3182-6495-ea8f-b1ae-274f3652801d\">\n<p style=\"text-align: center;\"><span style=\"font-size: 8pt;\">\u00a0<span class=\"Corps-C-C7\"><strong>Alain DURAND<\/strong><\/span><\/span><span class=\"Corps-C-C7\" style=\"font-size: 8pt;\"><strong><img loading=\"lazy\" decoding=\"async\" class=\"aligncenter size-full wp-image-228\" src=\"http:\/\/www.cycloclubmarvejolais.com\/wp-content\/uploads\/2016\/12\/alain-durand.jpg\" alt=\"\" width=\"136\" height=\"201\" \/><\/strong><\/span><\/p>\n<div>\n<div class=\"Corps-P\" style=\"text-align: left;\"><span class=\"Corps-C-C12\" style=\"font-size: 8pt;\">Membre du club des 100 cols , il est \u00e0 l\u2019affut de toutes les routes pentues. Au cours des 12 ann\u00e9es de mandat il a redynamis\u00e9 les sorties et s\u00e9jours ainsi que la randonn\u00e9e annuelle du club.<br \/>\n<\/span><span class=\"Corps-C-C7\"><strong><br \/>\n<\/strong><\/span><\/div>\n<div><\/div>\n<\/div>\n<\/div>\n<div class=\"csColumnGap\" style=\"margin: 0px; padding: 0px; float: left; width: 1.56%;\"><img decoding=\"async\" src=\"http:\/\/www.cycloclubmarvejolais.com\/wp-content\/plugins\/advanced-wp-columns\/assets\/js\/plugins\/views\/img\/1x1-pixel.png\" \/><\/div>\n<div style=\"clear: both; float: none; display: block; visibility: hidden; width: 0px; font-size: 0px; line-height: 0;\"><\/div>\n<\/div>\n<\/div>\n<p><span style=\"font-size: 8pt;\"><strong>Denis CASTAREDE<\/strong><\/span><\/p>\n<p><img loading=\"lazy\" decoding=\"async\" class=\"alignnone wp-image-3802 size-thumbnail\" src=\"http:\/\/www.cycloclubmarvejolais.com\/wp-content\/uploads\/2017\/06\/Ventoux-74-150x150.jpg\" alt=\"\" width=\"150\" height=\"150\" srcset=\"https:\/\/www.cycloclubmarvejolais.com\/wp-content\/uploads\/2017\/06\/Ventoux-74-150x150.jpg 150w, https:\/\/www.cycloclubmarvejolais.com\/wp-content\/uploads\/2017\/06\/Ventoux-74-160x160.jpg 160w, https:\/\/www.cycloclubmarvejolais.com\/wp-content\/uploads\/2017\/06\/Ventoux-74-320x320.jpg 320w\" sizes=\"(max-width: 150px) 100vw, 150px\" \/><\/p>\n<p><span style=\"font-size: 8pt;\">Membre du club des 100 cols, il aime ce<br \/>\n<\/span><span style=\"font-size: 8pt;\">surpasser apr\u00e8s avoir effectu\u00e9 Paris Brest Paris ou<br \/>\n<\/span><span style=\"font-size: 8pt;\">encore Le tour du Mont Blanc. Au cours des 5 ann\u00e9es<br \/>\n<\/span><span style=\"font-size: 8pt;\">de mandat, il l&rsquo;a dynamiser le club et la fait grandir.<\/span><\/p>\n<p>&nbsp;<\/p>\n<p>&nbsp;<\/p>\n<h3>Retour en arri\u00e8re<\/h3>\n<h5 class=\"Corps-P\"><span class=\"Corps-C\">DEPART LE DIMANCHE MATIN<br \/>\n<\/span><\/h5>\n<div class=\"Corps-P\"><span class=\"Corps-C\">Dans les <span style=\"color: #0000ff;\"><strong>ann\u00e9es 1970-<wbr \/>1990,<\/strong><\/span> les membres du cyclo-<wbr \/>club \u00e9taient tous actifs, et donc la seule sortie \u00e9tait une sortie collective le dimanche matin, au d\u00e9part du si\u00e8ge social.<br \/>\n<\/span><\/div>\n<div class=\"Corps-P\"><span class=\"Corps-C\">La saison d\u00e9butait le premier dimanche de Mars et s\u2019arr\u00eatait souvent aux premiers frimas , fin octobre.<br \/>\n<\/span><\/div>\n<div class=\"Corps-P\"><span class=\"Corps-C\">Une bien courte saison en regard de \u00a0la pratique \u00a0d\u2019aujourd\u2019hui et les compteurs arrivaient difficilement \u00e0 3000 kms.<br \/>\n<\/span><\/div>\n<div class=\"Corps-P\"><span class=\"Corps-C\">Cependant la fougue de notre jeunesse nous permettait de gravir la cote de Bonnecombe d\u00e8s le mois de Mai , avant la transhumance.<br \/>\n<\/span><\/div>\n<div class=\"Corps-P\"><span class=\"Corps-C\">Il faut bien avouer que si les sorties du dimanche matin pouvaient \u00eatre longues et difficiles, le manque d\u2019entrainement avait pour cons\u00e9quence \u00a0des dimanches apr\u00e8s midi beaucoup moins vaillants.<\/span><\/div>\n\n\t\t<style>\n\t\t\t#gallery-1 {\n\t\t\t\tmargin: auto;\n\t\t\t}\n\t\t\t#gallery-1 .gallery-item {\n\t\t\t\tfloat: left;\n\t\t\t\tmargin-top: 10px;\n\t\t\t\ttext-align: center;\n\t\t\t\twidth: 33%;\n\t\t\t}\n\t\t\t#gallery-1 img {\n\t\t\t\tborder: 2px solid #cfcfcf;\n\t\t\t}\n\t\t\t#gallery-1 .gallery-caption {\n\t\t\t\tmargin-left: 0;\n\t\t\t}\n\t\t\t\/* see gallery_shortcode() in wp-includes\/media.php *\/\n\t\t<\/style>\n\t\t<div id='gallery-1' class='gallery galleryid-213 gallery-columns-3 gallery-size-full'><dl class='gallery-item'>\n\t\t\t<dt class='gallery-icon landscape'>\n\t\t\t\t<a href='https:\/\/www.cycloclubmarvejolais.com\/wp-content\/uploads\/2016\/12\/wp0e66fa86_05_06.jpg'><img loading=\"lazy\" decoding=\"async\" width=\"362\" height=\"229\" src=\"https:\/\/www.cycloclubmarvejolais.com\/wp-content\/uploads\/2016\/12\/wp0e66fa86_05_06.jpg\" class=\"attachment-full size-full\" alt=\"\" srcset=\"https:\/\/www.cycloclubmarvejolais.com\/wp-content\/uploads\/2016\/12\/wp0e66fa86_05_06.jpg 362w, https:\/\/www.cycloclubmarvejolais.com\/wp-content\/uploads\/2016\/12\/wp0e66fa86_05_06-300x190.jpg 300w\" sizes=\"(max-width: 362px) 100vw, 362px\" \/><\/a>\n\t\t\t<\/dt><\/dl><dl class='gallery-item'>\n\t\t\t<dt class='gallery-icon landscape'>\n\t\t\t\t<a href='https:\/\/www.cycloclubmarvejolais.com\/wp-content\/uploads\/2016\/12\/wp9987c638_05_06.jpg'><img loading=\"lazy\" decoding=\"async\" width=\"361\" height=\"230\" src=\"https:\/\/www.cycloclubmarvejolais.com\/wp-content\/uploads\/2016\/12\/wp9987c638_05_06.jpg\" class=\"attachment-full size-full\" alt=\"\" srcset=\"https:\/\/www.cycloclubmarvejolais.com\/wp-content\/uploads\/2016\/12\/wp9987c638_05_06.jpg 361w, https:\/\/www.cycloclubmarvejolais.com\/wp-content\/uploads\/2016\/12\/wp9987c638_05_06-300x191.jpg 300w\" sizes=\"(max-width: 361px) 100vw, 361px\" \/><\/a>\n\t\t\t<\/dt><\/dl><dl class='gallery-item'>\n\t\t\t<dt class='gallery-icon landscape'>\n\t\t\t\t<a href='https:\/\/www.cycloclubmarvejolais.com\/wp-content\/uploads\/2016\/12\/wpde58c0ac_05_06.jpg'><img loading=\"lazy\" decoding=\"async\" width=\"368\" height=\"227\" src=\"https:\/\/www.cycloclubmarvejolais.com\/wp-content\/uploads\/2016\/12\/wpde58c0ac_05_06.jpg\" class=\"attachment-full size-full\" alt=\"\" srcset=\"https:\/\/www.cycloclubmarvejolais.com\/wp-content\/uploads\/2016\/12\/wpde58c0ac_05_06.jpg 368w, https:\/\/www.cycloclubmarvejolais.com\/wp-content\/uploads\/2016\/12\/wpde58c0ac_05_06-300x185.jpg 300w\" sizes=\"(max-width: 368px) 100vw, 368px\" \/><\/a>\n\t\t\t<\/dt><\/dl><br style=\"clear: both\" \/><dl class='gallery-item'>\n\t\t\t<dt class='gallery-icon landscape'>\n\t\t\t\t<a href='https:\/\/www.cycloclubmarvejolais.com\/wp-content\/uploads\/2016\/12\/wpf6e36dc6_05_06.jpg'><img loading=\"lazy\" decoding=\"async\" width=\"362\" height=\"243\" src=\"https:\/\/www.cycloclubmarvejolais.com\/wp-content\/uploads\/2016\/12\/wpf6e36dc6_05_06.jpg\" class=\"attachment-full size-full\" alt=\"\" srcset=\"https:\/\/www.cycloclubmarvejolais.com\/wp-content\/uploads\/2016\/12\/wpf6e36dc6_05_06.jpg 362w, https:\/\/www.cycloclubmarvejolais.com\/wp-content\/uploads\/2016\/12\/wpf6e36dc6_05_06-300x201.jpg 300w\" sizes=\"(max-width: 362px) 100vw, 362px\" \/><\/a>\n\t\t\t<\/dt><\/dl><dl class='gallery-item'>\n\t\t\t<dt class='gallery-icon landscape'>\n\t\t\t\t<a href='https:\/\/www.cycloclubmarvejolais.com\/wp-content\/uploads\/2016\/12\/wp1f4cc2d1_05_06.jpg'><img loading=\"lazy\" decoding=\"async\" width=\"365\" height=\"230\" src=\"https:\/\/www.cycloclubmarvejolais.com\/wp-content\/uploads\/2016\/12\/wp1f4cc2d1_05_06.jpg\" class=\"attachment-full size-full\" alt=\"\" srcset=\"https:\/\/www.cycloclubmarvejolais.com\/wp-content\/uploads\/2016\/12\/wp1f4cc2d1_05_06.jpg 365w, https:\/\/www.cycloclubmarvejolais.com\/wp-content\/uploads\/2016\/12\/wp1f4cc2d1_05_06-300x189.jpg 300w\" sizes=\"(max-width: 365px) 100vw, 365px\" \/><\/a>\n\t\t\t<\/dt><\/dl><dl class='gallery-item'>\n\t\t\t<dt class='gallery-icon landscape'>\n\t\t\t\t<a href='https:\/\/www.cycloclubmarvejolais.com\/wp-content\/uploads\/2016\/12\/wp4c1b1335_05_06.jpg'><img loading=\"lazy\" decoding=\"async\" width=\"361\" height=\"242\" src=\"https:\/\/www.cycloclubmarvejolais.com\/wp-content\/uploads\/2016\/12\/wp4c1b1335_05_06.jpg\" class=\"attachment-full size-full\" alt=\"\" srcset=\"https:\/\/www.cycloclubmarvejolais.com\/wp-content\/uploads\/2016\/12\/wp4c1b1335_05_06.jpg 361w, https:\/\/www.cycloclubmarvejolais.com\/wp-content\/uploads\/2016\/12\/wp4c1b1335_05_06-300x201.jpg 300w\" sizes=\"(max-width: 361px) 100vw, 361px\" \/><\/a>\n\t\t\t<\/dt><\/dl><br style=\"clear: both\" \/><dl class='gallery-item'>\n\t\t\t<dt class='gallery-icon landscape'>\n\t\t\t\t<a href='https:\/\/www.cycloclubmarvejolais.com\/wp-content\/uploads\/2016\/12\/wp05bab64b_05_06.jpg'><img loading=\"lazy\" decoding=\"async\" width=\"364\" height=\"226\" src=\"https:\/\/www.cycloclubmarvejolais.com\/wp-content\/uploads\/2016\/12\/wp05bab64b_05_06.jpg\" class=\"attachment-full size-full\" alt=\"\" srcset=\"https:\/\/www.cycloclubmarvejolais.com\/wp-content\/uploads\/2016\/12\/wp05bab64b_05_06.jpg 364w, https:\/\/www.cycloclubmarvejolais.com\/wp-content\/uploads\/2016\/12\/wp05bab64b_05_06-300x186.jpg 300w\" sizes=\"(max-width: 364px) 100vw, 364px\" \/><\/a>\n\t\t\t<\/dt><\/dl><dl class='gallery-item'>\n\t\t\t<dt class='gallery-icon landscape'>\n\t\t\t\t<a href='https:\/\/www.cycloclubmarvejolais.com\/wp-content\/uploads\/2016\/12\/wp1222f2a5_05_06.jpg'><img loading=\"lazy\" decoding=\"async\" width=\"364\" height=\"240\" src=\"https:\/\/www.cycloclubmarvejolais.com\/wp-content\/uploads\/2016\/12\/wp1222f2a5_05_06.jpg\" class=\"attachment-full size-full\" alt=\"\" srcset=\"https:\/\/www.cycloclubmarvejolais.com\/wp-content\/uploads\/2016\/12\/wp1222f2a5_05_06.jpg 364w, https:\/\/www.cycloclubmarvejolais.com\/wp-content\/uploads\/2016\/12\/wp1222f2a5_05_06-300x198.jpg 300w\" sizes=\"(max-width: 364px) 100vw, 364px\" \/><\/a>\n\t\t\t<\/dt><\/dl><dl class='gallery-item'>\n\t\t\t<dt class='gallery-icon landscape'>\n\t\t\t\t<a href='https:\/\/www.cycloclubmarvejolais.com\/wp-content\/uploads\/2016\/12\/wp756398a5_05_06.jpg'><img loading=\"lazy\" decoding=\"async\" width=\"363\" height=\"226\" src=\"https:\/\/www.cycloclubmarvejolais.com\/wp-content\/uploads\/2016\/12\/wp756398a5_05_06.jpg\" class=\"attachment-full size-full\" alt=\"\" srcset=\"https:\/\/www.cycloclubmarvejolais.com\/wp-content\/uploads\/2016\/12\/wp756398a5_05_06.jpg 363w, https:\/\/www.cycloclubmarvejolais.com\/wp-content\/uploads\/2016\/12\/wp756398a5_05_06-300x187.jpg 300w\" sizes=\"(max-width: 363px) 100vw, 363px\" \/><\/a>\n\t\t\t<\/dt><\/dl><br style=\"clear: both\" \/>\n\t\t<\/div>\n\n<h4>1988 &#8211; Rando au Puy Mary<\/h4>\n<p><span class=\"Corps-C-C0\">Rando au mois de juillet, organis\u00e9e par Michel GUIRAL, ce jour l\u00e0, pluie et brouillard, mais toujours bonne humeur et un bon repas pour reprendre des forces.<\/span><\/p>\n\n\t\t<style>\n\t\t\t#gallery-2 {\n\t\t\t\tmargin: auto;\n\t\t\t}\n\t\t\t#gallery-2 .gallery-item {\n\t\t\t\tfloat: left;\n\t\t\t\tmargin-top: 10px;\n\t\t\t\ttext-align: center;\n\t\t\t\twidth: 33%;\n\t\t\t}\n\t\t\t#gallery-2 img {\n\t\t\t\tborder: 2px solid #cfcfcf;\n\t\t\t}\n\t\t\t#gallery-2 .gallery-caption {\n\t\t\t\tmargin-left: 0;\n\t\t\t}\n\t\t\t\/* see gallery_shortcode() in wp-includes\/media.php *\/\n\t\t<\/style>\n\t\t<div id='gallery-2' class='gallery galleryid-213 gallery-columns-3 gallery-size-full'><dl class='gallery-item'>\n\t\t\t<dt class='gallery-icon landscape'>\n\t\t\t\t<img loading=\"lazy\" decoding=\"async\" width=\"363\" height=\"253\" src=\"https:\/\/www.cycloclubmarvejolais.com\/wp-content\/uploads\/2016\/12\/wpadfc1af7_05_06.jpg\" class=\"attachment-full size-full\" alt=\"\" srcset=\"https:\/\/www.cycloclubmarvejolais.com\/wp-content\/uploads\/2016\/12\/wpadfc1af7_05_06.jpg 363w, https:\/\/www.cycloclubmarvejolais.com\/wp-content\/uploads\/2016\/12\/wpadfc1af7_05_06-300x209.jpg 300w\" sizes=\"(max-width: 363px) 100vw, 363px\" \/>\n\t\t\t<\/dt><\/dl><dl class='gallery-item'>\n\t\t\t<dt class='gallery-icon landscape'>\n\t\t\t\t<img loading=\"lazy\" decoding=\"async\" width=\"362\" height=\"243\" src=\"https:\/\/www.cycloclubmarvejolais.com\/wp-content\/uploads\/2016\/12\/wpcadc8962_05_06.jpg\" class=\"attachment-full size-full\" alt=\"\" srcset=\"https:\/\/www.cycloclubmarvejolais.com\/wp-content\/uploads\/2016\/12\/wpcadc8962_05_06.jpg 362w, https:\/\/www.cycloclubmarvejolais.com\/wp-content\/uploads\/2016\/12\/wpcadc8962_05_06-300x201.jpg 300w\" sizes=\"(max-width: 362px) 100vw, 362px\" \/>\n\t\t\t<\/dt><\/dl><dl class='gallery-item'>\n\t\t\t<dt class='gallery-icon landscape'>\n\t\t\t\t<img loading=\"lazy\" decoding=\"async\" width=\"364\" height=\"242\" src=\"https:\/\/www.cycloclubmarvejolais.com\/wp-content\/uploads\/2016\/12\/wpb192d1e9_05_06.jpg\" class=\"attachment-full size-full\" alt=\"\" srcset=\"https:\/\/www.cycloclubmarvejolais.com\/wp-content\/uploads\/2016\/12\/wpb192d1e9_05_06.jpg 364w, https:\/\/www.cycloclubmarvejolais.com\/wp-content\/uploads\/2016\/12\/wpb192d1e9_05_06-300x199.jpg 300w\" sizes=\"(max-width: 364px) 100vw, 364px\" \/>\n\t\t\t<\/dt><\/dl><br style=\"clear: both\" \/><dl class='gallery-item'>\n\t\t\t<dt class='gallery-icon landscape'>\n\t\t\t\t<img loading=\"lazy\" decoding=\"async\" width=\"365\" height=\"247\" src=\"https:\/\/www.cycloclubmarvejolais.com\/wp-content\/uploads\/2016\/12\/wp98830739_05_06.jpg\" class=\"attachment-full size-full\" alt=\"\" srcset=\"https:\/\/www.cycloclubmarvejolais.com\/wp-content\/uploads\/2016\/12\/wp98830739_05_06.jpg 365w, https:\/\/www.cycloclubmarvejolais.com\/wp-content\/uploads\/2016\/12\/wp98830739_05_06-300x203.jpg 300w\" sizes=\"(max-width: 365px) 100vw, 365px\" \/>\n\t\t\t<\/dt><\/dl><dl class='gallery-item'>\n\t\t\t<dt class='gallery-icon landscape'>\n\t\t\t\t<img loading=\"lazy\" decoding=\"async\" width=\"361\" height=\"236\" src=\"https:\/\/www.cycloclubmarvejolais.com\/wp-content\/uploads\/2016\/12\/wp2c1495af_05_06.jpg\" class=\"attachment-full size-full\" alt=\"\" srcset=\"https:\/\/www.cycloclubmarvejolais.com\/wp-content\/uploads\/2016\/12\/wp2c1495af_05_06.jpg 361w, https:\/\/www.cycloclubmarvejolais.com\/wp-content\/uploads\/2016\/12\/wp2c1495af_05_06-300x196.jpg 300w\" sizes=\"(max-width: 361px) 100vw, 361px\" \/>\n\t\t\t<\/dt><\/dl><dl class='gallery-item'>\n\t\t\t<dt class='gallery-icon landscape'>\n\t\t\t\t<img loading=\"lazy\" decoding=\"async\" width=\"363\" height=\"242\" src=\"https:\/\/www.cycloclubmarvejolais.com\/wp-content\/uploads\/2016\/12\/wp222ad69d_05_06.jpg\" class=\"attachment-full size-full\" alt=\"\" srcset=\"https:\/\/www.cycloclubmarvejolais.com\/wp-content\/uploads\/2016\/12\/wp222ad69d_05_06.jpg 363w, https:\/\/www.cycloclubmarvejolais.com\/wp-content\/uploads\/2016\/12\/wp222ad69d_05_06-300x200.jpg 300w\" sizes=\"(max-width: 363px) 100vw, 363px\" \/>\n\t\t\t<\/dt><\/dl><br style=\"clear: both\" \/><dl class='gallery-item'>\n\t\t\t<dt class='gallery-icon landscape'>\n\t\t\t\t<img loading=\"lazy\" decoding=\"async\" width=\"366\" height=\"243\" src=\"https:\/\/www.cycloclubmarvejolais.com\/wp-content\/uploads\/2016\/12\/wpe649228b_05_06.jpg\" class=\"attachment-full size-full\" alt=\"\" srcset=\"https:\/\/www.cycloclubmarvejolais.com\/wp-content\/uploads\/2016\/12\/wpe649228b_05_06.jpg 366w, https:\/\/www.cycloclubmarvejolais.com\/wp-content\/uploads\/2016\/12\/wpe649228b_05_06-300x199.jpg 300w\" sizes=\"(max-width: 366px) 100vw, 366px\" \/>\n\t\t\t<\/dt><\/dl>\n\t\t\t<br style='clear: both' \/>\n\t\t<\/div>\n\n<div id=\"txt_333\">\n<h3 class=\"Corps-P\"><span class=\"Corps-C-C2\">1990 &#8211; Rando de l\u2019aigoual<\/span><\/h3>\n<\/div>\n<div id=\"txt_334\">\n<p class=\"Wp-Corps-P\"><span class=\"Corps-C-C0\">Rando au d\u00e9part de FLORAC, au programme le perjuret, l\u2019aigoual et restaurant \u00ab\u00a0\u00a0les vanels \u00ab\u00a0\u00a0a cot\u00e9 de vebron.<\/span><\/p>\n\n\t\t<style>\n\t\t\t#gallery-3 {\n\t\t\t\tmargin: auto;\n\t\t\t}\n\t\t\t#gallery-3 .gallery-item {\n\t\t\t\tfloat: left;\n\t\t\t\tmargin-top: 10px;\n\t\t\t\ttext-align: center;\n\t\t\t\twidth: 33%;\n\t\t\t}\n\t\t\t#gallery-3 img {\n\t\t\t\tborder: 2px solid #cfcfcf;\n\t\t\t}\n\t\t\t#gallery-3 .gallery-caption {\n\t\t\t\tmargin-left: 0;\n\t\t\t}\n\t\t\t\/* see gallery_shortcode() in wp-includes\/media.php *\/\n\t\t<\/style>\n\t\t<div id='gallery-3' class='gallery galleryid-213 gallery-columns-3 gallery-size-full'><dl class='gallery-item'>\n\t\t\t<dt class='gallery-icon landscape'>\n\t\t\t\t<a href='https:\/\/www.cycloclubmarvejolais.com\/?attachment_id=262'><img loading=\"lazy\" decoding=\"async\" width=\"361\" height=\"246\" src=\"https:\/\/www.cycloclubmarvejolais.com\/wp-content\/uploads\/2016\/12\/wp28117580_05_06.jpg\" class=\"attachment-full size-full\" alt=\"\" srcset=\"https:\/\/www.cycloclubmarvejolais.com\/wp-content\/uploads\/2016\/12\/wp28117580_05_06.jpg 361w, https:\/\/www.cycloclubmarvejolais.com\/wp-content\/uploads\/2016\/12\/wp28117580_05_06-300x204.jpg 300w\" sizes=\"(max-width: 361px) 100vw, 361px\" \/><\/a>\n\t\t\t<\/dt><\/dl><dl class='gallery-item'>\n\t\t\t<dt class='gallery-icon landscape'>\n\t\t\t\t<a href='https:\/\/www.cycloclubmarvejolais.com\/?attachment_id=261'><img loading=\"lazy\" decoding=\"async\" width=\"362\" height=\"247\" src=\"https:\/\/www.cycloclubmarvejolais.com\/wp-content\/uploads\/2016\/12\/wp439625b8_05_06.jpg\" class=\"attachment-full size-full\" alt=\"\" srcset=\"https:\/\/www.cycloclubmarvejolais.com\/wp-content\/uploads\/2016\/12\/wp439625b8_05_06.jpg 362w, https:\/\/www.cycloclubmarvejolais.com\/wp-content\/uploads\/2016\/12\/wp439625b8_05_06-300x205.jpg 300w\" sizes=\"(max-width: 362px) 100vw, 362px\" \/><\/a>\n\t\t\t<\/dt><\/dl><dl class='gallery-item'>\n\t\t\t<dt class='gallery-icon landscape'>\n\t\t\t\t<a href='https:\/\/www.cycloclubmarvejolais.com\/?attachment_id=260'><img loading=\"lazy\" decoding=\"async\" width=\"363\" height=\"236\" src=\"https:\/\/www.cycloclubmarvejolais.com\/wp-content\/uploads\/2016\/12\/wp1abd133c_05_06.jpg\" class=\"attachment-full size-full\" alt=\"\" srcset=\"https:\/\/www.cycloclubmarvejolais.com\/wp-content\/uploads\/2016\/12\/wp1abd133c_05_06.jpg 363w, https:\/\/www.cycloclubmarvejolais.com\/wp-content\/uploads\/2016\/12\/wp1abd133c_05_06-300x195.jpg 300w\" sizes=\"(max-width: 363px) 100vw, 363px\" \/><\/a>\n\t\t\t<\/dt><\/dl><br style=\"clear: both\" \/>\n\t\t<\/div>\n\n<\/div>\n","protected":false},"excerpt":{"rendered":"<p>Les anciens pr\u00e9sidents Hubert VIGAND Fondateur du cyclo-club-Marvejolais, il laissa la place assez rapidement pour se consacrer pleinement \u00e0 la direction du CEM de&#46;&#46;&#46;<\/p>\n","protected":false},"author":1,"featured_media":242,"comment_status":"open","ping_status":"open","sticky":false,"template":"","format":"standard","meta":{"footnotes":""},"categories":[2],"tags":[],"_links":{"self":[{"href":"https:\/\/www.cycloclubmarvejolais.com\/index.php?rest_route=\/wp\/v2\/posts\/213"}],"collection":[{"href":"https:\/\/www.cycloclubmarvejolais.com\/index.php?rest_route=\/wp\/v2\/posts"}],"about":[{"href":"https:\/\/www.cycloclubmarvejolais.com\/index.php?rest_route=\/wp\/v2\/types\/post"}],"author":[{"embeddable":true,"href":"https:\/\/www.cycloclubmarvejolais.com\/index.php?rest_route=\/wp\/v2\/users\/1"}],"replies":[{"embeddable":true,"href":"https:\/\/www.cycloclubmarvejolais.com\/index.php?rest_route=%2Fwp%2Fv2%2Fcomments&post=213"}],"version-history":[{"count":31,"href":"https:\/\/www.cycloclubmarvejolais.com\/index.php?rest_route=\/wp\/v2\/posts\/213\/revisions"}],"predecessor-version":[{"id":4427,"href":"https:\/\/www.cycloclubmarvejolais.com\/index.php?rest_route=\/wp\/v2\/posts\/213\/revisions\/4427"}],"wp:featuredmedia":[{"embeddable":true,"href":"https:\/\/www.cycloclubmarvejolais.com\/index.php?rest_route=\/wp\/v2\/media\/242"}],"wp:attachment":[{"href":"https:\/\/www.cycloclubmarvejolais.com\/index.php?rest_route=%2Fwp%2Fv2%2Fmedia&parent=213"}],"wp:term":[{"taxonomy":"category","embeddable":true,"href":"https:\/\/www.cycloclubmarvejolais.com\/index.php?rest_route=%2Fwp%2Fv2%2Fcategories&post=213"},{"taxonomy":"post_tag","embeddable":true,"href":"https:\/\/www.cycloclubmarvejolais.com\/index.php?rest_route=%2Fwp%2Fv2%2Ftags&post=213"}],"curies":[{"name":"wp","href":"https:\/\/api.w.org\/{rel}","templated":true}]}}