{"id":2657,"date":"2009-07-08T20:05:31","date_gmt":"2009-07-08T18:05:31","guid":{"rendered":"http:\/\/www.cycloclubmarvejolais.com\/?p=2657"},"modified":"2024-01-02T23:09:34","modified_gmt":"2024-01-02T22:09:34","slug":"sortie-brameloup","status":"publish","type":"post","link":"https:\/\/www.cycloclubmarvejolais.com\/?p=2657","title":{"rendered":"SORTIE BRAMELOUP"},"content":{"rendered":"<p><span class=\"Normal-C-C0\"><img loading=\"lazy\" decoding=\"async\" class=\"size-medium wp-image-2640 alignright\" src=\"http:\/\/www.cycloclubmarvejolais.com\/wp-content\/uploads\/2017\/02\/cyclo_019-300x225.jpg\" alt=\"\" width=\"300\" height=\"225\" srcset=\"https:\/\/www.cycloclubmarvejolais.com\/wp-content\/uploads\/2017\/02\/cyclo_019-300x225.jpg 300w, https:\/\/www.cycloclubmarvejolais.com\/wp-content\/uploads\/2017\/02\/cyclo_019-600x450.jpg 600w, https:\/\/www.cycloclubmarvejolais.com\/wp-content\/uploads\/2017\/02\/cyclo_019.jpg 700w\" sizes=\"(max-width: 300px) 100vw, 300px\" \/><\/span><span class=\"Normal-C-C0\"><b>Sortie au d\u00e9part de Marvejols, mise en place par Michel CABROLIE, originaire de l&rsquo;aveyron et amoureux de son pays<\/b><b>.<\/b><b><i><u><sub><sup><span style=\"text-decoration: line-through;\"><br \/>\n<\/span><\/sup><\/sub><\/u><\/i><\/b><\/span> <span class=\"Normal-C-C0\"><b>Il aime nous en faire conna\u00eetre tous les aspects et agr\u00e9mente ses sorties de ses commentaires g\u00e9ographiques et historiques; une sortie \u00e0 caract\u00e8re sportif mais aussi culturel, n&rsquo;est ce donc pas l&rsquo;essence m\u00eame du cyclotourisme.<br \/>\n<\/b><\/span> <span class=\"Normal-C-C0\"><b>Un d\u00e9nivel\u00e9 d\u00e9j\u00e0 cons\u00e9quent , avec quelques incidents techniques, ont fait que la pause repas s&rsquo;est faite un peu attendre aux pistes de brameloup mais n&rsquo;en a \u00e9t\u00e9 que plus appr\u00e9ci\u00e9e.<br \/>\n<\/b><\/span> <span class=\"Normal-C-C0\"><br \/>\n<\/span><\/p>\n<div class=\"Normal-P\"><span class=\"Normal-C-C3\"><b><span style=\"color: #0000ff; font-family: Verdana;\">Le circuit:<br \/>\n<\/span><\/b><\/span> <span class=\"Normal-C-C2\"><br \/>\n<\/span><\/div>\n<div class=\"Wp-Normal-P\"><span class=\"Normal-C-C3\"><b><span style=\"color: #0000ff; font-family: Verdana;\">Marvejols &#8211; st laurent d&rsquo;olt &#8211; st saturnin de lenne- galini\u00e8re &#8211; barrage de castelnau lassouts &#8211; mandailles &#8211; Prades d&rsquo;aubrac &#8211; chalets de picades &#8211; station de brameloup (repas) -Nasbinals &#8211; Marvejols.<\/span><\/b><\/span><span class=\"Normal-C-C2\"><br \/>\n<\/span> <span class=\"Hyperlink-C\"><u><b><span style=\"color: #0000ff; font-family: Verdana;\">La carte<\/span><\/b><\/u><\/span><b> <\/b><\/div>\n<div class=\"Wp-Normal-P\"><\/div>\n<div class=\"Wp-Normal-P\"><span class=\"Hyperlink-C\"><b><u><span style=\"color: #0000ff; font-family: Verdana;\">Les photos <\/span><\/u><\/b><\/span><\/div>\n<div class=\"Wp-Normal-P\">\n\n\t\t<style>\n\t\t\t#gallery-1 {\n\t\t\t\tmargin: auto;\n\t\t\t}\n\t\t\t#gallery-1 .gallery-item {\n\t\t\t\tfloat: left;\n\t\t\t\tmargin-top: 10px;\n\t\t\t\ttext-align: center;\n\t\t\t\twidth: 33%;\n\t\t\t}\n\t\t\t#gallery-1 img {\n\t\t\t\tborder: 2px solid #cfcfcf;\n\t\t\t}\n\t\t\t#gallery-1 .gallery-caption {\n\t\t\t\tmargin-left: 0;\n\t\t\t}\n\t\t\t\/* see gallery_shortcode() in wp-includes\/media.php *\/\n\t\t<\/style>\n\t\t<div id='gallery-1' class='gallery galleryid-2657 gallery-columns-3 gallery-size-thumbnail'><dl class='gallery-item'>\n\t\t\t<dt class='gallery-icon landscape'>\n\t\t\t\t<a href='https:\/\/www.cycloclubmarvejolais.com\/?attachment_id=2643'><img loading=\"lazy\" decoding=\"async\" width=\"150\" height=\"150\" src=\"https:\/\/www.cycloclubmarvejolais.com\/wp-content\/uploads\/2017\/02\/cyclo_023-150x150.jpg\" class=\"attachment-thumbnail size-thumbnail\" alt=\"\" srcset=\"https:\/\/www.cycloclubmarvejolais.com\/wp-content\/uploads\/2017\/02\/cyclo_023-150x150.jpg 150w, https:\/\/www.cycloclubmarvejolais.com\/wp-content\/uploads\/2017\/02\/cyclo_023-160x160.jpg 160w, https:\/\/www.cycloclubmarvejolais.com\/wp-content\/uploads\/2017\/02\/cyclo_023-320x320.jpg 320w\" sizes=\"(max-width: 150px) 100vw, 150px\" \/><\/a>\n\t\t\t<\/dt><\/dl><dl class='gallery-item'>\n\t\t\t<dt class='gallery-icon landscape'>\n\t\t\t\t<a href='https:\/\/www.cycloclubmarvejolais.com\/?attachment_id=2642'><img loading=\"lazy\" decoding=\"async\" width=\"150\" height=\"150\" src=\"https:\/\/www.cycloclubmarvejolais.com\/wp-content\/uploads\/2017\/02\/cyclo_022-150x150.jpg\" class=\"attachment-thumbnail size-thumbnail\" alt=\"\" srcset=\"https:\/\/www.cycloclubmarvejolais.com\/wp-content\/uploads\/2017\/02\/cyclo_022-150x150.jpg 150w, https:\/\/www.cycloclubmarvejolais.com\/wp-content\/uploads\/2017\/02\/cyclo_022-160x160.jpg 160w, https:\/\/www.cycloclubmarvejolais.com\/wp-content\/uploads\/2017\/02\/cyclo_022-320x320.jpg 320w\" sizes=\"(max-width: 150px) 100vw, 150px\" \/><\/a>\n\t\t\t<\/dt><\/dl><dl class='gallery-item'>\n\t\t\t<dt class='gallery-icon landscape'>\n\t\t\t\t<a href='https:\/\/www.cycloclubmarvejolais.com\/?attachment_id=2641'><img loading=\"lazy\" decoding=\"async\" width=\"150\" height=\"150\" src=\"https:\/\/www.cycloclubmarvejolais.com\/wp-content\/uploads\/2017\/02\/cyclo_021-150x150.jpg\" class=\"attachment-thumbnail size-thumbnail\" alt=\"\" srcset=\"https:\/\/www.cycloclubmarvejolais.com\/wp-content\/uploads\/2017\/02\/cyclo_021-150x150.jpg 150w, https:\/\/www.cycloclubmarvejolais.com\/wp-content\/uploads\/2017\/02\/cyclo_021-160x160.jpg 160w, https:\/\/www.cycloclubmarvejolais.com\/wp-content\/uploads\/2017\/02\/cyclo_021-320x320.jpg 320w\" sizes=\"(max-width: 150px) 100vw, 150px\" \/><\/a>\n\t\t\t<\/dt><\/dl><br style=\"clear: both\" \/><dl class='gallery-item'>\n\t\t\t<dt class='gallery-icon landscape'>\n\t\t\t\t<a href='https:\/\/www.cycloclubmarvejolais.com\/?attachment_id=2640'><img loading=\"lazy\" decoding=\"async\" width=\"150\" height=\"150\" src=\"https:\/\/www.cycloclubmarvejolais.com\/wp-content\/uploads\/2017\/02\/cyclo_019-150x150.jpg\" class=\"attachment-thumbnail size-thumbnail\" alt=\"\" srcset=\"https:\/\/www.cycloclubmarvejolais.com\/wp-content\/uploads\/2017\/02\/cyclo_019-150x150.jpg 150w, https:\/\/www.cycloclubmarvejolais.com\/wp-content\/uploads\/2017\/02\/cyclo_019-160x160.jpg 160w, https:\/\/www.cycloclubmarvejolais.com\/wp-content\/uploads\/2017\/02\/cyclo_019-320x320.jpg 320w\" sizes=\"(max-width: 150px) 100vw, 150px\" \/><\/a>\n\t\t\t<\/dt><\/dl><dl class='gallery-item'>\n\t\t\t<dt class='gallery-icon landscape'>\n\t\t\t\t<a href='https:\/\/www.cycloclubmarvejolais.com\/?attachment_id=2639'><img loading=\"lazy\" decoding=\"async\" width=\"150\" height=\"150\" src=\"https:\/\/www.cycloclubmarvejolais.com\/wp-content\/uploads\/2017\/02\/cyclo_018-150x150.jpg\" class=\"attachment-thumbnail size-thumbnail\" alt=\"\" srcset=\"https:\/\/www.cycloclubmarvejolais.com\/wp-content\/uploads\/2017\/02\/cyclo_018-150x150.jpg 150w, https:\/\/www.cycloclubmarvejolais.com\/wp-content\/uploads\/2017\/02\/cyclo_018-160x160.jpg 160w, https:\/\/www.cycloclubmarvejolais.com\/wp-content\/uploads\/2017\/02\/cyclo_018-320x320.jpg 320w\" sizes=\"(max-width: 150px) 100vw, 150px\" \/><\/a>\n\t\t\t<\/dt><\/dl>\n\t\t\t<br style='clear: both' \/>\n\t\t<\/div>\n\n<\/div>\n","protected":false},"excerpt":{"rendered":"<p>Sortie au d\u00e9part de Marvejols, mise en place par Michel CABROLIE, originaire de l&rsquo;aveyron et amoureux de son pays. Il aime nous en faire&#46;&#46;&#46;<\/p>\n","protected":false},"author":5,"featured_media":2643,"comment_status":"open","ping_status":"open","sticky":false,"template":"","format":"standard","meta":{"footnotes":""},"categories":[49],"tags":[],"_links":{"self":[{"href":"https:\/\/www.cycloclubmarvejolais.com\/index.php?rest_route=\/wp\/v2\/posts\/2657"}],"collection":[{"href":"https:\/\/www.cycloclubmarvejolais.com\/index.php?rest_route=\/wp\/v2\/posts"}],"about":[{"href":"https:\/\/www.cycloclubmarvejolais.com\/index.php?rest_route=\/wp\/v2\/types\/post"}],"author":[{"embeddable":true,"href":"https:\/\/www.cycloclubmarvejolais.com\/index.php?rest_route=\/wp\/v2\/users\/5"}],"replies":[{"embeddable":true,"href":"https:\/\/www.cycloclubmarvejolais.com\/index.php?rest_route=%2Fwp%2Fv2%2Fcomments&post=2657"}],"version-history":[{"count":6,"href":"https:\/\/www.cycloclubmarvejolais.com\/index.php?rest_route=\/wp\/v2\/posts\/2657\/revisions"}],"predecessor-version":[{"id":2670,"href":"https:\/\/www.cycloclubmarvejolais.com\/index.php?rest_route=\/wp\/v2\/posts\/2657\/revisions\/2670"}],"wp:featuredmedia":[{"embeddable":true,"href":"https:\/\/www.cycloclubmarvejolais.com\/index.php?rest_route=\/wp\/v2\/media\/2643"}],"wp:attachment":[{"href":"https:\/\/www.cycloclubmarvejolais.com\/index.php?rest_route=%2Fwp%2Fv2%2Fmedia&parent=2657"}],"wp:term":[{"taxonomy":"category","embeddable":true,"href":"https:\/\/www.cycloclubmarvejolais.com\/index.php?rest_route=%2Fwp%2Fv2%2Fcategories&post=2657"},{"taxonomy":"post_tag","embeddable":true,"href":"https:\/\/www.cycloclubmarvejolais.com\/index.php?rest_route=%2Fwp%2Fv2%2Ftags&post=2657"}],"curies":[{"name":"wp","href":"https:\/\/api.w.org\/{rel}","templated":true}]}}