{"id":280,"date":"2012-11-23T13:39:14","date_gmt":"2012-11-23T12:39:14","guid":{"rendered":"http:\/\/www.cycloclubmarvejolais.com\/?p=280"},"modified":"2016-12-16T15:13:16","modified_gmt":"2016-12-16T14:13:16","slug":"ag-2012-rapport","status":"publish","type":"post","link":"https:\/\/www.cycloclubmarvejolais.com\/?p=280","title":{"rendered":"AG 2012 &#8211; Rapport"},"content":{"rendered":"<div>\n<div class=\"Corps-P\"><span class=\"Corps-C\">L\u2019 ASSEMBLEE GENERALE 2012 du cyclo clubMarvejolaisd s\u2019est tenue ce vendredi 23 novembre , salle du cheval rouge.<br \/>\n<\/span><\/div>\n<div class=\"Corps-P\"><span class=\"Corps-C\">\u00a0<\/span><\/div>\n<div class=\"Corps-P\"><span class=\"Corps-C\">Le pr\u00e9sident Alain DURAND ouvre la s\u00e9ance en remerciant les nombreux cyclos pr\u00e9sents (22 sur 28 licenci\u00e9s) . Il remercie de leur pr\u00e9sence, Mme Jacqueline ORLOWSKI , repr\u00e9sentant la mairie de Marvejols et M Francis VALADIER, Pr\u00e9sident du CODEP 48.<br \/>\n<\/span><\/div>\n<div class=\"Corps-P\"><\/div>\n<\/div>\n<p><img loading=\"lazy\" decoding=\"async\" class=\"alignleft\" src=\"http:\/\/cc-marvejolais.ffct.org\/wpimages\/wp3f9b8c29_05_06.jpg\" alt=\"\" width=\"300\" height=\"200\" border=\"0\" \/><\/p>\n<div>\n<div class=\"Corps-P\"><span class=\"Corps-C\">Le pr\u00e9sident pr\u00e9sente son rapport moral, \u00a0en rappelant qu\u2019il avait d\u00e9j\u00e0 l\u2019ann\u00e9e derni\u00e8re annonc\u00e9 son intention de transmettre la pr\u00e9sidence , s\u2019il \u00e9voque son manque de motivation du \u00e0 une usure de la fonction, les cyclos retiennent surtout son engagement actif de ces 12 ann\u00e9es de fonction, (s\u00e9jours ext\u00e9rieurs, \u00a0sur les traces de la b\u00eate, etc ).<br \/>\n<\/span><\/div>\n<div class=\"Corps-P\"><span class=\"Corps-C\">Il pr\u00e9cise que les participations importantes des cyclos marvejolais \u00a0aux diff\u00e9rentes manifestations inscrites au challenge CODEP nous valent la premi\u00e8re place pour cette ann\u00e9e.<br \/>\n<\/span><\/div>\n<div class=\"Corps-P\"><span class=\"Corps-C\">C\u2019est donc une grande satisfaction pour le pr\u00e9sident \u00a0qui t\u00e9moigne par ailleurs de la coh\u00e9sion du groupe \u00a0pour ces activit\u00e9s.<br \/>\n<\/span><\/div>\n<div class=\"Corps-P\"><span class=\"Corps-C\">\u00a0<\/span><\/div>\n<div class=\"Corps-P\"><span class=\"Corps-C\">Le pr\u00e9sident laisse la parole au tr\u00e9sorier qui pr\u00e9sente le bilan financier. Des \u00e9claircissements seront apport\u00e9s concernant les comptes de la sortie pr\u00e9vue au printemps et qui a \u00e9t\u00e9 annul\u00e9e, ( le remboursement \u00a0d\u2019une somme pay\u00e9e au cours de l\u2019exercice pr\u00e9c\u00e9dent \u00a0avait suscit\u00e9 des interrogations ) . Au terme de ses explications le bilan financier est adopt\u00e9 \u00a0l\u2019unanimit\u00e9.<\/span><\/div>\n<\/div>\n<div class=\"Corps-P\">\n\n\t\t<style>\n\t\t\t#gallery-1 {\n\t\t\t\tmargin: auto;\n\t\t\t}\n\t\t\t#gallery-1 .gallery-item {\n\t\t\t\tfloat: left;\n\t\t\t\tmargin-top: 10px;\n\t\t\t\ttext-align: center;\n\t\t\t\twidth: 33%;\n\t\t\t}\n\t\t\t#gallery-1 img {\n\t\t\t\tborder: 2px solid #cfcfcf;\n\t\t\t}\n\t\t\t#gallery-1 .gallery-caption {\n\t\t\t\tmargin-left: 0;\n\t\t\t}\n\t\t\t\/* see gallery_shortcode() in wp-includes\/media.php *\/\n\t\t<\/style>\n\t\t<div id='gallery-1' class='gallery galleryid-280 gallery-columns-3 gallery-size-full'><dl class='gallery-item'>\n\t\t\t<dt class='gallery-icon landscape'>\n\t\t\t\t<img loading=\"lazy\" decoding=\"async\" width=\"271\" height=\"181\" src=\"https:\/\/www.cycloclubmarvejolais.com\/wp-content\/uploads\/2012\/11\/wp3eee1beb_05_06.jpg\" class=\"attachment-full size-full\" alt=\"\" aria-describedby=\"gallery-1-331\" \/>\n\t\t\t<\/dt>\n\t\t\t\t<dd class='wp-caption-text gallery-caption' id='gallery-1-331'>\n\t\t\t\tUne assembl\u00e9e studieuse\n\t\t\t\t<\/dd><\/dl><dl class='gallery-item'>\n\t\t\t<dt class='gallery-icon landscape'>\n\t\t\t\t<img loading=\"lazy\" decoding=\"async\" width=\"264\" height=\"180\" src=\"https:\/\/www.cycloclubmarvejolais.com\/wp-content\/uploads\/2012\/11\/wp5c0acf7f_05_06.jpg\" class=\"attachment-full size-full\" alt=\"\" aria-describedby=\"gallery-1-332\" \/>\n\t\t\t<\/dt>\n\t\t\t\t<dd class='wp-caption-text gallery-caption' id='gallery-1-332'>\n\t\t\t\tLes comptes sont examin\u00e9s\n\t\t\t\t<\/dd><\/dl><dl class='gallery-item'>\n\t\t\t<dt class='gallery-icon landscape'>\n\t\t\t\t<img loading=\"lazy\" decoding=\"async\" width=\"264\" height=\"176\" src=\"https:\/\/www.cycloclubmarvejolais.com\/wp-content\/uploads\/2012\/11\/wp52c123d3_05_06.jpg\" class=\"attachment-full size-full\" alt=\"\" aria-describedby=\"gallery-1-333\" \/>\n\t\t\t<\/dt>\n\t\t\t\t<dd class='wp-caption-text gallery-caption' id='gallery-1-333'>\n\t\t\t\tTr\u00e8s attentivement\n\t\t\t\t<\/dd><\/dl><br style=\"clear: both\" \/><dl class='gallery-item'>\n\t\t\t<dt class='gallery-icon landscape'>\n\t\t\t\t<img loading=\"lazy\" decoding=\"async\" width=\"272\" height=\"181\" src=\"https:\/\/www.cycloclubmarvejolais.com\/wp-content\/uploads\/2012\/11\/wp640bf5ec_05_06.jpg\" class=\"attachment-full size-full\" alt=\"\" aria-describedby=\"gallery-1-334\" \/>\n\t\t\t<\/dt>\n\t\t\t\t<dd class='wp-caption-text gallery-caption' id='gallery-1-334'>\n\t\t\t\tAvant d&rsquo;\u00eatre adopt\u00e9s\n\t\t\t\t<\/dd><\/dl>\n\t\t\t<br style='clear: both' \/>\n\t\t<\/div>\n\n<\/div>\n<div class=\"Corps-P\">\n<div>\n<p class=\"Wp-Corps-P\"><span class=\"Corps-C\">Le secr\u00e9taire apporte quelques commentaires sur les sorties effectu\u00e9es en s\u2019appuyant sur un document tr\u00e8s d\u00e9taill\u00e9 et agr\u00e9ment\u00e9 de photos \u00a0qui \u00a0a \u00e9t\u00e9 distribu\u00e9 \u00e0 tous les participants. On note l\u2019humour de notre secr\u00e9taire \u00e0 l\u2019affut de telle ou telle anecdote. Ce fut aussi l\u2019occasion de se rem\u00e9morer toutes ces sorties ou l\u2019ambiance et la camaraderie ont \u00e9t\u00e9 une constante.<\/span><\/p>\n<p class=\"Wp-Corps-P\"><span class=\"Corps-C\">Cependant le nouveau bureau devra \u00a0peut \u00eatre se pencher sur une am\u00e9lioration des sorties ext\u00e9rieures \u00a0ou des cool raoul en perte de vitesse, voire de nouvelles innovations.<\/span><\/p>\n<div id=\"attachment_338\" style=\"width: 275px\" class=\"wp-caption alignleft\"><img loading=\"lazy\" decoding=\"async\" aria-describedby=\"caption-attachment-338\" class=\"size-full wp-image-338\" src=\"http:\/\/www.cycloclubmarvejolais.com\/wp-content\/uploads\/2012\/11\/wpd181e2e9_05_06.jpg\" alt=\"\" width=\"265\" height=\"177\" \/><p id=\"caption-attachment-338\" class=\"wp-caption-text\">A gauche, Alain DURAND<br \/>A droite, Denis CASTAREDE<br \/>Une succession chaleureuse, \u00e0 l\u2019image du club.<\/p><\/div>\n<p class=\"Wp-Corps-P\"><span class=\"Corps-C\">Enfin, le pr\u00e9sident Alain DURAND \u00a0propose de passer \u00e0 l\u2019\u00e9lection \u00a0du nouveau bureau et du nouveau pr\u00e9sident.Ce sera sans surprise que Denis CASTAREDE d\u00e9j\u00e0 pressenti fut \u00e9lu \u00e0 l\u2019unanimit\u00e9 comme nouveau pr\u00e9sident.<\/span><\/p>\n<p class=\"Wp-Corps-P\"><span class=\"Corps-C\">Alain DURAND est \u00e9lu vice pr\u00e9sident afin de seconder \u00a0efficacement Denis dans ses nouvelles fonctions<\/span><\/p>\n<div>\n<div class=\"Corps-P\"><span class=\"Corps-C\">A l\u2019issue de l\u2019assembl\u00e9e g\u00e9n\u00e9rale , le club offre le pot de l\u2019amiti\u00e9 qui se poursuivra par un repas pris en commun.<br \/>\n<\/span><\/div>\n<div class=\"Corps-P\"><span class=\"Corps-C\">Au cours de ce repas qui a compt\u00e9 une trentaine de personnes, beaucoup de conjointes nous ont rejoints \u00e0 cette occasion pour ce moment convivial.<br \/>\n<\/span><\/div>\n<div class=\"Corps-P\">\n<div id=\"attachment_337\" style=\"width: 271px\" class=\"wp-caption alignright\"><img loading=\"lazy\" decoding=\"async\" aria-describedby=\"caption-attachment-337\" class=\"size-full wp-image-337\" src=\"http:\/\/www.cycloclubmarvejolais.com\/wp-content\/uploads\/2012\/11\/wpc6119cb5_05_06.jpg\" alt=\"\" width=\"261\" height=\"174\" \/><p id=\"caption-attachment-337\" class=\"wp-caption-text\"><br \/>Au nom de la mairie de Marvejols<br \/>Jacqueline ORLOWSKI remet le maillot de la ville, en remerciement des services rendus pendant ces 12 ann\u00e9es.<\/p><\/div>\n<p><span class=\"Corps-C\">Ce fut aussi l\u2019occasion de f\u00eater \u00a0tous ensemble \u00a0un bon anniversaire \u00e0 nos deux doyens, jean ADELIN et Henri TOURNIER. Notons \u00a0une mention sp\u00e9ciale pour Jean qui s\u2019\u00e9tait donn\u00e9 un challenge de 10 000 kms pour l\u2019ann\u00e9e de ses 80 ans, D\u2019ores et d\u00e9j\u00e0 nous pouvons annoncer que son contrat est plus que rempli puisqu\u2019il approche \u00e0 cette date les 12 000 kms.<br \/>\n<\/span><\/p>\n<\/div>\n<div class=\"Corps-P\"><span class=\"Corps-C\">Ils re\u00e7urent \u00e0 cette occasion chacun un livre \u2026.. Sur le cyclisme \u00a0bien sur \u00a0remis par les deux \u00e9pouses des pr\u00e9sidents, \u00e0 savoir Mireille et Josette.<br \/>\n<\/span><\/div>\n<div class=\"Corps-P\"><span class=\"Corps-C\">Tous les cyclos partag\u00e8rent ensuite les g\u00e2teaux d\u2019anniversaire pr\u00e9par\u00e9s \u00e0 cette occasion par nos restauratrices.<\/span><\/div>\n<\/div>\n<\/div>\n<div>\n\n\t\t<style>\n\t\t\t#gallery-2 {\n\t\t\t\tmargin: auto;\n\t\t\t}\n\t\t\t#gallery-2 .gallery-item {\n\t\t\t\tfloat: left;\n\t\t\t\tmargin-top: 10px;\n\t\t\t\ttext-align: center;\n\t\t\t\twidth: 33%;\n\t\t\t}\n\t\t\t#gallery-2 img {\n\t\t\t\tborder: 2px solid #cfcfcf;\n\t\t\t}\n\t\t\t#gallery-2 .gallery-caption {\n\t\t\t\tmargin-left: 0;\n\t\t\t}\n\t\t\t\/* see gallery_shortcode() in wp-includes\/media.php *\/\n\t\t<\/style>\n\t\t<div id='gallery-2' class='gallery galleryid-280 gallery-columns-3 gallery-size-full'><dl class='gallery-item'>\n\t\t\t<dt class='gallery-icon landscape'>\n\t\t\t\t<a href='https:\/\/www.cycloclubmarvejolais.com\/wp-content\/uploads\/2012\/11\/wp2eab3d1d_05_06.jpg'><img loading=\"lazy\" decoding=\"async\" width=\"265\" height=\"177\" src=\"https:\/\/www.cycloclubmarvejolais.com\/wp-content\/uploads\/2012\/11\/wp2eab3d1d_05_06.jpg\" class=\"attachment-full size-full\" alt=\"\" aria-describedby=\"gallery-2-342\" \/><\/a>\n\t\t\t<\/dt>\n\t\t\t\t<dd class='wp-caption-text gallery-caption' id='gallery-2-342'>\n\t\t\t\tLes deux Josette\n\t\t\t\t<\/dd><\/dl><dl class='gallery-item'>\n\t\t\t<dt class='gallery-icon landscape'>\n\t\t\t\t<a href='https:\/\/www.cycloclubmarvejolais.com\/wp-content\/uploads\/2012\/11\/wp6be4c315_05_06.jpg'><img loading=\"lazy\" decoding=\"async\" width=\"268\" height=\"178\" src=\"https:\/\/www.cycloclubmarvejolais.com\/wp-content\/uploads\/2012\/11\/wp6be4c315_05_06.jpg\" class=\"attachment-full size-full\" alt=\"\" aria-describedby=\"gallery-2-343\" \/><\/a>\n\t\t\t<\/dt>\n\t\t\t\t<dd class='wp-caption-text gallery-caption' id='gallery-2-343'>\n\t\t\t\tJean et Henri\n\t\t\t\t<\/dd><\/dl><dl class='gallery-item'>\n\t\t\t<dt class='gallery-icon landscape'>\n\t\t\t\t<a href='https:\/\/www.cycloclubmarvejolais.com\/wp-content\/uploads\/2012\/11\/wp33ffb945_05_06.jpg'><img loading=\"lazy\" decoding=\"async\" width=\"263\" height=\"175\" src=\"https:\/\/www.cycloclubmarvejolais.com\/wp-content\/uploads\/2012\/11\/wp33ffb945_05_06.jpg\" class=\"attachment-full size-full\" alt=\"\" aria-describedby=\"gallery-2-344\" \/><\/a>\n\t\t\t<\/dt>\n\t\t\t\t<dd class='wp-caption-text gallery-caption' id='gallery-2-344'>\n\t\t\t\tLes trois chiracois\n\t\t\t\t<\/dd><\/dl><br style=\"clear: both\" \/><dl class='gallery-item'>\n\t\t\t<dt class='gallery-icon landscape'>\n\t\t\t\t<a href='https:\/\/www.cycloclubmarvejolais.com\/wp-content\/uploads\/2012\/11\/wp593f306c_05_06.jpg'><img loading=\"lazy\" decoding=\"async\" width=\"269\" height=\"179\" src=\"https:\/\/www.cycloclubmarvejolais.com\/wp-content\/uploads\/2012\/11\/wp593f306c_05_06.jpg\" class=\"attachment-full size-full\" alt=\"\" aria-describedby=\"gallery-2-345\" \/><\/a>\n\t\t\t<\/dt>\n\t\t\t\t<dd class='wp-caption-text gallery-caption' id='gallery-2-345'>\n\t\t\t\tDenis et \u00e0 sa droite les anciens pr\u00e9sidents du club\n\t\t\t\t<\/dd><\/dl><dl class='gallery-item'>\n\t\t\t<dt class='gallery-icon landscape'>\n\t\t\t\t<a href='https:\/\/www.cycloclubmarvejolais.com\/wp-content\/uploads\/2012\/11\/wp860b89c9_05_06.jpg'><img loading=\"lazy\" decoding=\"async\" width=\"268\" height=\"179\" src=\"https:\/\/www.cycloclubmarvejolais.com\/wp-content\/uploads\/2012\/11\/wp860b89c9_05_06.jpg\" class=\"attachment-full size-full\" alt=\"\" aria-describedby=\"gallery-2-346\" \/><\/a>\n\t\t\t<\/dt>\n\t\t\t\t<dd class='wp-caption-text gallery-caption' id='gallery-2-346'>\n\t\t\t\tLes plus anciens licenci\u00e9s du club\n\t\t\t\t<\/dd><\/dl><dl class='gallery-item'>\n\t\t\t<dt class='gallery-icon landscape'>\n\t\t\t\t<a href='https:\/\/www.cycloclubmarvejolais.com\/wp-content\/uploads\/2012\/11\/wpef500bf8_05_06.jpg'><img loading=\"lazy\" decoding=\"async\" width=\"274\" height=\"183\" src=\"https:\/\/www.cycloclubmarvejolais.com\/wp-content\/uploads\/2012\/11\/wpef500bf8_05_06.jpg\" class=\"attachment-full size-full\" alt=\"\" aria-describedby=\"gallery-2-347\" \/><\/a>\n\t\t\t<\/dt>\n\t\t\t\t<dd class='wp-caption-text gallery-caption' id='gallery-2-347'>\n\t\t\t\tBon anniversaire\n\t\t\t\t<\/dd><\/dl><br style=\"clear: both\" \/>\n\t\t<\/div>\n\n<div class=\"Corps-P\"><\/div>\n<\/div>\n<\/div>\n","protected":false},"excerpt":{"rendered":"<p>L\u2019 ASSEMBLEE GENERALE 2012 du cyclo clubMarvejolaisd s\u2019est tenue ce vendredi 23 novembre , salle du cheval rouge. \u00a0 Le pr\u00e9sident Alain DURAND ouvre&#46;&#46;&#46;<\/p>\n","protected":false},"author":1,"featured_media":338,"comment_status":"open","ping_status":"open","sticky":false,"template":"","format":"standard","meta":{"footnotes":""},"categories":[19],"tags":[],"_links":{"self":[{"href":"https:\/\/www.cycloclubmarvejolais.com\/index.php?rest_route=\/wp\/v2\/posts\/280"}],"collection":[{"href":"https:\/\/www.cycloclubmarvejolais.com\/index.php?rest_route=\/wp\/v2\/posts"}],"about":[{"href":"https:\/\/www.cycloclubmarvejolais.com\/index.php?rest_route=\/wp\/v2\/types\/post"}],"author":[{"embeddable":true,"href":"https:\/\/www.cycloclubmarvejolais.com\/index.php?rest_route=\/wp\/v2\/users\/1"}],"replies":[{"embeddable":true,"href":"https:\/\/www.cycloclubmarvejolais.com\/index.php?rest_route=%2Fwp%2Fv2%2Fcomments&post=280"}],"version-history":[{"count":10,"href":"https:\/\/www.cycloclubmarvejolais.com\/index.php?rest_route=\/wp\/v2\/posts\/280\/revisions"}],"predecessor-version":[{"id":349,"href":"https:\/\/www.cycloclubmarvejolais.com\/index.php?rest_route=\/wp\/v2\/posts\/280\/revisions\/349"}],"wp:featuredmedia":[{"embeddable":true,"href":"https:\/\/www.cycloclubmarvejolais.com\/index.php?rest_route=\/wp\/v2\/media\/338"}],"wp:attachment":[{"href":"https:\/\/www.cycloclubmarvejolais.com\/index.php?rest_route=%2Fwp%2Fv2%2Fmedia&parent=280"}],"wp:term":[{"taxonomy":"category","embeddable":true,"href":"https:\/\/www.cycloclubmarvejolais.com\/index.php?rest_route=%2Fwp%2Fv2%2Fcategories&post=280"},{"taxonomy":"post_tag","embeddable":true,"href":"https:\/\/www.cycloclubmarvejolais.com\/index.php?rest_route=%2Fwp%2Fv2%2Ftags&post=280"}],"curies":[{"name":"wp","href":"https:\/\/api.w.org\/{rel}","templated":true}]}}