{"id":2887,"date":"2010-05-29T09:02:03","date_gmt":"2010-05-29T07:02:03","guid":{"rendered":"http:\/\/www.cycloclubmarvejolais.com\/?p=2887"},"modified":"2024-01-01T23:50:48","modified_gmt":"2024-01-01T22:50:48","slug":"souvenir-patrick-combettes","status":"publish","type":"post","link":"https:\/\/www.cycloclubmarvejolais.com\/?p=2887","title":{"rendered":"Souvenir Patrick Combettes"},"content":{"rendered":"<p><span class=\"Normal-C\"><span style=\"font-size: 14pt\"><strong>SOUVENIR Patrick COMBETTE<\/strong><\/span><br \/>\n<\/span> <span class=\"Normal-C-C0\"><em>le samedi 29 mai \u00e0 la canourgue<\/em><br \/>\n<\/span> <span class=\"Normal-C-C0\"><br \/>\n<\/span> <span class=\"Normal-C-C0\">Une cinquantaine de cyclos dont 9 marvejolais se sont retrouv\u00e9s pour cette sortie souvenir \u00e0 l&rsquo;invitation du cyclo club du malpas.<br \/>\n<\/span> <span class=\"Normal-C-C0\"><br \/>\n<\/span> <span class=\"Normal-C-C0\">Apres un moment de d\u00e9tente et de convivialit\u00e9 ou les inscriptions furent prises, les cyclos partaient group\u00e9s \u00e0 9 heures, direction st Laurent d&rsquo;olt, st Saturnin de Lenne, Coussergue, Vimenet, Montagnac et retour.<br \/>\n<\/span> <span class=\"Normal-C-C0\"><br \/>\n<\/span> <span class=\"Normal-C-C0\">A partir de 13 heures, tous les participants \u00e9tant rentr\u00e9s sans encombre, ceux qui le souhaitaient pouvaient prolonger cette matin\u00e9e par un repas fort justement appr\u00e9ci\u00e9.<br \/>\n<\/span> <span class=\"Normal-C-C0\"><br \/>\n<\/span> <span class=\"Normal-C-C0\">Merci au cyclo club du malpas dont le sens de l&rsquo;organisation et de l&rsquo;accueil n&rsquo;est plus \u00e0 vanter.<\/span><\/p>\n","protected":false},"excerpt":{"rendered":"<p>SOUVENIR Patrick COMBETTE le samedi 29 mai \u00e0 la canourgue Une cinquantaine de cyclos dont 9 marvejolais se sont retrouv\u00e9s pour cette sortie souvenir&#46;&#46;&#46;<\/p>\n","protected":false},"author":7,"featured_media":0,"comment_status":"open","ping_status":"open","sticky":false,"template":"","format":"standard","meta":{"footnotes":""},"categories":[48],"tags":[],"_links":{"self":[{"href":"https:\/\/www.cycloclubmarvejolais.com\/index.php?rest_route=\/wp\/v2\/posts\/2887"}],"collection":[{"href":"https:\/\/www.cycloclubmarvejolais.com\/index.php?rest_route=\/wp\/v2\/posts"}],"about":[{"href":"https:\/\/www.cycloclubmarvejolais.com\/index.php?rest_route=\/wp\/v2\/types\/post"}],"author":[{"embeddable":true,"href":"https:\/\/www.cycloclubmarvejolais.com\/index.php?rest_route=\/wp\/v2\/users\/7"}],"replies":[{"embeddable":true,"href":"https:\/\/www.cycloclubmarvejolais.com\/index.php?rest_route=%2Fwp%2Fv2%2Fcomments&post=2887"}],"version-history":[{"count":3,"href":"https:\/\/www.cycloclubmarvejolais.com\/index.php?rest_route=\/wp\/v2\/posts\/2887\/revisions"}],"predecessor-version":[{"id":3003,"href":"https:\/\/www.cycloclubmarvejolais.com\/index.php?rest_route=\/wp\/v2\/posts\/2887\/revisions\/3003"}],"wp:attachment":[{"href":"https:\/\/www.cycloclubmarvejolais.com\/index.php?rest_route=%2Fwp%2Fv2%2Fmedia&parent=2887"}],"wp:term":[{"taxonomy":"category","embeddable":true,"href":"https:\/\/www.cycloclubmarvejolais.com\/index.php?rest_route=%2Fwp%2Fv2%2Fcategories&post=2887"},{"taxonomy":"post_tag","embeddable":true,"href":"https:\/\/www.cycloclubmarvejolais.com\/index.php?rest_route=%2Fwp%2Fv2%2Ftags&post=2887"}],"curies":[{"name":"wp","href":"https:\/\/api.w.org\/{rel}","templated":true}]}}