{"id":2949,"date":"2010-06-26T09:19:13","date_gmt":"2010-06-26T07:19:13","guid":{"rendered":"http:\/\/www.cycloclubmarvejolais.com\/?p=2949"},"modified":"2024-01-01T23:51:00","modified_gmt":"2024-01-01T22:51:00","slug":"gorges-de-truyere","status":"publish","type":"post","link":"https:\/\/www.cycloclubmarvejolais.com\/?p=2949","title":{"rendered":"Gorges de la Truy\u00e9re"},"content":{"rendered":"<p><span class=\"Strong-C-C0\">LES GORGES DE LA TRUYERE<br \/>\n<\/span> <span class=\"Normal-C\">La rando du cyclo club haute lozere<br \/>\n<\/span> <span class=\"Normal-C\">de st chely d&rsquo;apcher<br \/>\n<\/span> <span class=\"Normal-C\"><br \/>\n<\/span> <span class=\"Normal-C-C0\">Ce samedi 26 juin 12 cyclotouristes de notre club ont r\u00e9pondu pr\u00e9sents \u00e0 l&rsquo;invitation des cyclos barrabans.<br \/>\n<\/span> <span class=\"Normal-C-C0\"><br \/>\n<\/span> <span class=\"Normal-C-C0\">Sous une m\u00e9t\u00e9o fort agr\u00e9able, les 12 cyclos se sont r\u00e9partis sur 3 circuits .<br \/>\n<\/span> <span class=\"Normal-C-C0\"><br \/>\n<\/span> <span class=\"Normal-C-C0\">3 sur le circuit de 60 kms dont 2 f\u00e9minines Mireille et Josette, 6 sur le parcours 85 kms et 3 costauds sur le grand parcours de 95 kms.<br \/>\n<\/span> <span class=\"Normal-C-C0\"><br \/>\n<\/span> <span class=\"Normal-C-C0\">On peut d&rsquo;ailleurs souligner que cette ann\u00e9e, la participations des cyclos est en hausse , signe d&rsquo;une bonne dynamique du club. Remercions aussi le club de st ch\u00e9ly pour leur accueil et tous leurs b\u00e9n\u00e9voles qui nous rendent ces sorties agr\u00e9ables et conviviales.<\/span><\/p>\n","protected":false},"excerpt":{"rendered":"<p>LES GORGES DE LA TRUYERE La rando du cyclo club haute lozere de st chely d&rsquo;apcher Ce samedi 26 juin 12 cyclotouristes de notre&#46;&#46;&#46;<\/p>\n","protected":false},"author":9,"featured_media":0,"comment_status":"open","ping_status":"open","sticky":false,"template":"","format":"standard","meta":{"footnotes":""},"categories":[48],"tags":[],"_links":{"self":[{"href":"https:\/\/www.cycloclubmarvejolais.com\/index.php?rest_route=\/wp\/v2\/posts\/2949"}],"collection":[{"href":"https:\/\/www.cycloclubmarvejolais.com\/index.php?rest_route=\/wp\/v2\/posts"}],"about":[{"href":"https:\/\/www.cycloclubmarvejolais.com\/index.php?rest_route=\/wp\/v2\/types\/post"}],"author":[{"embeddable":true,"href":"https:\/\/www.cycloclubmarvejolais.com\/index.php?rest_route=\/wp\/v2\/users\/9"}],"replies":[{"embeddable":true,"href":"https:\/\/www.cycloclubmarvejolais.com\/index.php?rest_route=%2Fwp%2Fv2%2Fcomments&post=2949"}],"version-history":[{"count":1,"href":"https:\/\/www.cycloclubmarvejolais.com\/index.php?rest_route=\/wp\/v2\/posts\/2949\/revisions"}],"predecessor-version":[{"id":2972,"href":"https:\/\/www.cycloclubmarvejolais.com\/index.php?rest_route=\/wp\/v2\/posts\/2949\/revisions\/2972"}],"wp:attachment":[{"href":"https:\/\/www.cycloclubmarvejolais.com\/index.php?rest_route=%2Fwp%2Fv2%2Fmedia&parent=2949"}],"wp:term":[{"taxonomy":"category","embeddable":true,"href":"https:\/\/www.cycloclubmarvejolais.com\/index.php?rest_route=%2Fwp%2Fv2%2Fcategories&post=2949"},{"taxonomy":"post_tag","embeddable":true,"href":"https:\/\/www.cycloclubmarvejolais.com\/index.php?rest_route=%2Fwp%2Fv2%2Ftags&post=2949"}],"curies":[{"name":"wp","href":"https:\/\/api.w.org\/{rel}","templated":true}]}}