{"id":2958,"date":"2010-02-03T09:17:56","date_gmt":"2010-02-03T08:17:56","guid":{"rendered":"http:\/\/www.cycloclubmarvejolais.com\/?p=2958"},"modified":"2024-01-02T23:23:44","modified_gmt":"2024-01-02T22:23:44","slug":"sortie-cool-raoul-3-fevrier-2010","status":"publish","type":"post","link":"https:\/\/www.cycloclubmarvejolais.com\/?p=2958","title":{"rendered":"SORTIE \u00a0\u00bb COOL RAOUL\u00a0\u00bb du 3 F\u00e9vrier 2010"},"content":{"rendered":"<p style=\"text-align: center\"><span class=\"Normal-C-C0\">La sortie cool raoul, une innovation de la saison 2010 qui permettra \u00e0 tous les cyclos du club qui le d\u00e9sirent de se retrouver pour une sortie calme, adapt\u00e9e pour que la sortie ne perdent pas de cyclos en cours de route, objectif arriver le m\u00eame nombre qu&rsquo;au d\u00e9part.<br \/>\n<\/span> <span class=\"Normal-C-C0\"><br \/>\n<\/span> <span class=\"Normal-C-C0\">La premi\u00e8re sortie a rassembl\u00e9 dans une vrai convivialit\u00e9 13 membres du club dont une f\u00e9minine. une impression de joie au d\u00e9part de se retrouver ensemble \u00e9tait plus que perceptible.<br \/>\n<\/span> <span class=\"Normal-C-C0\"><br \/>\n<\/span> <span class=\"Normal-C-C0\">L&rsquo;objectif vis\u00e9 a \u00e9t\u00e9 r\u00e9alis\u00e9 sans difficult\u00e9, les plus aguerris ont ferm\u00e9 la route, les moins costauds faisant l&rsquo;effort n\u00e9cessaire pour ne pas *etre une trop lourde charge pour les autres.<br \/>\n<\/span> <span class=\"Normal-C-C0\"><br \/>\n<\/span> <span class=\"Normal-C-C0\">Au final, une sortie r\u00e9ussie ,qui redynamise la coh\u00e9sion du club la prochaine est attendue avec impatience le mercredi 3 mars.<\/span><\/p>\n","protected":false},"excerpt":{"rendered":"<p>La sortie cool raoul, une innovation de la saison 2010 qui permettra \u00e0 tous les cyclos du club qui le d\u00e9sirent de se retrouver&#46;&#46;&#46;<\/p>\n","protected":false},"author":11,"featured_media":0,"comment_status":"open","ping_status":"open","sticky":false,"template":"","format":"standard","meta":{"footnotes":""},"categories":[48],"tags":[],"_links":{"self":[{"href":"https:\/\/www.cycloclubmarvejolais.com\/index.php?rest_route=\/wp\/v2\/posts\/2958"}],"collection":[{"href":"https:\/\/www.cycloclubmarvejolais.com\/index.php?rest_route=\/wp\/v2\/posts"}],"about":[{"href":"https:\/\/www.cycloclubmarvejolais.com\/index.php?rest_route=\/wp\/v2\/types\/post"}],"author":[{"embeddable":true,"href":"https:\/\/www.cycloclubmarvejolais.com\/index.php?rest_route=\/wp\/v2\/users\/11"}],"replies":[{"embeddable":true,"href":"https:\/\/www.cycloclubmarvejolais.com\/index.php?rest_route=%2Fwp%2Fv2%2Fcomments&post=2958"}],"version-history":[{"count":2,"href":"https:\/\/www.cycloclubmarvejolais.com\/index.php?rest_route=\/wp\/v2\/posts\/2958\/revisions"}],"predecessor-version":[{"id":3108,"href":"https:\/\/www.cycloclubmarvejolais.com\/index.php?rest_route=\/wp\/v2\/posts\/2958\/revisions\/3108"}],"wp:attachment":[{"href":"https:\/\/www.cycloclubmarvejolais.com\/index.php?rest_route=%2Fwp%2Fv2%2Fmedia&parent=2958"}],"wp:term":[{"taxonomy":"category","embeddable":true,"href":"https:\/\/www.cycloclubmarvejolais.com\/index.php?rest_route=%2Fwp%2Fv2%2Fcategories&post=2958"},{"taxonomy":"post_tag","embeddable":true,"href":"https:\/\/www.cycloclubmarvejolais.com\/index.php?rest_route=%2Fwp%2Fv2%2Ftags&post=2958"}],"curies":[{"name":"wp","href":"https:\/\/api.w.org\/{rel}","templated":true}]}}