{"id":350,"date":"2011-11-25T16:32:54","date_gmt":"2011-11-25T15:32:54","guid":{"rendered":"http:\/\/www.cycloclubmarvejolais.com\/?p=350"},"modified":"2016-12-16T17:10:22","modified_gmt":"2016-12-16T16:10:22","slug":"ag-2011-rapport","status":"publish","type":"post","link":"https:\/\/www.cycloclubmarvejolais.com\/?p=350","title":{"rendered":"AG 2011 &#8211; Rapport"},"content":{"rendered":"<p><span class=\"Strong-C\"> \u00a0 <a href=\"http:\/\/www.cycloclubmarvejolais.com\/wp-content\/uploads\/2016\/12\/wped32a1ef_05_06.jpg\"><img loading=\"lazy\" decoding=\"async\" class=\"alignleft wp-image-354 size-medium\" src=\"http:\/\/www.cycloclubmarvejolais.com\/wp-content\/uploads\/2016\/12\/wped32a1ef_05_06-300x200.jpg\" width=\"300\" height=\"200\" srcset=\"https:\/\/www.cycloclubmarvejolais.com\/wp-content\/uploads\/2016\/12\/wped32a1ef_05_06-300x200.jpg 300w, https:\/\/www.cycloclubmarvejolais.com\/wp-content\/uploads\/2016\/12\/wped32a1ef_05_06.jpg 560w\" sizes=\"(max-width: 300px) 100vw, 300px\" \/><\/a>L&rsquo;assembl\u00e9e g\u00e9n\u00e9rale du cyclo club marvejolais <\/span><span class=\"Strong-C\">s&rsquo;est tenue ce vendredi 25 novembre 2011, <\/span><span class=\"Strong-C\">salle de la goutelle,\u00e0 Mascoussels.<\/span><span class=\"Normal-C\"><br \/>\n<\/span> <span class=\"Normal-C\"><br \/>\n<\/span> <span class=\"Strong-C\">Le pr\u00e9sident, <strong>Alain DURAND<\/strong>, remercie les membres pr\u00e9sents ainsi que M BASTIDE adjoint \u00e0 la mairie de Marvejols, responsable des sports et loisirs.<\/span><span class=\"Normal-C\"><br \/>\n<\/span> <span class=\"Strong-C\">On peut se r\u00e9jouir d&rsquo;une pr\u00e9sence importante des licenci\u00e9s &#8211;<wbr \/> 20 licenci\u00e9s pr\u00e9sents &#8211;<wbr \/><br \/>\n<\/span> <span class=\"Strong-C\">3 excus\u00e9s &#8211;<wbr \/> et 2 nouveaux membres postulants qui seront accueillis avec grande joie. ( 1 f\u00e9minine et 1 homme )<\/span><\/p>\n<p><span class=\"Strong-C\">Il ouvre ensuite la r\u00e9union par le rapport moral en pr\u00e9cisant que sa dur\u00e9e de fonction en tant que pr\u00e9sident ( 11 ans d\u00e9j\u00e0 ) entra\u00eenait un manq<\/span><span class=\"Strong-C\"><a href=\"http:\/\/www.cycloclubmarvejolais.com\/wp-content\/uploads\/2016\/12\/wpecf8b6ff_05_06.jpg\"><img loading=\"lazy\" decoding=\"async\" class=\"alignright wp-image-353 size-medium\" src=\"http:\/\/www.cycloclubmarvejolais.com\/wp-content\/uploads\/2016\/12\/wpecf8b6ff_05_06-300x200.jpg\" width=\"300\" height=\"200\" srcset=\"https:\/\/www.cycloclubmarvejolais.com\/wp-content\/uploads\/2016\/12\/wpecf8b6ff_05_06-300x200.jpg 300w, https:\/\/www.cycloclubmarvejolais.com\/wp-content\/uploads\/2016\/12\/wpecf8b6ff_05_06.jpg 565w\" sizes=\"(max-width: 300px) 100vw, 300px\" \/><\/a><\/span><span class=\"Strong-C\">ue de motivation et une certaine fatigue et qu&rsquo;il fallait donc, pour le bien et la dynamique du club une prise de responsabilit\u00e9 en \u00ab\u00a0rotation\u00a0\u00bb des membres.<\/span><span class=\"Normal-C\"><br \/>\n<\/span> <span class=\"Strong-C\">Il confiRme donc aux membres du club qu&rsquo;il acceptera de conduire encore le club pour<\/span><span class=\"Strong-C\"> 2012 comme promis mais sachant que ce sera sa derni\u00e8re ann\u00e9e, \u00e0 cet effet il propose de d\u00e9signer un vice pr\u00e9sident qui pourra pr\u00e9parer pendant un an son acces \u00e0 la p<\/span><span class=\"Strong-C\">r\u00e9sidence pour 2013.<\/span><span class=\"Normal-C\"><br \/>\n<\/span> <span class=\"Strong-C\">Le pr\u00e9sident c\u00e8de la parole au tr\u00e9sorier qui pr\u00e9sente les comptes financiers \u00e9quilibr\u00e9s de la saison, le rapport ne soul\u00e8ve aucun commentaire particulier et sera adopt\u00e9 \u00e0 l&rsquo;unanimit\u00e9.<\/span><span class=\"Normal-C\"><br \/>\n<\/span> <span class=\"Strong-C\">Le secr\u00e9taire pr\u00e9sentera le compte rendu des activit\u00e9s de 2011 qui s&rsquo;appuie sur un document complet de l&rsquo;activit\u00e9 du club et qui avait \u00e9t\u00e9 distribu\u00e9 aux membres pr\u00e9sents. on note le souci du d\u00e9tail et l&rsquo;humour qui caract\u00e9rise notre secr\u00e9taire.<\/span><span class=\"Normal-C\"><br \/>\n<\/span> <span class=\"Strong-C\"><a href=\"http:\/\/www.cycloclubmarvejolais.com\/wp-content\/uploads\/2016\/12\/wp1386c39d_05_06.jpg\"><img loading=\"lazy\" decoding=\"async\" class=\"alignleft wp-image-352 size-medium\" src=\"http:\/\/www.cycloclubmarvejolais.com\/wp-content\/uploads\/2016\/12\/wp1386c39d_05_06-300x200.jpg\" width=\"300\" height=\"200\" srcset=\"https:\/\/www.cycloclubmarvejolais.com\/wp-content\/uploads\/2016\/12\/wp1386c39d_05_06-300x200.jpg 300w, https:\/\/www.cycloclubmarvejolais.com\/wp-content\/uploads\/2016\/12\/wp1386c39d_05_06.jpg 557w\" sizes=\"(max-width: 300px) 100vw, 300px\" \/><\/a><\/span><span class=\"Strong-C\">Il souligne cependant que si les sorties cool raoul sont un vrai succ\u00e8s pour le club et ont connu des am\u00e9liorations int\u00e9ressantes telles les sorties \u00e0 la journ\u00e9e et excentr\u00e9es ( cool raoul le moulinet, le causse m\u00e9jean et le lac de parelou ) il regrette et souligne le manque de motivation pour les sorties \u00e0 l&rsquo;ext\u00e9rieur. <\/span><span class=\"Normal-C\"><br \/>\n<\/span> <span class=\"Strong-C\">L&rsquo;organisation de sorties \u00e0 la journ\u00e9e \u00e0 manqu\u00e9 aussi de dynamisme et un appel est fait \u00e0 tous les membres pour une implication pour la saison \u00e0 venir.<\/span><span class=\"Normal-C\"><br \/>\n<\/span> <span class=\"Strong-C\">Peut on attirer des cyclos ext\u00e9rieurs a nos manifestations si nous ne sortons pas ?<\/span><span class=\"Normal-C\"><br \/>\n<\/span> <span class=\"Strong-C\">Au cours du d\u00e9bat qui s&rsquo;est engag\u00e9 \u00e0 ce propos, quelques id\u00e9es nouvelles commencent \u00e0 \u00e9merger, placer la cool raoul le samedi pour pouvoir l&rsquo;ouvrir \u00e0 des personnes ext\u00e9rieures au club et leur faciliter la d\u00e9couverte de nos activit\u00e9s.<\/span><\/p>\n<h5 class=\"Normal-P\" style=\"text-align: center;\"><span class=\"Strong-C\">\u00c9lection des membres du bureau.<\/span><\/h5>\n<p class=\"Normal-P\" style=\"text-align: center;\"><span class=\"Strong-C\">sont \u00e9lus <\/span><span class=\"Normal-C\"><br \/>\n<\/span> <span class=\"Strong-C\">Pr\u00e9sident: Alain DURAND<\/span><span class=\"Normal-C\"><br \/>\n<\/span> <span class=\"Strong-C\">Vice &#8211;<wbr \/> Pr\u00e9sident:Jean Pierre DELARCE<\/span><span class=\"Normal-C\"><br \/>\n<\/span> <span class=\"Strong-C\">Pr\u00e9sident d&rsquo;honneur: Jean ADELIN<\/span><span class=\"Normal-C\"><br \/>\n<\/span> <span class=\"Strong-C\">Secr\u00e9taire: Jacky GIRAL<\/span><span class=\"Normal-C\"><br \/>\n<\/span> <span class=\"Strong-C\">Secr\u00e9taire adjoint: Alain CONTOU-<wbr \/>CARRERE<\/span><span class=\"Normal-C\"><br \/>\n<\/span> <span class=\"Strong-C\">Tr\u00e9sorier: Jean Louis BEDOS<\/span><span class=\"Normal-C\"><br \/>\n<\/span> <span class=\"Strong-C\">Tr\u00e9sorier adjoint: Jean Jacques DELMAS<\/span><span class=\"Normal-C\"><br \/>\n<\/span> <span class=\"Strong-C\">D\u00e9l\u00e9gu\u00e9 s\u00e9curit\u00e9: Jean PERIE<\/span><span class=\"Normal-C\"><br \/>\n<\/span> <span class=\"Strong-C\">D\u00e9l\u00e9gu\u00e9 VTT: Gilbert CAVALIER<\/span><span class=\"Normal-C\"><br \/>\n<\/span> <span class=\"Strong-C\">D\u00e9l\u00e9gu\u00e9 site internet: Alain CONTOU-<wbr \/>CARRERE<br \/>\n<\/span> <span class=\"Normal-C\"><br \/>\n<\/span><\/p>\n<h5 class=\"Normal-P\"><span class=\"Strong-C\"><a href=\"http:\/\/www.cycloclubmarvejolais.com\/wp-content\/uploads\/2016\/12\/wp3faf31c5_05_06.jpg\"><img loading=\"lazy\" decoding=\"async\" class=\"alignleft wp-image-351 size-medium\" src=\"http:\/\/www.cycloclubmarvejolais.com\/wp-content\/uploads\/2016\/12\/wp3faf31c5_05_06-300x200.jpg\" width=\"300\" height=\"200\" srcset=\"https:\/\/www.cycloclubmarvejolais.com\/wp-content\/uploads\/2016\/12\/wp3faf31c5_05_06-300x200.jpg 300w, https:\/\/www.cycloclubmarvejolais.com\/wp-content\/uploads\/2016\/12\/wp3faf31c5_05_06.jpg 564w\" sizes=\"(max-width: 300px) 100vw, 300px\" \/><\/a><\/span><\/h5>\n<p class=\"Normal-P\"><span class=\"Strong-C\">A l&rsquo;issue de la r\u00e9union, Jean ADELIN expose le danger cr\u00e9\u00e9 pour les cyclos par les quilles qui ont \u00e9t\u00e9 pos\u00e9es dans la travers\u00e9e du Monastier. Il pr\u00e9cise qu&rsquo;au niveau de l&rsquo;une d&rsquo;entre elles il a \u00e9t\u00e9 g\u00ean\u00e9 par une voiture et a chut\u00e9.<\/span><span class=\"Normal-C\"><br \/>\n<\/span> <span class=\"Strong-C\">Un signalement de ce probl\u00e8me sera fait au niveau du maire de la commune.<br \/>\n<\/span> <span class=\"Normal-C\"><br \/>\n<\/span> <span class=\"Strong-C\">La s\u00e9ance est lev\u00e9e \u00e0 20 heures et le pot de l&rsquo;amiti\u00e9 offert par le club.<\/span><span class=\"Normal-C\"><br \/>\n<\/span> <span class=\"Strong-C\">A l&rsquo;issue de la r\u00e9union les membres se sont retrouv\u00e9s pour un repas devenu traditionnel maintenant, repas auquel se sont ajout\u00e9s quelques conjoints; le plaisir de se retrouver ensemble reste une constante au niveau du cyclo club marvejolais.<\/span><span class=\"Normal-C\"><br \/>\n<\/span><\/p>\n","protected":false},"excerpt":{"rendered":"<p>\u00a0 L&rsquo;assembl\u00e9e g\u00e9n\u00e9rale du cyclo club marvejolais s&rsquo;est tenue ce vendredi 25 novembre 2011, salle de la goutelle,\u00e0 Mascoussels. Le pr\u00e9sident, Alain DURAND, remercie&#46;&#46;&#46;<\/p>\n","protected":false},"author":1,"featured_media":354,"comment_status":"open","ping_status":"open","sticky":false,"template":"","format":"standard","meta":{"footnotes":""},"categories":[19],"tags":[],"_links":{"self":[{"href":"https:\/\/www.cycloclubmarvejolais.com\/index.php?rest_route=\/wp\/v2\/posts\/350"}],"collection":[{"href":"https:\/\/www.cycloclubmarvejolais.com\/index.php?rest_route=\/wp\/v2\/posts"}],"about":[{"href":"https:\/\/www.cycloclubmarvejolais.com\/index.php?rest_route=\/wp\/v2\/types\/post"}],"author":[{"embeddable":true,"href":"https:\/\/www.cycloclubmarvejolais.com\/index.php?rest_route=\/wp\/v2\/users\/1"}],"replies":[{"embeddable":true,"href":"https:\/\/www.cycloclubmarvejolais.com\/index.php?rest_route=%2Fwp%2Fv2%2Fcomments&post=350"}],"version-history":[{"count":3,"href":"https:\/\/www.cycloclubmarvejolais.com\/index.php?rest_route=\/wp\/v2\/posts\/350\/revisions"}],"predecessor-version":[{"id":367,"href":"https:\/\/www.cycloclubmarvejolais.com\/index.php?rest_route=\/wp\/v2\/posts\/350\/revisions\/367"}],"wp:featuredmedia":[{"embeddable":true,"href":"https:\/\/www.cycloclubmarvejolais.com\/index.php?rest_route=\/wp\/v2\/media\/354"}],"wp:attachment":[{"href":"https:\/\/www.cycloclubmarvejolais.com\/index.php?rest_route=%2Fwp%2Fv2%2Fmedia&parent=350"}],"wp:term":[{"taxonomy":"category","embeddable":true,"href":"https:\/\/www.cycloclubmarvejolais.com\/index.php?rest_route=%2Fwp%2Fv2%2Fcategories&post=350"},{"taxonomy":"post_tag","embeddable":true,"href":"https:\/\/www.cycloclubmarvejolais.com\/index.php?rest_route=%2Fwp%2Fv2%2Ftags&post=350"}],"curies":[{"name":"wp","href":"https:\/\/api.w.org\/{rel}","templated":true}]}}