{"id":360,"date":"2010-11-26T16:51:37","date_gmt":"2010-11-26T15:51:37","guid":{"rendered":"http:\/\/www.cycloclubmarvejolais.com\/?p=360"},"modified":"2016-12-16T17:09:22","modified_gmt":"2016-12-16T16:09:22","slug":"ag-2010-rapport","status":"publish","type":"post","link":"https:\/\/www.cycloclubmarvejolais.com\/?p=360","title":{"rendered":"AG 2010 &#8211; Rapport"},"content":{"rendered":"<p><span class=\"Strong-C\"><a href=\"http:\/\/www.cycloclubmarvejolais.com\/wp-content\/uploads\/2016\/12\/DSC01180.jpg\"><img loading=\"lazy\" decoding=\"async\" class=\"alignleft wp-image-361 size-medium\" src=\"http:\/\/www.cycloclubmarvejolais.com\/wp-content\/uploads\/2016\/12\/DSC01180-300x225.jpg\" width=\"300\" height=\"225\" srcset=\"https:\/\/www.cycloclubmarvejolais.com\/wp-content\/uploads\/2016\/12\/DSC01180-300x225.jpg 300w, https:\/\/www.cycloclubmarvejolais.com\/wp-content\/uploads\/2016\/12\/DSC01180-768x576.jpg 768w, https:\/\/www.cycloclubmarvejolais.com\/wp-content\/uploads\/2016\/12\/DSC01180-600x450.jpg 600w, https:\/\/www.cycloclubmarvejolais.com\/wp-content\/uploads\/2016\/12\/DSC01180.jpg 800w\" sizes=\"(max-width: 300px) 100vw, 300px\" \/><\/a>Le pr\u00e9sident du cyclo-<wbr \/>club Marvejolais Alain DURAND, en pr\u00e9sence du pr\u00e9sident du CODEP 48 , Francis VALADIER , a tenu l&rsquo;Assembl\u00e9e g\u00e9n\u00e9rale de notre club.<\/span><span class=\"Normal-C\"><br \/>\n<\/span> <span class=\"Strong-C\">Il a tenu a commencer celle ci en \u00e9voquant la m\u00e9moire de notre ami Yves CHAUVET , parti pr\u00e9matur\u00e9ment au cours de l&rsquo;une de nos sorties au mois d&rsquo;avril.<\/span><span class=\"Normal-C\"><br \/>\n<\/span> <span class=\"Strong-C\">Une minute de silence a \u00e9t\u00e9 tenue, pleine d&rsquo;une forte \u00e9motion , les cyclos n&rsquo;oublient pas leur ami.<br \/>\n<\/span> <span class=\"Normal-C\"><br \/>\n<\/span> <span class=\"Strong-C\">Le pr\u00e9sident du cyclo-<wbr \/>club Marvejolais Alain DURAND, en pr\u00e9sence du pr\u00e9sident du CODEP 48 , Francis VALADIER , a tenu l&rsquo;Assembl\u00e9e g\u00e9n\u00e9rale de notre club.<\/span><span class=\"Normal-C\"><br \/>\n<\/span> <span class=\"Strong-C\">Il a tenu a commencer celle ci en \u00e9voquant la m\u00e9moire de notre ami Yves CHAUVET , parti pr\u00e9matur\u00e9ment au cours de l&rsquo;une de nos sorties au mois d&rsquo;avril.<\/span><span class=\"Normal-C\"><br \/>\n<\/span> <span class=\"Strong-C\">Une minute de silence a \u00e9t\u00e9 tenue, pleine d&rsquo;une forte \u00e9motion , les cyclos n&rsquo;oublient pas leur ami.<\/span><span class=\"Normal-C\"><br \/>\n<\/span> <span class=\"Strong-C\">Le rapport moral , suivi du rapport financier pr\u00e9sent\u00e9 par le tr\u00e9sorier Jean Louis BEDOS, et le rapport d&rsquo;activit\u00e9s pr\u00e9sent\u00e9 par le secr\u00e9taire Jacky GIRAL, on d\u00e9montr\u00e9 la bonne tenue du club mais surtout une excellente entente et amiti\u00e9 entre les membres du club.<\/span><span class=\"Normal-C\"><br \/>\n<\/span> <span class=\"Normal-C\"><br \/>\n<\/span> <a href=\"http:\/\/www.cycloclubmarvejolais.com\/wp-content\/uploads\/2016\/12\/DSC01182.jpg\"><img loading=\"lazy\" decoding=\"async\" class=\"alignleft wp-image-362 size-medium\" src=\"http:\/\/www.cycloclubmarvejolais.com\/wp-content\/uploads\/2016\/12\/DSC01182-300x225.jpg\" width=\"300\" height=\"225\" srcset=\"https:\/\/www.cycloclubmarvejolais.com\/wp-content\/uploads\/2016\/12\/DSC01182-300x225.jpg 300w, https:\/\/www.cycloclubmarvejolais.com\/wp-content\/uploads\/2016\/12\/DSC01182-768x576.jpg 768w, https:\/\/www.cycloclubmarvejolais.com\/wp-content\/uploads\/2016\/12\/DSC01182-600x450.jpg 600w, https:\/\/www.cycloclubmarvejolais.com\/wp-content\/uploads\/2016\/12\/DSC01182.jpg 800w\" sizes=\"(max-width: 300px) 100vw, 300px\" \/><\/a><span class=\"Strong-C\">Le pr\u00e9sident insiste particuli\u00e8rement sur les sorties cool raoul , et les diverses participations aux sorties du challenge CODEP ou aux sorties organis\u00e9es par le club.<br \/>\n<\/span> <span class=\"Strong-C\">Il rappela aussi le malheureux accident de Jeannot , qui chuta lourdement au cours de la sortie de l&rsquo;aigoual, chute qui aurait pu \u00eatre tragique. La solide constitution du sportif qu&rsquo;est Jeannot lui a permis de surmonter ses difficult\u00e9s et nous avons eu le plaisir de l&rsquo;avoir parmi nous \u00e0 cette r\u00e9union et au repas qui s&rsquo;en suivi.<\/span><span class=\"Normal-C\"><br \/>\n<\/span> <span class=\"Strong-C\">Mais n&rsquo;est-<wbr \/>il pas d\u00e9j\u00e0 remont\u00e9 sur le v\u00e9lo ?<br \/>\n<\/span> <span class=\"Normal-C-C0\"><br \/>\n<\/span> <span class=\"Strong-C\">Ce fut le moment de rappeler toutes les r\u00e8gles de s\u00e9curit\u00e9 et de pr\u00e9caution, car la pratique du v\u00e9lo de route reste une pratique a risque et faisons donc le maximum pour les minimiser. <\/span><span class=\"Normal-C\"><br \/>\n<\/span> <span class=\"Strong-C\">Au moment de la d\u00e9signation du bureau, il fallu pourvoir \u00e0 la d\u00e9signation du secr\u00e9taire adjoint, poste tenu par Yves, Jean Pierre DELARCE accepte de remplir cette fonction .<\/span><span class=\"Normal-C\"><br \/>\n<\/span> <span class=\"Strong-C\">Sa premi\u00e8re mission, organiser le repas annuel de reprise de saison au mois de Mars, les cyclos lui font enti\u00e8rement confiance \u00e0 ce niveau l\u00e0.<\/span><span class=\"Normal-C\"><a href=\"http:\/\/www.cycloclubmarvejolais.com\/wp-content\/uploads\/2016\/12\/DSC01184.jpg\"><img loading=\"lazy\" decoding=\"async\" class=\"aligncenter wp-image-363 size-medium\" src=\"http:\/\/www.cycloclubmarvejolais.com\/wp-content\/uploads\/2016\/12\/DSC01184-225x300.jpg\" width=\"225\" height=\"300\" srcset=\"https:\/\/www.cycloclubmarvejolais.com\/wp-content\/uploads\/2016\/12\/DSC01184-225x300.jpg 225w, https:\/\/www.cycloclubmarvejolais.com\/wp-content\/uploads\/2016\/12\/DSC01184.jpg 450w\" sizes=\"(max-width: 225px) 100vw, 225px\" \/><\/a><\/span><\/p>\n","protected":false},"excerpt":{"rendered":"<p>Le pr\u00e9sident du cyclo-club Marvejolais Alain DURAND, en pr\u00e9sence du pr\u00e9sident du CODEP 48 , Francis VALADIER , a tenu l&rsquo;Assembl\u00e9e g\u00e9n\u00e9rale de notre&#46;&#46;&#46;<\/p>\n","protected":false},"author":1,"featured_media":361,"comment_status":"open","ping_status":"open","sticky":false,"template":"","format":"standard","meta":{"footnotes":""},"categories":[19],"tags":[],"_links":{"self":[{"href":"https:\/\/www.cycloclubmarvejolais.com\/index.php?rest_route=\/wp\/v2\/posts\/360"}],"collection":[{"href":"https:\/\/www.cycloclubmarvejolais.com\/index.php?rest_route=\/wp\/v2\/posts"}],"about":[{"href":"https:\/\/www.cycloclubmarvejolais.com\/index.php?rest_route=\/wp\/v2\/types\/post"}],"author":[{"embeddable":true,"href":"https:\/\/www.cycloclubmarvejolais.com\/index.php?rest_route=\/wp\/v2\/users\/1"}],"replies":[{"embeddable":true,"href":"https:\/\/www.cycloclubmarvejolais.com\/index.php?rest_route=%2Fwp%2Fv2%2Fcomments&post=360"}],"version-history":[{"count":3,"href":"https:\/\/www.cycloclubmarvejolais.com\/index.php?rest_route=\/wp\/v2\/posts\/360\/revisions"}],"predecessor-version":[{"id":366,"href":"https:\/\/www.cycloclubmarvejolais.com\/index.php?rest_route=\/wp\/v2\/posts\/360\/revisions\/366"}],"wp:featuredmedia":[{"embeddable":true,"href":"https:\/\/www.cycloclubmarvejolais.com\/index.php?rest_route=\/wp\/v2\/media\/361"}],"wp:attachment":[{"href":"https:\/\/www.cycloclubmarvejolais.com\/index.php?rest_route=%2Fwp%2Fv2%2Fmedia&parent=360"}],"wp:term":[{"taxonomy":"category","embeddable":true,"href":"https:\/\/www.cycloclubmarvejolais.com\/index.php?rest_route=%2Fwp%2Fv2%2Fcategories&post=360"},{"taxonomy":"post_tag","embeddable":true,"href":"https:\/\/www.cycloclubmarvejolais.com\/index.php?rest_route=%2Fwp%2Fv2%2Ftags&post=360"}],"curies":[{"name":"wp","href":"https:\/\/api.w.org\/{rel}","templated":true}]}}