{"id":3635,"date":"2017-05-29T18:29:19","date_gmt":"2017-05-29T16:29:19","guid":{"rendered":"http:\/\/www.cycloclubmarvejolais.com\/?p=3635"},"modified":"2024-01-02T00:21:13","modified_gmt":"2024-01-01T23:21:13","slug":"cool-raoul-6-juin-2017","status":"publish","type":"post","link":"https:\/\/www.cycloclubmarvejolais.com\/?p=3635","title":{"rendered":"COOL RAOUL du 6 Juin 2017"},"content":{"rendered":"<p>Mardi 6 Juin rendez vous devant \u00ab\u00a0l&rsquo;espace NOGARET\u00a0\u00bb pour une COOL RAOUL \u00e0 la journ\u00e9e (pr\u00e9voir le piquenique) d\u00e9part en voiture pour AUMONT \u00e0 9h pr\u00e9cise &#8230;<br \/>\nD\u00e9part en v\u00e9lo devant la gare des 9h30&prime;<br \/>\nITIN\u00c9RAIRE: Aumont, les Estrets, Ste Eulalie, Lajo, Mialanes, Le MALZIEU (Pique Nique), saint Alban, Rimeize, Aumont.<br \/>\nBeau temps assur\u00e9<br \/>\nDistance : 70 km<br \/>\nD\u00e9nivel\u00e9 : 946 m<br \/>\nVenez nombreux et avec le sourire.<br \/>\n\u00e0 bient\u00f4t<br \/>\nAD<\/p>\n","protected":false},"excerpt":{"rendered":"<p>Mardi 6 Juin rendez vous devant \u00ab\u00a0l&rsquo;espace NOGARET\u00a0\u00bb pour une COOL RAOUL \u00e0 la journ\u00e9e (pr\u00e9voir le piquenique) d\u00e9part en voiture pour AUMONT \u00e0&#46;&#46;&#46;<\/p>\n","protected":false},"author":8,"featured_media":3637,"comment_status":"open","ping_status":"open","sticky":false,"template":"","format":"standard","meta":{"footnotes":""},"categories":[49],"tags":[],"_links":{"self":[{"href":"https:\/\/www.cycloclubmarvejolais.com\/index.php?rest_route=\/wp\/v2\/posts\/3635"}],"collection":[{"href":"https:\/\/www.cycloclubmarvejolais.com\/index.php?rest_route=\/wp\/v2\/posts"}],"about":[{"href":"https:\/\/www.cycloclubmarvejolais.com\/index.php?rest_route=\/wp\/v2\/types\/post"}],"author":[{"embeddable":true,"href":"https:\/\/www.cycloclubmarvejolais.com\/index.php?rest_route=\/wp\/v2\/users\/8"}],"replies":[{"embeddable":true,"href":"https:\/\/www.cycloclubmarvejolais.com\/index.php?rest_route=%2Fwp%2Fv2%2Fcomments&post=3635"}],"version-history":[{"count":2,"href":"https:\/\/www.cycloclubmarvejolais.com\/index.php?rest_route=\/wp\/v2\/posts\/3635\/revisions"}],"predecessor-version":[{"id":3638,"href":"https:\/\/www.cycloclubmarvejolais.com\/index.php?rest_route=\/wp\/v2\/posts\/3635\/revisions\/3638"}],"wp:featuredmedia":[{"embeddable":true,"href":"https:\/\/www.cycloclubmarvejolais.com\/index.php?rest_route=\/wp\/v2\/media\/3637"}],"wp:attachment":[{"href":"https:\/\/www.cycloclubmarvejolais.com\/index.php?rest_route=%2Fwp%2Fv2%2Fmedia&parent=3635"}],"wp:term":[{"taxonomy":"category","embeddable":true,"href":"https:\/\/www.cycloclubmarvejolais.com\/index.php?rest_route=%2Fwp%2Fv2%2Fcategories&post=3635"},{"taxonomy":"post_tag","embeddable":true,"href":"https:\/\/www.cycloclubmarvejolais.com\/index.php?rest_route=%2Fwp%2Fv2%2Ftags&post=3635"}],"curies":[{"name":"wp","href":"https:\/\/api.w.org\/{rel}","templated":true}]}}