{"id":3664,"date":"2012-09-14T20:20:52","date_gmt":"2012-09-14T18:20:52","guid":{"rendered":"http:\/\/www.cycloclubmarvejolais.com\/?p=3664"},"modified":"2017-06-02T09:37:27","modified_gmt":"2017-06-02T07:37:27","slug":"sejour-codep-2012-najac","status":"publish","type":"post","link":"https:\/\/www.cycloclubmarvejolais.com\/?p=3664","title":{"rendered":"SEJOUR CODEP 2012 NAJAC"},"content":{"rendered":"<p class=\"Corps-P\"><span class=\"Corps-C-C3\"><span style=\"color: #800000;font-size: x-large\"><strong>NAJAC\u00a0\u00a0\u00a0\u00a0\u00a0\u00a0\u00a0\u00a0\u00a0\u00a0\u00a0\u00a0\u00a0\u00a0\u00a0\u00a0\u00a0\u00a0\u00a0\u00a0\u00a0\u00a0 <a href=\"http:\/\/cc-marvejolais.ffct.org\/DSCF4049.JPG\" target=\"_self\"><img loading=\"lazy\" decoding=\"async\" src=\"http:\/\/cc-marvejolais.ffct.org\/wpimages\/wp44cf3a57_05_06.jpg\" alt=\"\" width=\"199\" height=\"133\" border=\"0\" \/><\/a><\/strong><\/span><\/span><\/p>\n<div>\n<div class=\"Corps-P-P1\"><span class=\"Corps-C-C1\"><strong>Oganis\u00e9 par le cyclo club de Haute Loz\u00e8re (st ch\u00e9ly d\u2019apcher) les cyclos loz\u00e9riens se sont retrouv\u00e9s ce vendredi 14 sept au village vacances des \u00ab\u00a0\u00a0Hauts de Najac\u00a0\u00bb.<br \/>\n<\/strong><\/span><\/div>\n<div class=\"Corps-P-P1\"><span class=\"Corps-C-C1\"><strong>Arriv\u00e9s d\u00e8s 11h30, \u00a0chacun a pu prendre la route d\u00e8s le vendredi apre midi pour des circuits d\u2019\u00e9chauffement, Sur les 13 cyclos marvejolais, 2 costauds sont partis pour un p\u00e9riple d\u2019une centaine de kms , alors que le reste de la troupe r\u00e9pondait \u00e0 une suggestion de notre pr\u00e9sident, d\u00e9part de Puylagarde en direction de st circ lapopie sur un rythme plus adapt\u00e9 au cyclotourisme.<a href=\"http:\/\/cc-marvejolais.ffct.org\/DSC03562.JPG\" target=\"_self\"><img loading=\"lazy\" decoding=\"async\" src=\"http:\/\/cc-marvejolais.ffct.org\/wpimages\/wp98660770_05_06.jpg\" alt=\"\" width=\"178\" height=\"133\" border=\"0\" \/><\/a><br \/>\n<\/strong><\/span><\/div>\n<div class=\"Corps-P-P1\"><span class=\"Corps-C-C1\"><strong>Le samedi matin la majorit\u00e9 \u00a0des cyclos se retrouvait pour effectuer le circuit de 110 kms pr\u00e9par\u00e9 par le club haute Loz\u00e8re: najac, parisot, st antonin noble val , cordes sur ciel st martin laguepie et retour \u00a0par st andr\u00e9 de najac.<\/strong><\/span><\/div>\n<\/div>\n<div>\n<div class=\"Corps-P-P1\"><span class=\"Corps-C-C1\"><strong>Ce circuit fortement vallonn\u00e9 a puis\u00e9 dans les ressources physiques et a rendu d\u2019autant plus agr\u00e9able la pause repas \u00e0 Cordes sur ciel, au restaurant \u00abl\u2019\u00e9tape occitane\u00a0\u00bb\u00a0\u00a0situ\u00e9 en haut du village.<br \/>\n<\/strong><\/span><\/div>\n<div class=\"Corps-P-P1\"><span class=\"Corps-C-C1\"><strong>L\u2019acc\u00e8s au resto par les \u00a0\u00abcallades\u00a0\u00bb a permis en outre de jeter un coup d\u2019oeil sur ce village tr\u00e8s pittoresque. Au prix d\u2019une escalade et surtout d\u2019une redescente \u00e0 pied mais d\u00e9licate.<br \/>\n<\/strong><\/span><\/div>\n<div class=\"Corps-P-P1\"><span class=\"Corps-C-C1\"><strong>Le dimanche matin, quelques vaillants ont repris la route alors que la plupart d\u2019entre nous se croisait dans les rues de Najac pour profiter de cette belle journ\u00e9e ensoleill\u00e9, et d\u00e9couvrir le village.<br \/>\n<\/strong><\/span><\/div>\n<div class=\"Corps-P-P1\"><span class=\"Corps-C-C1\"><strong>Au bilan, un bien beau week-end ou les 4 clubs ont pu se retrouver dans cette sortie annuelle traditionnelle. Bravo aussi a l\u2019organisation ( circuit, resto et village vacances parfaits ) Aucun incident si ce n\u2019est une petite chute sans gravit\u00e9 pour claude CHALEIL \u00a0\u00a0\u00a0d\u00fb \u00e0 un chat qui a travers\u00e9 la route sans pr\u00e9venir.<br \/>\n<\/strong><\/span><\/div>\n<div class=\"Corps-P-P1\"><span class=\"Corps-C-C1\"><strong>A l\u2019ann\u00e9e prochaine pour un nouveau s\u00e9jour.<\/strong><\/span><\/div>\n<\/div>\n<p><a href=\"http:\/\/cc-marvejolais.ffct.org\/DSCF4049.JPG\" target=\"_self\"><strong><img loading=\"lazy\" decoding=\"async\" src=\"http:\/\/cc-marvejolais.ffct.org\/wpimages\/wp0d8e3ce1_05_06.jpg\" alt=\"\" width=\"178\" height=\"119\" border=\"0\" \/><\/strong><\/a>\u00a0\u00a0\u00a0\u00a0\u00a0\u00a0\u00a0\u00a0\u00a0\u00a0\u00a0\u00a0\u00a0\u00a0\u00a0\u00a0\u00a0\u00a0<img loading=\"lazy\" decoding=\"async\" class=\"alignnone size-full wp-image-3689\" src=\"http:\/\/www.cycloclubmarvejolais.com\/wp-content\/uploads\/2012\/09\/wp1532ead0_05_06.jpg\" alt=\"\" width=\"201\" height=\"151\" \/>\u00a0<img loading=\"lazy\" decoding=\"async\" class=\"alignnone size-full wp-image-3690\" src=\"http:\/\/www.cycloclubmarvejolais.com\/wp-content\/uploads\/2012\/09\/wpa88cc0fb_05_06.jpg\" alt=\"\" width=\"200\" height=\"150\" \/><\/p>\n<div><\/div>\n<div id=\"txt_295\">\n<p class=\"Wp-Corps-P\"><span class=\"Corps-C-C4\"><strong><span style=\"font-size: small\">Cliquez sur le diaporama pour ouvrir l\u2019album Picasa t\u00e9l\u00e9chargeable<\/span><\/strong><\/span><\/p>\n<\/div>\n<div id=\"txt_296\">\n<p class=\"Wp-Corps-P\"><span class=\"Corps-C-C4\"><strong><span style=\"font-size: small\">Photos: A.DURAND, JL.BEDOS, JJ.DELMAS, X.GAGARIN, J.GIRAL, ACONTOU CARRERE<\/span><\/strong><\/span><\/p>\n<\/div>\n<p><a href=\"http:\/\/cc-marvejolais.ffct.org\/vvf2.JPG\" target=\"_self\"><img loading=\"lazy\" decoding=\"async\" src=\"http:\/\/cc-marvejolais.ffct.org\/wpimages\/wp5b688a33_05_06.jpg\" alt=\"\" width=\"197\" height=\"136\" border=\"0\" \/><\/a><\/p>\n","protected":false},"excerpt":{"rendered":"<p>NAJAC\u00a0\u00a0\u00a0\u00a0\u00a0\u00a0\u00a0\u00a0\u00a0\u00a0\u00a0\u00a0\u00a0\u00a0\u00a0\u00a0\u00a0\u00a0\u00a0\u00a0\u00a0\u00a0 Oganis\u00e9 par le cyclo club de Haute Loz\u00e8re (st ch\u00e9ly d\u2019apcher) les cyclos loz\u00e9riens se sont retrouv\u00e9s ce vendredi 14 sept au village&#46;&#46;&#46;<\/p>\n","protected":false},"author":12,"featured_media":3686,"comment_status":"open","ping_status":"open","sticky":false,"template":"","format":"standard","meta":{"footnotes":""},"categories":[18],"tags":[],"_links":{"self":[{"href":"https:\/\/www.cycloclubmarvejolais.com\/index.php?rest_route=\/wp\/v2\/posts\/3664"}],"collection":[{"href":"https:\/\/www.cycloclubmarvejolais.com\/index.php?rest_route=\/wp\/v2\/posts"}],"about":[{"href":"https:\/\/www.cycloclubmarvejolais.com\/index.php?rest_route=\/wp\/v2\/types\/post"}],"author":[{"embeddable":true,"href":"https:\/\/www.cycloclubmarvejolais.com\/index.php?rest_route=\/wp\/v2\/users\/12"}],"replies":[{"embeddable":true,"href":"https:\/\/www.cycloclubmarvejolais.com\/index.php?rest_route=%2Fwp%2Fv2%2Fcomments&post=3664"}],"version-history":[{"count":3,"href":"https:\/\/www.cycloclubmarvejolais.com\/index.php?rest_route=\/wp\/v2\/posts\/3664\/revisions"}],"predecessor-version":[{"id":3692,"href":"https:\/\/www.cycloclubmarvejolais.com\/index.php?rest_route=\/wp\/v2\/posts\/3664\/revisions\/3692"}],"wp:featuredmedia":[{"embeddable":true,"href":"https:\/\/www.cycloclubmarvejolais.com\/index.php?rest_route=\/wp\/v2\/media\/3686"}],"wp:attachment":[{"href":"https:\/\/www.cycloclubmarvejolais.com\/index.php?rest_route=%2Fwp%2Fv2%2Fmedia&parent=3664"}],"wp:term":[{"taxonomy":"category","embeddable":true,"href":"https:\/\/www.cycloclubmarvejolais.com\/index.php?rest_route=%2Fwp%2Fv2%2Fcategories&post=3664"},{"taxonomy":"post_tag","embeddable":true,"href":"https:\/\/www.cycloclubmarvejolais.com\/index.php?rest_route=%2Fwp%2Fv2%2Ftags&post=3664"}],"curies":[{"name":"wp","href":"https:\/\/api.w.org\/{rel}","templated":true}]}}