{"id":3666,"date":"2012-06-01T20:33:09","date_gmt":"2012-06-01T18:33:09","guid":{"rendered":"http:\/\/www.cycloclubmarvejolais.com\/?p=3666"},"modified":"2017-06-02T09:09:03","modified_gmt":"2017-06-02T07:09:03","slug":"concentration-codep-48-lac-de-bonnecombre-2012","status":"publish","type":"post","link":"https:\/\/www.cycloclubmarvejolais.com\/?p=3666","title":{"rendered":"CONCENTRATION CODEP 48 LAC DE BONNECOMBRE 2012"},"content":{"rendered":"<div id=\"txt_255\">\n<p class=\"Corps-P-P1\"><span class=\"Corps-C-C1\"><strong>\u00a0<\/strong><\/span><\/p>\n<p class=\"Corps-P-P1\"><img loading=\"lazy\" decoding=\"async\" class=\"aligncenter\" src=\"http:\/\/cc-marvejolais.ffct.org\/wpimages\/wpb0f8bb74_05_06.jpg\" alt=\"\" width=\"173\" height=\"130\" border=\"0\" \/><\/p>\n<p class=\"Corps-P-P1\"><span class=\"Corps-C-C1\"><strong>11 cyclotou<\/strong><\/span><span class=\"Corps-C-C1\"><strong>ristes marvejolais \u00a0ont r\u00e9pondu pr\u00e9sents \u00e0 l\u2019invitation du CODEP 48 pour la concentration annuelle, situ\u00e9e cette ann\u00e9e au Lac de Bonnecombe sur l\u2019Aubrac.<\/strong><\/span><\/p>\n<p class=\"Corps-P-P1\"><span class=\"Corps-C-C1\"><strong>2 groupes se sont constitu\u00e9s pour rallier cette destination. Un premier groupe de 4 cyclos , \u00a0a ralli\u00e9 Bonnecombe par la route de Chirac &#8211; le ginestoux &#8211; Pierrefiche &#8211; le col du tr\u00e9batut..<\/strong><\/span><\/p>\n<p class=\"Corps-P-P1\"><span class=\"Corps-C-C1\"><strong>Le second groupe constitu\u00e9 de grimpeurs \u00a0plus aguerris et sur proposition du secr\u00e9taire a pris des routes plus difficiles . Chirac &#8211; le ginestoux- combret &#8211; st germain du Teil &#8211; st pierre de nogaret &#8211; Tr\u00e9lans &#8211; Les Hermaux &#8211; Bonnecombe .<\/strong><img loading=\"lazy\" decoding=\"async\" class=\"alignnone size-full wp-image-3681\" src=\"http:\/\/www.cycloclubmarvejolais.com\/wp-content\/uploads\/2012\/06\/wpd86011dd_05_06.jpg\" alt=\"\" width=\"140\" height=\"105\" \/>\u00a0\u00a0\u00a0\u00a0\u00a0\u00a0\u00a0\u00a0\u00a0\u00a0\u00a0\u00a0\u00a0\u00a0\u00a0\u00a0\u00a0\u00a0\u00a0 <img loading=\"lazy\" decoding=\"async\" class=\"alignnone size-full wp-image-3679\" src=\"http:\/\/www.cycloclubmarvejolais.com\/wp-content\/uploads\/2012\/06\/wp2240fd13_05_06.jpg\" alt=\"\" width=\"144\" height=\"108\" \/><\/span><\/p>\n<p class=\"Corps-P-P1\"><span class=\"Corps-C-C1\"><strong>Les locaux appr\u00e9cieront la difficult\u00e9 du parcours.<\/strong><\/span><\/p>\n<div id=\"txt_256\">\n<p class=\"Corps-P-P1\"><span class=\"Corps-C-C1\"><strong>Aux environs de midi, le pr\u00e9sident du CODEP Francis valadier accueillait au lac les cyclotouristes participants des clubs de La Canourgue, st-ch\u00e9ly-d\u2019apcher et Marvejols, pour partager ensemble et dans la convivialit\u00e9 cycliste le pot de l\u2019amiti\u00e9.<\/strong><\/span><\/p>\n<p class=\"Corps-P-P1\"><span class=\"Corps-C-C1\"><strong>Au terme de cet ap\u00e9ro champ\u00eatre , une trentaine de cyclos des diff\u00e9rents clubs se sont retrouv\u00e9 autour de la table au \u00ab\u00a0\u00a0relais des lacs \u00ab\u00a0\u00a0pour d\u00e9guster l\u2019aligot.<\/strong><\/span><\/p>\n<p class=\"Corps-P-P1\"><span class=\"Corps-C-C1\"><strong>Aligot vivement appr\u00e9ci\u00e9 d\u2019autant plus que les routes emprunt\u00e9es pour acc\u00e9der a l&rsquo;Aubrac \u00a0avaient \u00a0aiguis\u00e9 les app\u00e9tits de nos sportifs.<\/strong><\/span><\/p>\n<\/div>\n<div id=\"txt_257\">\n<p class=\"Corps-P-P1\"><span class=\"Corps-C-C1\"><strong>Le retour des cyclos s\u2019est fait ensuite par diff\u00e9rentes routes. Les cyclos marvejolais se sont scind\u00e9s en deux groupes, un groupe rentrant par le tr\u00e9batut, le second empruntant la route des lacs et retour par Marchastel\u00a0\u00a0\u00a0\u00a0\u00a0\u00a0\u00a0\u00a0\u00a0\u00a0\u00a0\u00a0\u00a0\u00a0\u00a0 .\u00a0\u00a0\u00a0\u00a0\u00a0\u00a0\u00a0\u00a0\u00a0\u00a0\u00a0\u00a0\u00a0\u00a0\u00a0\u00a0\u00a0\u00a0\u00a0\u00a0\u00a0\u00a0\u00a0\u00a0\u00a0\u00a0\u00a0\u00a0\u00a0\u00a0\u00a0\u00a0\u00a0\u00a0\u00a0\u00a0\u00a0\u00a0\u00a0\u00a0\u00a0\u00a0\u00a0\u00a0\u00a0\u00a0\u00a0\u00a0\u00a0\u00a0\u00a0\u00a0\u00a0\u00a0\u00a0\u00a0\u00a0\u00a0\u00a0\u00a0\u00a0\u00a0\u00a0\u00a0\u00a0\u00a0\u00a0\u00a0\u00a0\u00a0\u00a0\u00a0\u00a0\u00a0\u00a0\u00a0\u00a0\u00a0\u00a0\u00a0\u00a0\u00a0\u00a0\u00a0\u00a0 <\/strong><img loading=\"lazy\" decoding=\"async\" class=\"alignnone size-full wp-image-3677\" src=\"http:\/\/www.cycloclubmarvejolais.com\/wp-content\/uploads\/2012\/06\/wp9e25daad_05_06.jpg\" alt=\"\" width=\"143\" height=\"107\" \/><\/span><\/p>\n<p class=\"Corps-P-P1\"><span class=\"Corps-C-C1\"><strong>Dans la descente du pont des n\u00e8gres, Alain CC du cyclo club marvejolais a subi une chute violente par dessus les cl\u00f4tures.<\/strong><\/span><\/p>\n<p class=\"Corps-P-P1\"><span class=\"Corps-C-C1\"><strong>Le pr\u00e9sident Alain DURAND a rapatri\u00e9 le cyclo en \u00e9tat de choc \u00a0qui a du faire un petit s\u00e9jour en h\u00f4pital pour bilan;<\/strong><\/span><\/p>\n<p class=\"Corps-P-P1\"><span class=\"Corps-C-C1\"><strong>La terre d\u2019Aubrac et son herbe bien \u00e9paisse a certainement \u00e9vit\u00e9 le pire et un mauvais rocher n\u2019\u00e9tait pas l\u00e0 au mauvais endroit.\u00a0 <img loading=\"lazy\" decoding=\"async\" class=\"alignnone size-full wp-image-3674\" src=\"http:\/\/www.cycloclubmarvejolais.com\/wp-content\/uploads\/2012\/06\/wp3e553e25_05_06.jpg\" alt=\"\" width=\"109\" height=\"81\" \/>\u00a0\u00a0\u00a0\u00a0\u00a0\u00a0\u00a0\u00a0\u00a0\u00a0\u00a0\u00a0\u00a0\u00a0\u00a0\u00a0\u00a0\u00a0\u00a0 <img loading=\"lazy\" decoding=\"async\" class=\"alignnone size-full wp-image-3673\" src=\"http:\/\/www.cycloclubmarvejolais.com\/wp-content\/uploads\/2012\/06\/wp2cb4ecbb_05_06.jpg\" alt=\"\" width=\"111\" height=\"83\" \/>\u00a0\u00a0\u00a0\u00a0\u00a0\u00a0\u00a0\u00a0\u00a0\u00a0\u00a0\u00a0 <\/strong><img loading=\"lazy\" decoding=\"async\" class=\"alignnone size-full wp-image-3676\" src=\"http:\/\/www.cycloclubmarvejolais.com\/wp-content\/uploads\/2012\/06\/wp7c73bdc7_05_06.jpg\" alt=\"\" width=\"108\" height=\"81\" \/><strong>\u00a0\u00a0\u00a0\u00a0\u00a0\u00a0\u00a0\u00a0\u00a0\u00a0\u00a0\u00a0\u00a0\u00a0\u00a0\u00a0<img loading=\"lazy\" decoding=\"async\" class=\"alignnone size-medium wp-image-3670\" src=\"http:\/\/www.cycloclubmarvejolais.com\/wp-content\/uploads\/2012\/06\/DSCN0267-300x225.jpg\" alt=\"\" width=\"300\" height=\"225\" srcset=\"https:\/\/www.cycloclubmarvejolais.com\/wp-content\/uploads\/2012\/06\/DSCN0267-300x225.jpg 300w, https:\/\/www.cycloclubmarvejolais.com\/wp-content\/uploads\/2012\/06\/DSCN0267-768x576.jpg 768w, https:\/\/www.cycloclubmarvejolais.com\/wp-content\/uploads\/2012\/06\/DSCN0267-600x450.jpg 600w, https:\/\/www.cycloclubmarvejolais.com\/wp-content\/uploads\/2012\/06\/DSCN0267.jpg 800w\" sizes=\"(max-width: 300px) 100vw, 300px\" \/>\u00a0\u00a0\u00a0\u00a0\u00a0\u00a0\u00a0\u00a0\u00a0\u00a0\u00a0\u00a0\u00a0 <img loading=\"lazy\" decoding=\"async\" class=\"alignnone size-medium wp-image-3671\" src=\"http:\/\/www.cycloclubmarvejolais.com\/wp-content\/uploads\/2012\/06\/DSCN0283-300x225.jpg\" alt=\"\" width=\"300\" height=\"225\" srcset=\"https:\/\/www.cycloclubmarvejolais.com\/wp-content\/uploads\/2012\/06\/DSCN0283-300x225.jpg 300w, https:\/\/www.cycloclubmarvejolais.com\/wp-content\/uploads\/2012\/06\/DSCN0283-768x576.jpg 768w, https:\/\/www.cycloclubmarvejolais.com\/wp-content\/uploads\/2012\/06\/DSCN0283-600x450.jpg 600w, https:\/\/www.cycloclubmarvejolais.com\/wp-content\/uploads\/2012\/06\/DSCN0283.jpg 800w\" sizes=\"(max-width: 300px) 100vw, 300px\" \/><\/strong><\/span><\/p>\n<\/div>\n<\/div>\n","protected":false},"excerpt":{"rendered":"<p>\u00a0 11 cyclotouristes marvejolais \u00a0ont r\u00e9pondu pr\u00e9sents \u00e0 l\u2019invitation du CODEP 48 pour la concentration annuelle, situ\u00e9e cette ann\u00e9e au Lac de Bonnecombe sur&#46;&#46;&#46;<\/p>\n","protected":false},"author":12,"featured_media":3672,"comment_status":"open","ping_status":"open","sticky":false,"template":"","format":"standard","meta":{"footnotes":""},"categories":[18],"tags":[],"_links":{"self":[{"href":"https:\/\/www.cycloclubmarvejolais.com\/index.php?rest_route=\/wp\/v2\/posts\/3666"}],"collection":[{"href":"https:\/\/www.cycloclubmarvejolais.com\/index.php?rest_route=\/wp\/v2\/posts"}],"about":[{"href":"https:\/\/www.cycloclubmarvejolais.com\/index.php?rest_route=\/wp\/v2\/types\/post"}],"author":[{"embeddable":true,"href":"https:\/\/www.cycloclubmarvejolais.com\/index.php?rest_route=\/wp\/v2\/users\/12"}],"replies":[{"embeddable":true,"href":"https:\/\/www.cycloclubmarvejolais.com\/index.php?rest_route=%2Fwp%2Fv2%2Fcomments&post=3666"}],"version-history":[{"count":5,"href":"https:\/\/www.cycloclubmarvejolais.com\/index.php?rest_route=\/wp\/v2\/posts\/3666\/revisions"}],"predecessor-version":[{"id":3684,"href":"https:\/\/www.cycloclubmarvejolais.com\/index.php?rest_route=\/wp\/v2\/posts\/3666\/revisions\/3684"}],"wp:featuredmedia":[{"embeddable":true,"href":"https:\/\/www.cycloclubmarvejolais.com\/index.php?rest_route=\/wp\/v2\/media\/3672"}],"wp:attachment":[{"href":"https:\/\/www.cycloclubmarvejolais.com\/index.php?rest_route=%2Fwp%2Fv2%2Fmedia&parent=3666"}],"wp:term":[{"taxonomy":"category","embeddable":true,"href":"https:\/\/www.cycloclubmarvejolais.com\/index.php?rest_route=%2Fwp%2Fv2%2Fcategories&post=3666"},{"taxonomy":"post_tag","embeddable":true,"href":"https:\/\/www.cycloclubmarvejolais.com\/index.php?rest_route=%2Fwp%2Fv2%2Ftags&post=3666"}],"curies":[{"name":"wp","href":"https:\/\/api.w.org\/{rel}","templated":true}]}}