{"id":4407,"date":"2018-04-21T13:30:40","date_gmt":"2018-04-21T11:30:40","guid":{"rendered":"http:\/\/www.cycloclubmarvejolais.com\/?p=4407"},"modified":"2024-01-02T00:21:35","modified_gmt":"2024-01-01T23:21:35","slug":"sortie-delocalisee-a-laissac","status":"publish","type":"post","link":"https:\/\/www.cycloclubmarvejolais.com\/?p=4407","title":{"rendered":"Sortie d\u00e9localis\u00e9e \u00e0 Laissac"},"content":{"rendered":"<p>Ce samedi 21 avril 2018 le cyclo club Marvejolais \u00e0 fait sa premi\u00e8re sortie d\u00e9localis\u00e9e de l&rsquo;ann\u00e9e 2018.<\/p>\n<p>Ce parcours porposer par St\u00e9phan au d\u00e9part de Laissac pour une sortie sur les routes des lacs du sud de l&rsquo; Aveyron (Lac du Pont de salars, lac de Bage et le Lac de Pareloup)<\/p>\n<p>12 personnes du Club \u00e9taient pr\u00e9ssente + 2 coll\u00e8gues cyclistes de Loz\u00e8re nous ont accompagn\u00e9es.<\/p>\n<p>Pr\u00eat au d\u00e9part, au parking derri\u00e8re le march\u00e9 au bestiau, le club de Laissac faisant sa sortie du samedi s&rsquo;arr\u00eate devant nous. St\u00e9phan \u00e9tant un ancien cycliste du club de Laissac, il\u00a0 commenca \u00e0 discuter avec ces anciens coll\u00e8gues du club et il se proposa de faire la sortie ensemble.<\/p>\n<p>Nous voila parti avec ce temps magnifique jalonner ces routes vallonn\u00e9es pour la plus part d&rsquo;entre nous inconnues avec le club de Laissac ou joie et bonne humeur sont partag\u00e9es.<\/p>\n<p>Laissac\/Le Vibal\/Pont de Salars\/les Paluds\/ Saint Martin des Faux\/Salle Curan\/Curan\/Viarouge\/S\u00e9gur\/Laissac<\/p>\n<p>Nous remercions St\u00e9phan pour la propositions de ce parcours et le club de Laissac de nous avoir accompagn\u00e9es.<\/p>\n<p>A bient\u00f4t sur les routes,<\/p>\n<p>Vive le v\u00e9lo!!!<\/p>\n\n\t\t<style>\n\t\t\t#gallery-1 {\n\t\t\t\tmargin: auto;\n\t\t\t}\n\t\t\t#gallery-1 .gallery-item {\n\t\t\t\tfloat: left;\n\t\t\t\tmargin-top: 10px;\n\t\t\t\ttext-align: center;\n\t\t\t\twidth: 33%;\n\t\t\t}\n\t\t\t#gallery-1 img {\n\t\t\t\tborder: 2px solid #cfcfcf;\n\t\t\t}\n\t\t\t#gallery-1 .gallery-caption {\n\t\t\t\tmargin-left: 0;\n\t\t\t}\n\t\t\t\/* see gallery_shortcode() in wp-includes\/media.php *\/\n\t\t<\/style>\n\t\t<div id='gallery-1' class='gallery galleryid-4407 gallery-columns-3 gallery-size-medium'><dl class='gallery-item'>\n\t\t\t<dt class='gallery-icon landscape'>\n\t\t\t\t<a href='https:\/\/www.cycloclubmarvejolais.com\/?attachment_id=4408'><img loading=\"lazy\" decoding=\"async\" width=\"300\" height=\"225\" src=\"https:\/\/www.cycloclubmarvejolais.com\/wp-content\/uploads\/2018\/04\/20180421_135642-300x225.jpg\" class=\"attachment-medium size-medium\" alt=\"\" srcset=\"https:\/\/www.cycloclubmarvejolais.com\/wp-content\/uploads\/2018\/04\/20180421_135642-300x225.jpg 300w, https:\/\/www.cycloclubmarvejolais.com\/wp-content\/uploads\/2018\/04\/20180421_135642-768x576.jpg 768w, https:\/\/www.cycloclubmarvejolais.com\/wp-content\/uploads\/2018\/04\/20180421_135642-1024x768.jpg 1024w, https:\/\/www.cycloclubmarvejolais.com\/wp-content\/uploads\/2018\/04\/20180421_135642-600x450.jpg 600w\" sizes=\"(max-width: 300px) 100vw, 300px\" \/><\/a>\n\t\t\t<\/dt><\/dl><dl class='gallery-item'>\n\t\t\t<dt class='gallery-icon landscape'>\n\t\t\t\t<a href='https:\/\/www.cycloclubmarvejolais.com\/?attachment_id=4409'><img loading=\"lazy\" decoding=\"async\" width=\"300\" height=\"225\" src=\"https:\/\/www.cycloclubmarvejolais.com\/wp-content\/uploads\/2018\/04\/20180421_135747-300x225.jpg\" class=\"attachment-medium size-medium\" alt=\"\" srcset=\"https:\/\/www.cycloclubmarvejolais.com\/wp-content\/uploads\/2018\/04\/20180421_135747-300x225.jpg 300w, https:\/\/www.cycloclubmarvejolais.com\/wp-content\/uploads\/2018\/04\/20180421_135747-768x576.jpg 768w, https:\/\/www.cycloclubmarvejolais.com\/wp-content\/uploads\/2018\/04\/20180421_135747-1024x768.jpg 1024w, https:\/\/www.cycloclubmarvejolais.com\/wp-content\/uploads\/2018\/04\/20180421_135747-600x450.jpg 600w\" sizes=\"(max-width: 300px) 100vw, 300px\" \/><\/a>\n\t\t\t<\/dt><\/dl><dl class='gallery-item'>\n\t\t\t<dt class='gallery-icon landscape'>\n\t\t\t\t<a href='https:\/\/www.cycloclubmarvejolais.com\/?attachment_id=4410'><img loading=\"lazy\" decoding=\"async\" width=\"300\" height=\"214\" src=\"https:\/\/www.cycloclubmarvejolais.com\/wp-content\/uploads\/2018\/04\/w-300x214.png\" class=\"attachment-medium size-medium\" alt=\"\" srcset=\"https:\/\/www.cycloclubmarvejolais.com\/wp-content\/uploads\/2018\/04\/w-300x214.png 300w, https:\/\/www.cycloclubmarvejolais.com\/wp-content\/uploads\/2018\/04\/w-768x548.png 768w, https:\/\/www.cycloclubmarvejolais.com\/wp-content\/uploads\/2018\/04\/w-600x428.png 600w, https:\/\/www.cycloclubmarvejolais.com\/wp-content\/uploads\/2018\/04\/w.png 949w\" sizes=\"(max-width: 300px) 100vw, 300px\" \/><\/a>\n\t\t\t<\/dt><\/dl><br style=\"clear: both\" \/>\n\t\t<\/div>\n\n","protected":false},"excerpt":{"rendered":"<p>Ce samedi 21 avril 2018 le cyclo club Marvejolais \u00e0 fait sa premi\u00e8re sortie d\u00e9localis\u00e9e de l&rsquo;ann\u00e9e 2018. Ce parcours porposer par St\u00e9phan au&#46;&#46;&#46;<\/p>\n","protected":false},"author":11,"featured_media":4409,"comment_status":"open","ping_status":"open","sticky":false,"template":"","format":"standard","meta":{"footnotes":""},"categories":[49],"tags":[],"_links":{"self":[{"href":"https:\/\/www.cycloclubmarvejolais.com\/index.php?rest_route=\/wp\/v2\/posts\/4407"}],"collection":[{"href":"https:\/\/www.cycloclubmarvejolais.com\/index.php?rest_route=\/wp\/v2\/posts"}],"about":[{"href":"https:\/\/www.cycloclubmarvejolais.com\/index.php?rest_route=\/wp\/v2\/types\/post"}],"author":[{"embeddable":true,"href":"https:\/\/www.cycloclubmarvejolais.com\/index.php?rest_route=\/wp\/v2\/users\/11"}],"replies":[{"embeddable":true,"href":"https:\/\/www.cycloclubmarvejolais.com\/index.php?rest_route=%2Fwp%2Fv2%2Fcomments&post=4407"}],"version-history":[{"count":1,"href":"https:\/\/www.cycloclubmarvejolais.com\/index.php?rest_route=\/wp\/v2\/posts\/4407\/revisions"}],"predecessor-version":[{"id":4411,"href":"https:\/\/www.cycloclubmarvejolais.com\/index.php?rest_route=\/wp\/v2\/posts\/4407\/revisions\/4411"}],"wp:featuredmedia":[{"embeddable":true,"href":"https:\/\/www.cycloclubmarvejolais.com\/index.php?rest_route=\/wp\/v2\/media\/4409"}],"wp:attachment":[{"href":"https:\/\/www.cycloclubmarvejolais.com\/index.php?rest_route=%2Fwp%2Fv2%2Fmedia&parent=4407"}],"wp:term":[{"taxonomy":"category","embeddable":true,"href":"https:\/\/www.cycloclubmarvejolais.com\/index.php?rest_route=%2Fwp%2Fv2%2Fcategories&post=4407"},{"taxonomy":"post_tag","embeddable":true,"href":"https:\/\/www.cycloclubmarvejolais.com\/index.php?rest_route=%2Fwp%2Fv2%2Ftags&post=4407"}],"curies":[{"name":"wp","href":"https:\/\/api.w.org\/{rel}","templated":true}]}}