{"id":4432,"date":"2018-04-28T08:38:41","date_gmt":"2018-04-28T06:38:41","guid":{"rendered":"http:\/\/www.cycloclubmarvejolais.com\/?p=4432"},"modified":"2018-04-29T16:39:35","modified_gmt":"2018-04-29T14:39:35","slug":"rando-ouverture-saison-codep-48","status":"publish","type":"post","link":"https:\/\/www.cycloclubmarvejolais.com\/?p=4432","title":{"rendered":"Rando ouverture saison codep 48"},"content":{"rendered":"<p>Ce samedi 28 avril 2018, les clubs du codep 48 ce sont rendu \u00e0 St-Ch\u00e9ly pour la rando d&rsquo;ouverture de la saison du codep 48 organis\u00e9 par les cyclos de Haute Loz\u00e8re.<\/p>\n<p>Apr\u00e8s un caf\u00e9 et un morceau de fougasse nous nous lan\u00e7ons tous ensemble sur les routes de la Haute Loz\u00e8re.<br \/>\nLa m\u00e9t\u00e9o qui devait \u00eatre capricieuse nous a laiss\u00e9 gentillement nous balader sur les routes calmes et magnifiques.<\/p>\n<p>Deux parcours \u00e9taient propos\u00e9s.<\/p>\n<p>Apr\u00e8s un long hiver, les cyclos avaient r\u00e9pondu pr\u00e9sent pour cette rando d&rsquo;ouverture cela \u00e0 parmi de retrouver les cyclos loz\u00e9riens et de rencontrer les nouveaux cyclos qui viendrons maintenant partager les randos avec nous.<br \/>\n8 cyclos du club pr\u00e9sent.<\/p>\n<p>Nous souhaitons la bienvenue aux clubs de Villefort et du Massegros au sein du codep 48.<\/p>\n<p>A bient\u00f4t sur v\u00e9lo!!!<\/p>\n<p><a href=\"http:\/\/www.cycloclubmarvejolais.com\/wp-content\/uploads\/2018\/04\/g_lPRL-ZOM7PL0wbS4QGodRaZyK03azG6PilvcIANwE-2048x1536.jpg\"><img loading=\"lazy\" decoding=\"async\" class=\"alignnone size-medium wp-image-4433\" src=\"http:\/\/www.cycloclubmarvejolais.com\/wp-content\/uploads\/2018\/04\/g_lPRL-ZOM7PL0wbS4QGodRaZyK03azG6PilvcIANwE-2048x1536-300x225.jpg\" alt=\"\" width=\"300\" height=\"225\" srcset=\"https:\/\/www.cycloclubmarvejolais.com\/wp-content\/uploads\/2018\/04\/g_lPRL-ZOM7PL0wbS4QGodRaZyK03azG6PilvcIANwE-2048x1536-300x225.jpg 300w, https:\/\/www.cycloclubmarvejolais.com\/wp-content\/uploads\/2018\/04\/g_lPRL-ZOM7PL0wbS4QGodRaZyK03azG6PilvcIANwE-2048x1536-768x576.jpg 768w, https:\/\/www.cycloclubmarvejolais.com\/wp-content\/uploads\/2018\/04\/g_lPRL-ZOM7PL0wbS4QGodRaZyK03azG6PilvcIANwE-2048x1536-1024x768.jpg 1024w, https:\/\/www.cycloclubmarvejolais.com\/wp-content\/uploads\/2018\/04\/g_lPRL-ZOM7PL0wbS4QGodRaZyK03azG6PilvcIANwE-2048x1536-600x450.jpg 600w, https:\/\/www.cycloclubmarvejolais.com\/wp-content\/uploads\/2018\/04\/g_lPRL-ZOM7PL0wbS4QGodRaZyK03azG6PilvcIANwE-2048x1536.jpg 2048w\" sizes=\"(max-width: 300px) 100vw, 300px\" \/><\/a> <a href=\"http:\/\/www.cycloclubmarvejolais.com\/wp-content\/uploads\/2018\/04\/ouverture-codep-20181.jpg\"><img loading=\"lazy\" decoding=\"async\" class=\"alignnone size-medium wp-image-4434\" src=\"http:\/\/www.cycloclubmarvejolais.com\/wp-content\/uploads\/2018\/04\/ouverture-codep-20181-212x300.jpg\" alt=\"\" width=\"212\" height=\"300\" srcset=\"https:\/\/www.cycloclubmarvejolais.com\/wp-content\/uploads\/2018\/04\/ouverture-codep-20181-212x300.jpg 212w, https:\/\/www.cycloclubmarvejolais.com\/wp-content\/uploads\/2018\/04\/ouverture-codep-20181-600x848.jpg 600w, https:\/\/www.cycloclubmarvejolais.com\/wp-content\/uploads\/2018\/04\/ouverture-codep-20181.jpg 627w\" sizes=\"(max-width: 212px) 100vw, 212px\" \/><\/a><\/p>\n<p>&nbsp;<\/p>\n","protected":false},"excerpt":{"rendered":"<p>Ce samedi 28 avril 2018, les clubs du codep 48 ce sont rendu \u00e0 St-Ch\u00e9ly pour la rando d&rsquo;ouverture de la saison du codep&#46;&#46;&#46;<\/p>\n","protected":false},"author":11,"featured_media":4433,"comment_status":"open","ping_status":"open","sticky":false,"template":"","format":"standard","meta":{"footnotes":""},"categories":[18],"tags":[],"_links":{"self":[{"href":"https:\/\/www.cycloclubmarvejolais.com\/index.php?rest_route=\/wp\/v2\/posts\/4432"}],"collection":[{"href":"https:\/\/www.cycloclubmarvejolais.com\/index.php?rest_route=\/wp\/v2\/posts"}],"about":[{"href":"https:\/\/www.cycloclubmarvejolais.com\/index.php?rest_route=\/wp\/v2\/types\/post"}],"author":[{"embeddable":true,"href":"https:\/\/www.cycloclubmarvejolais.com\/index.php?rest_route=\/wp\/v2\/users\/11"}],"replies":[{"embeddable":true,"href":"https:\/\/www.cycloclubmarvejolais.com\/index.php?rest_route=%2Fwp%2Fv2%2Fcomments&post=4432"}],"version-history":[{"count":1,"href":"https:\/\/www.cycloclubmarvejolais.com\/index.php?rest_route=\/wp\/v2\/posts\/4432\/revisions"}],"predecessor-version":[{"id":4435,"href":"https:\/\/www.cycloclubmarvejolais.com\/index.php?rest_route=\/wp\/v2\/posts\/4432\/revisions\/4435"}],"wp:featuredmedia":[{"embeddable":true,"href":"https:\/\/www.cycloclubmarvejolais.com\/index.php?rest_route=\/wp\/v2\/media\/4433"}],"wp:attachment":[{"href":"https:\/\/www.cycloclubmarvejolais.com\/index.php?rest_route=%2Fwp%2Fv2%2Fmedia&parent=4432"}],"wp:term":[{"taxonomy":"category","embeddable":true,"href":"https:\/\/www.cycloclubmarvejolais.com\/index.php?rest_route=%2Fwp%2Fv2%2Fcategories&post=4432"},{"taxonomy":"post_tag","embeddable":true,"href":"https:\/\/www.cycloclubmarvejolais.com\/index.php?rest_route=%2Fwp%2Fv2%2Ftags&post=4432"}],"curies":[{"name":"wp","href":"https:\/\/api.w.org\/{rel}","templated":true}]}}