{"id":4581,"date":"2018-07-26T21:34:20","date_gmt":"2018-07-26T19:34:20","guid":{"rendered":"http:\/\/www.cycloclubmarvejolais.com\/?p=4581"},"modified":"2024-01-02T00:21:47","modified_gmt":"2024-01-01T23:21:47","slug":"sortie-cool-raoul-st-privat-du-fau","status":"publish","type":"post","link":"https:\/\/www.cycloclubmarvejolais.com\/?p=4581","title":{"rendered":"Sortie Cool Raoul St Privat du Fau"},"content":{"rendered":"<p>Le 26 juillet 2018, Marie Agn\u00e8s\u00a0 Grard et Christian Cavero nous on propos\u00e9s comme l&rsquo;ann\u00e9e derni\u00e8re une sortie avec le club de Saint Ch\u00e9ly d&rsquo;Aptcher. Un moment conviviale partager entre les deux clubs ou un pique-nique tir\u00e9 du sac a \u00e9tait demand\u00e9 et un grand merci \u00e0 Ren\u00e9 Pradal de les avoirs accompagn\u00e9s.<\/p>\n\n\t\t<style>\n\t\t\t#gallery-1 {\n\t\t\t\tmargin: auto;\n\t\t\t}\n\t\t\t#gallery-1 .gallery-item {\n\t\t\t\tfloat: left;\n\t\t\t\tmargin-top: 10px;\n\t\t\t\ttext-align: center;\n\t\t\t\twidth: 33%;\n\t\t\t}\n\t\t\t#gallery-1 img {\n\t\t\t\tborder: 2px solid #cfcfcf;\n\t\t\t}\n\t\t\t#gallery-1 .gallery-caption {\n\t\t\t\tmargin-left: 0;\n\t\t\t}\n\t\t\t\/* see gallery_shortcode() in wp-includes\/media.php *\/\n\t\t<\/style>\n\t\t<div id='gallery-1' class='gallery galleryid-4581 gallery-columns-3 gallery-size-medium'><dl class='gallery-item'>\n\t\t\t<dt class='gallery-icon landscape'>\n\t\t\t\t<a href='https:\/\/www.cycloclubmarvejolais.com\/?attachment_id=4582'><img loading=\"lazy\" decoding=\"async\" width=\"300\" height=\"225\" src=\"https:\/\/www.cycloclubmarvejolais.com\/wp-content\/uploads\/2018\/08\/IMG_5985-300x225.jpg\" class=\"attachment-medium size-medium\" alt=\"\" srcset=\"https:\/\/www.cycloclubmarvejolais.com\/wp-content\/uploads\/2018\/08\/IMG_5985-300x225.jpg 300w, https:\/\/www.cycloclubmarvejolais.com\/wp-content\/uploads\/2018\/08\/IMG_5985-768x576.jpg 768w, https:\/\/www.cycloclubmarvejolais.com\/wp-content\/uploads\/2018\/08\/IMG_5985-1024x768.jpg 1024w, https:\/\/www.cycloclubmarvejolais.com\/wp-content\/uploads\/2018\/08\/IMG_5985-600x450.jpg 600w\" sizes=\"(max-width: 300px) 100vw, 300px\" \/><\/a>\n\t\t\t<\/dt><\/dl><dl class='gallery-item'>\n\t\t\t<dt class='gallery-icon portrait'>\n\t\t\t\t<a href='https:\/\/www.cycloclubmarvejolais.com\/?attachment_id=4583'><img loading=\"lazy\" decoding=\"async\" width=\"225\" height=\"300\" src=\"https:\/\/www.cycloclubmarvejolais.com\/wp-content\/uploads\/2018\/08\/IMG_5987-225x300.jpg\" class=\"attachment-medium size-medium\" alt=\"\" srcset=\"https:\/\/www.cycloclubmarvejolais.com\/wp-content\/uploads\/2018\/08\/IMG_5987-225x300.jpg 225w, https:\/\/www.cycloclubmarvejolais.com\/wp-content\/uploads\/2018\/08\/IMG_5987-768x1024.jpg 768w, https:\/\/www.cycloclubmarvejolais.com\/wp-content\/uploads\/2018\/08\/IMG_5987-600x800.jpg 600w\" sizes=\"(max-width: 225px) 100vw, 225px\" \/><\/a>\n\t\t\t<\/dt><\/dl><dl class='gallery-item'>\n\t\t\t<dt class='gallery-icon portrait'>\n\t\t\t\t<a href='https:\/\/www.cycloclubmarvejolais.com\/?attachment_id=4584'><img loading=\"lazy\" decoding=\"async\" width=\"225\" height=\"300\" src=\"https:\/\/www.cycloclubmarvejolais.com\/wp-content\/uploads\/2018\/08\/IMG_5988-225x300.jpg\" class=\"attachment-medium size-medium\" alt=\"\" srcset=\"https:\/\/www.cycloclubmarvejolais.com\/wp-content\/uploads\/2018\/08\/IMG_5988-225x300.jpg 225w, https:\/\/www.cycloclubmarvejolais.com\/wp-content\/uploads\/2018\/08\/IMG_5988-768x1024.jpg 768w, https:\/\/www.cycloclubmarvejolais.com\/wp-content\/uploads\/2018\/08\/IMG_5988-600x800.jpg 600w\" sizes=\"(max-width: 225px) 100vw, 225px\" \/><\/a>\n\t\t\t<\/dt><\/dl><br style=\"clear: both\" \/><dl class='gallery-item'>\n\t\t\t<dt class='gallery-icon portrait'>\n\t\t\t\t<a href='https:\/\/www.cycloclubmarvejolais.com\/?attachment_id=4585'><img loading=\"lazy\" decoding=\"async\" width=\"225\" height=\"300\" src=\"https:\/\/www.cycloclubmarvejolais.com\/wp-content\/uploads\/2018\/08\/IMG_5994-225x300.jpg\" class=\"attachment-medium size-medium\" alt=\"\" srcset=\"https:\/\/www.cycloclubmarvejolais.com\/wp-content\/uploads\/2018\/08\/IMG_5994-225x300.jpg 225w, https:\/\/www.cycloclubmarvejolais.com\/wp-content\/uploads\/2018\/08\/IMG_5994-768x1024.jpg 768w, https:\/\/www.cycloclubmarvejolais.com\/wp-content\/uploads\/2018\/08\/IMG_5994-600x800.jpg 600w\" sizes=\"(max-width: 225px) 100vw, 225px\" \/><\/a>\n\t\t\t<\/dt><\/dl><dl class='gallery-item'>\n\t\t\t<dt class='gallery-icon portrait'>\n\t\t\t\t<a href='https:\/\/www.cycloclubmarvejolais.com\/?attachment_id=4586'><img loading=\"lazy\" decoding=\"async\" width=\"225\" height=\"300\" src=\"https:\/\/www.cycloclubmarvejolais.com\/wp-content\/uploads\/2018\/08\/IMG_5995-225x300.jpg\" class=\"attachment-medium size-medium\" alt=\"\" srcset=\"https:\/\/www.cycloclubmarvejolais.com\/wp-content\/uploads\/2018\/08\/IMG_5995-225x300.jpg 225w, https:\/\/www.cycloclubmarvejolais.com\/wp-content\/uploads\/2018\/08\/IMG_5995-768x1024.jpg 768w, https:\/\/www.cycloclubmarvejolais.com\/wp-content\/uploads\/2018\/08\/IMG_5995-600x800.jpg 600w\" sizes=\"(max-width: 225px) 100vw, 225px\" \/><\/a>\n\t\t\t<\/dt><\/dl><dl class='gallery-item'>\n\t\t\t<dt class='gallery-icon landscape'>\n\t\t\t\t<a href='https:\/\/www.cycloclubmarvejolais.com\/?attachment_id=4587'><img loading=\"lazy\" decoding=\"async\" width=\"300\" height=\"225\" src=\"https:\/\/www.cycloclubmarvejolais.com\/wp-content\/uploads\/2018\/08\/IMG_5996-300x225.jpg\" class=\"attachment-medium size-medium\" alt=\"\" srcset=\"https:\/\/www.cycloclubmarvejolais.com\/wp-content\/uploads\/2018\/08\/IMG_5996-300x225.jpg 300w, https:\/\/www.cycloclubmarvejolais.com\/wp-content\/uploads\/2018\/08\/IMG_5996-768x576.jpg 768w, https:\/\/www.cycloclubmarvejolais.com\/wp-content\/uploads\/2018\/08\/IMG_5996-1024x768.jpg 1024w, https:\/\/www.cycloclubmarvejolais.com\/wp-content\/uploads\/2018\/08\/IMG_5996-600x450.jpg 600w\" sizes=\"(max-width: 300px) 100vw, 300px\" \/><\/a>\n\t\t\t<\/dt><\/dl><br style=\"clear: both\" \/><dl class='gallery-item'>\n\t\t\t<dt class='gallery-icon portrait'>\n\t\t\t\t<a href='https:\/\/www.cycloclubmarvejolais.com\/?attachment_id=4588'><img loading=\"lazy\" decoding=\"async\" width=\"225\" height=\"300\" src=\"https:\/\/www.cycloclubmarvejolais.com\/wp-content\/uploads\/2018\/08\/IMG_5998-225x300.jpg\" class=\"attachment-medium size-medium\" alt=\"\" srcset=\"https:\/\/www.cycloclubmarvejolais.com\/wp-content\/uploads\/2018\/08\/IMG_5998-225x300.jpg 225w, https:\/\/www.cycloclubmarvejolais.com\/wp-content\/uploads\/2018\/08\/IMG_5998-768x1024.jpg 768w, https:\/\/www.cycloclubmarvejolais.com\/wp-content\/uploads\/2018\/08\/IMG_5998-600x800.jpg 600w\" sizes=\"(max-width: 225px) 100vw, 225px\" \/><\/a>\n\t\t\t<\/dt><\/dl><dl class='gallery-item'>\n\t\t\t<dt class='gallery-icon landscape'>\n\t\t\t\t<a href='https:\/\/www.cycloclubmarvejolais.com\/?attachment_id=4589'><img loading=\"lazy\" decoding=\"async\" width=\"300\" height=\"225\" src=\"https:\/\/www.cycloclubmarvejolais.com\/wp-content\/uploads\/2018\/08\/IMG_5999-300x225.jpg\" class=\"attachment-medium size-medium\" alt=\"\" srcset=\"https:\/\/www.cycloclubmarvejolais.com\/wp-content\/uploads\/2018\/08\/IMG_5999-300x225.jpg 300w, https:\/\/www.cycloclubmarvejolais.com\/wp-content\/uploads\/2018\/08\/IMG_5999-768x576.jpg 768w, https:\/\/www.cycloclubmarvejolais.com\/wp-content\/uploads\/2018\/08\/IMG_5999-1024x768.jpg 1024w, https:\/\/www.cycloclubmarvejolais.com\/wp-content\/uploads\/2018\/08\/IMG_5999-600x450.jpg 600w\" sizes=\"(max-width: 300px) 100vw, 300px\" \/><\/a>\n\t\t\t<\/dt><\/dl><dl class='gallery-item'>\n\t\t\t<dt class='gallery-icon landscape'>\n\t\t\t\t<a href='https:\/\/www.cycloclubmarvejolais.com\/?attachment_id=4590'><img loading=\"lazy\" decoding=\"async\" width=\"300\" height=\"225\" src=\"https:\/\/www.cycloclubmarvejolais.com\/wp-content\/uploads\/2018\/08\/IMG_6006-300x225.jpg\" class=\"attachment-medium size-medium\" alt=\"\" srcset=\"https:\/\/www.cycloclubmarvejolais.com\/wp-content\/uploads\/2018\/08\/IMG_6006-300x225.jpg 300w, https:\/\/www.cycloclubmarvejolais.com\/wp-content\/uploads\/2018\/08\/IMG_6006-768x576.jpg 768w, https:\/\/www.cycloclubmarvejolais.com\/wp-content\/uploads\/2018\/08\/IMG_6006-1024x768.jpg 1024w, https:\/\/www.cycloclubmarvejolais.com\/wp-content\/uploads\/2018\/08\/IMG_6006-600x450.jpg 600w\" sizes=\"(max-width: 300px) 100vw, 300px\" \/><\/a>\n\t\t\t<\/dt><\/dl><br style=\"clear: both\" \/><dl class='gallery-item'>\n\t\t\t<dt class='gallery-icon landscape'>\n\t\t\t\t<a href='https:\/\/www.cycloclubmarvejolais.com\/?attachment_id=4591'><img loading=\"lazy\" decoding=\"async\" width=\"300\" height=\"225\" src=\"https:\/\/www.cycloclubmarvejolais.com\/wp-content\/uploads\/2018\/08\/IMG_6010-300x225.jpg\" class=\"attachment-medium size-medium\" alt=\"\" srcset=\"https:\/\/www.cycloclubmarvejolais.com\/wp-content\/uploads\/2018\/08\/IMG_6010-300x225.jpg 300w, https:\/\/www.cycloclubmarvejolais.com\/wp-content\/uploads\/2018\/08\/IMG_6010-768x576.jpg 768w, https:\/\/www.cycloclubmarvejolais.com\/wp-content\/uploads\/2018\/08\/IMG_6010-1024x768.jpg 1024w, https:\/\/www.cycloclubmarvejolais.com\/wp-content\/uploads\/2018\/08\/IMG_6010-600x450.jpg 600w\" sizes=\"(max-width: 300px) 100vw, 300px\" \/><\/a>\n\t\t\t<\/dt><\/dl>\n\t\t\t<br style='clear: both' \/>\n\t\t<\/div>\n\n","protected":false},"excerpt":{"rendered":"<p>Le 26 juillet 2018, Marie Agn\u00e8s\u00a0 Grard et Christian Cavero nous on propos\u00e9s comme l&rsquo;ann\u00e9e derni\u00e8re une sortie avec le club de Saint Ch\u00e9ly&#46;&#46;&#46;<\/p>\n","protected":false},"author":11,"featured_media":4590,"comment_status":"open","ping_status":"open","sticky":false,"template":"","format":"standard","meta":{"footnotes":""},"categories":[49],"tags":[],"_links":{"self":[{"href":"https:\/\/www.cycloclubmarvejolais.com\/index.php?rest_route=\/wp\/v2\/posts\/4581"}],"collection":[{"href":"https:\/\/www.cycloclubmarvejolais.com\/index.php?rest_route=\/wp\/v2\/posts"}],"about":[{"href":"https:\/\/www.cycloclubmarvejolais.com\/index.php?rest_route=\/wp\/v2\/types\/post"}],"author":[{"embeddable":true,"href":"https:\/\/www.cycloclubmarvejolais.com\/index.php?rest_route=\/wp\/v2\/users\/11"}],"replies":[{"embeddable":true,"href":"https:\/\/www.cycloclubmarvejolais.com\/index.php?rest_route=%2Fwp%2Fv2%2Fcomments&post=4581"}],"version-history":[{"count":1,"href":"https:\/\/www.cycloclubmarvejolais.com\/index.php?rest_route=\/wp\/v2\/posts\/4581\/revisions"}],"predecessor-version":[{"id":4592,"href":"https:\/\/www.cycloclubmarvejolais.com\/index.php?rest_route=\/wp\/v2\/posts\/4581\/revisions\/4592"}],"wp:featuredmedia":[{"embeddable":true,"href":"https:\/\/www.cycloclubmarvejolais.com\/index.php?rest_route=\/wp\/v2\/media\/4590"}],"wp:attachment":[{"href":"https:\/\/www.cycloclubmarvejolais.com\/index.php?rest_route=%2Fwp%2Fv2%2Fmedia&parent=4581"}],"wp:term":[{"taxonomy":"category","embeddable":true,"href":"https:\/\/www.cycloclubmarvejolais.com\/index.php?rest_route=%2Fwp%2Fv2%2Fcategories&post=4581"},{"taxonomy":"post_tag","embeddable":true,"href":"https:\/\/www.cycloclubmarvejolais.com\/index.php?rest_route=%2Fwp%2Fv2%2Ftags&post=4581"}],"curies":[{"name":"wp","href":"https:\/\/api.w.org\/{rel}","templated":true}]}}