{"id":5109,"date":"2019-04-28T21:41:12","date_gmt":"2019-04-28T19:41:12","guid":{"rendered":"http:\/\/www.cycloclubmarvejolais.com\/?p=5109"},"modified":"2019-05-26T22:01:38","modified_gmt":"2019-05-26T20:01:38","slug":"rando-ouverture-codep-48","status":"publish","type":"post","link":"https:\/\/www.cycloclubmarvejolais.com\/?p=5109","title":{"rendered":"Rando Ouverture Codep 48"},"content":{"rendered":"<p>Cette ann\u00e9e le samedi 28 Avril , c&rsquo;\u00e9tait au club d&rsquo;organiser la randonn\u00e9e d&rsquo;ouverture cyclotouriste du Codep 48 \u00a0\u00bb La rando des deux lacs\u00a0\u00bb pour lancer les randos cyclistes dans\u00a0 le d\u00e9partement.<br \/>\nMalgr\u00e9 le mauvais temps, 34 cyclos se sont retrouv\u00e9s pour se balader ensembles.<br \/>\nApr\u00e8s un caf\u00e9 et\u00a0 morceau de Foucasse nous voila parti pour la vall\u00e9e de l&rsquo;enfer, passant par la Margeride et le Lac de Ganivet jusqu\u2019\u00e0 retrouver L&rsquo;Aubrac et rentrer par le lac de du Moulinet avant de rentrer sur Marvejols.<br \/>\nUn parcours de 72km et un de 84km \u00e9tait propos\u00e9.<br \/>\nUne collation \u00e9tait propos\u00e9 \u00e0 l&rsquo;arriv\u00e9e pour finir cette matin\u00e9e fort sympathiques entre cyclos Loz\u00e8riens.<\/p>\n<p>Pour quelques cyclos du club, ils se sont retrouv\u00e9s pour manger un morceau au restaurant du P&rsquo;tit March\u00e9 au Monastier.<\/p>\n<p><a href=\"http:\/\/www.cycloclubmarvejolais.com\/wp-content\/uploads\/2019\/05\/20190427_084353.jpg\"><img loading=\"lazy\" decoding=\"async\" class=\"alignnone size-medium wp-image-5110\" src=\"http:\/\/www.cycloclubmarvejolais.com\/wp-content\/uploads\/2019\/05\/20190427_084353-300x146.jpg\" alt=\"\" width=\"300\" height=\"146\" srcset=\"https:\/\/www.cycloclubmarvejolais.com\/wp-content\/uploads\/2019\/05\/20190427_084353-300x146.jpg 300w, https:\/\/www.cycloclubmarvejolais.com\/wp-content\/uploads\/2019\/05\/20190427_084353-768x373.jpg 768w, https:\/\/www.cycloclubmarvejolais.com\/wp-content\/uploads\/2019\/05\/20190427_084353-1024x498.jpg 1024w, https:\/\/www.cycloclubmarvejolais.com\/wp-content\/uploads\/2019\/05\/20190427_084353-600x292.jpg 600w\" sizes=\"(max-width: 300px) 100vw, 300px\" \/><\/a> <a href=\"http:\/\/www.cycloclubmarvejolais.com\/wp-content\/uploads\/2019\/05\/20190427_084359.jpg\"><img loading=\"lazy\" decoding=\"async\" class=\"alignnone size-medium wp-image-5111\" src=\"http:\/\/www.cycloclubmarvejolais.com\/wp-content\/uploads\/2019\/05\/20190427_084359-300x146.jpg\" alt=\"\" width=\"300\" height=\"146\" srcset=\"https:\/\/www.cycloclubmarvejolais.com\/wp-content\/uploads\/2019\/05\/20190427_084359-300x146.jpg 300w, https:\/\/www.cycloclubmarvejolais.com\/wp-content\/uploads\/2019\/05\/20190427_084359-768x373.jpg 768w, https:\/\/www.cycloclubmarvejolais.com\/wp-content\/uploads\/2019\/05\/20190427_084359-1024x498.jpg 1024w, https:\/\/www.cycloclubmarvejolais.com\/wp-content\/uploads\/2019\/05\/20190427_084359-600x292.jpg 600w\" sizes=\"(max-width: 300px) 100vw, 300px\" \/><\/a> <a href=\"http:\/\/www.cycloclubmarvejolais.com\/wp-content\/uploads\/2019\/05\/20190427_084400.jpg\"><img loading=\"lazy\" decoding=\"async\" class=\"alignnone size-medium wp-image-5112\" src=\"http:\/\/www.cycloclubmarvejolais.com\/wp-content\/uploads\/2019\/05\/20190427_084400-300x146.jpg\" alt=\"\" width=\"300\" height=\"146\" srcset=\"https:\/\/www.cycloclubmarvejolais.com\/wp-content\/uploads\/2019\/05\/20190427_084400-300x146.jpg 300w, https:\/\/www.cycloclubmarvejolais.com\/wp-content\/uploads\/2019\/05\/20190427_084400-768x373.jpg 768w, https:\/\/www.cycloclubmarvejolais.com\/wp-content\/uploads\/2019\/05\/20190427_084400-1024x498.jpg 1024w, https:\/\/www.cycloclubmarvejolais.com\/wp-content\/uploads\/2019\/05\/20190427_084400-600x292.jpg 600w\" sizes=\"(max-width: 300px) 100vw, 300px\" \/><\/a> <a href=\"http:\/\/www.cycloclubmarvejolais.com\/wp-content\/uploads\/2019\/05\/thumbnail_20190427_094101.jpg\"><img loading=\"lazy\" decoding=\"async\" class=\"alignnone size-medium wp-image-5113\" src=\"http:\/\/www.cycloclubmarvejolais.com\/wp-content\/uploads\/2019\/05\/thumbnail_20190427_094101-300x225.jpg\" alt=\"\" width=\"300\" height=\"225\" srcset=\"https:\/\/www.cycloclubmarvejolais.com\/wp-content\/uploads\/2019\/05\/thumbnail_20190427_094101-300x225.jpg 300w, https:\/\/www.cycloclubmarvejolais.com\/wp-content\/uploads\/2019\/05\/thumbnail_20190427_094101-768x576.jpg 768w, https:\/\/www.cycloclubmarvejolais.com\/wp-content\/uploads\/2019\/05\/thumbnail_20190427_094101-1024x768.jpg 1024w, https:\/\/www.cycloclubmarvejolais.com\/wp-content\/uploads\/2019\/05\/thumbnail_20190427_094101-600x450.jpg 600w, https:\/\/www.cycloclubmarvejolais.com\/wp-content\/uploads\/2019\/05\/thumbnail_20190427_094101.jpg 1280w\" sizes=\"(max-width: 300px) 100vw, 300px\" \/><\/a><\/p>\n","protected":false},"excerpt":{"rendered":"<p>Cette ann\u00e9e le samedi 28 Avril , c&rsquo;\u00e9tait au club d&rsquo;organiser la randonn\u00e9e d&rsquo;ouverture cyclotouriste du Codep 48 \u00a0\u00bb La rando des deux lacs\u00a0\u00bb&#46;&#46;&#46;<\/p>\n","protected":false},"author":11,"featured_media":5110,"comment_status":"open","ping_status":"open","sticky":false,"template":"","format":"standard","meta":{"footnotes":""},"categories":[18],"tags":[],"_links":{"self":[{"href":"https:\/\/www.cycloclubmarvejolais.com\/index.php?rest_route=\/wp\/v2\/posts\/5109"}],"collection":[{"href":"https:\/\/www.cycloclubmarvejolais.com\/index.php?rest_route=\/wp\/v2\/posts"}],"about":[{"href":"https:\/\/www.cycloclubmarvejolais.com\/index.php?rest_route=\/wp\/v2\/types\/post"}],"author":[{"embeddable":true,"href":"https:\/\/www.cycloclubmarvejolais.com\/index.php?rest_route=\/wp\/v2\/users\/11"}],"replies":[{"embeddable":true,"href":"https:\/\/www.cycloclubmarvejolais.com\/index.php?rest_route=%2Fwp%2Fv2%2Fcomments&post=5109"}],"version-history":[{"count":1,"href":"https:\/\/www.cycloclubmarvejolais.com\/index.php?rest_route=\/wp\/v2\/posts\/5109\/revisions"}],"predecessor-version":[{"id":5114,"href":"https:\/\/www.cycloclubmarvejolais.com\/index.php?rest_route=\/wp\/v2\/posts\/5109\/revisions\/5114"}],"wp:featuredmedia":[{"embeddable":true,"href":"https:\/\/www.cycloclubmarvejolais.com\/index.php?rest_route=\/wp\/v2\/media\/5110"}],"wp:attachment":[{"href":"https:\/\/www.cycloclubmarvejolais.com\/index.php?rest_route=%2Fwp%2Fv2%2Fmedia&parent=5109"}],"wp:term":[{"taxonomy":"category","embeddable":true,"href":"https:\/\/www.cycloclubmarvejolais.com\/index.php?rest_route=%2Fwp%2Fv2%2Fcategories&post=5109"},{"taxonomy":"post_tag","embeddable":true,"href":"https:\/\/www.cycloclubmarvejolais.com\/index.php?rest_route=%2Fwp%2Fv2%2Ftags&post=5109"}],"curies":[{"name":"wp","href":"https:\/\/api.w.org\/{rel}","templated":true}]}}