{"id":5115,"date":"2019-05-26T22:17:06","date_gmt":"2019-05-26T20:17:06","guid":{"rendered":"http:\/\/www.cycloclubmarvejolais.com\/?p=5115"},"modified":"2024-01-02T23:26:48","modified_gmt":"2024-01-02T22:26:48","slug":"rando-club-sur-les-traces-de-la-bete-2019","status":"publish","type":"post","link":"https:\/\/www.cycloclubmarvejolais.com\/?p=5115","title":{"rendered":"Rando Club \u00ab\u00a0Sur les Traces de la B\u00eate\u00a0\u00bb 2019"},"content":{"rendered":"<p>Bonjour \u00e0 tous,<br \/>\nSamedi 06 Juillet le cyclo club marvejolais sera heureux de vous accueillir pour leur randonn\u00e9e annuelle \u00ab\u00a0Sur les Traces de la B\u00eate\u00a0\u00bb.<br \/>\nNous vous donnons RDV \u00e0 partir de 7H30 \u00e0 la salle polyvalente de Marvejols.<\/p>\n<p>Inscription: 6 euros (gratuit -18ans)<br \/>\nCollation au d\u00e9part et \u00e0 l&rsquo;arriv\u00e9e!!!<br \/>\nLe Club vous propose deux circuits pour venir d\u00e9couvrir l&rsquo;Aubrac:<br \/>\nUn ravitaillement vous sera propos\u00e9s \u00e0 la s\u00e9paration des deux parcours<\/p>\n<p>Petit parcours: 72 km 1100 D+\u00a0 \u00a0 \u00a0Grand parcours 97 km 1500 D+<\/p>\n<p>Pour les V\u00e9t\u00e9tistes: un parcours de 30 km avec 800 D+ vous sera propos\u00e9<\/p>\n<p><strong>Les V.A.E sont autoris\u00e9s<\/strong><\/p>\n<p>Inscriptions repas: 14 euros.<\/p>\n<p>P<a href=\"https:\/\/www.openrunner.com\/r\/10056238\">etit parcours lien openrunner<\/a><\/p>\n<p><a href=\"https:\/\/www.openrunner.com\/r\/10056220\">Grand Parcours lien openrunner<\/a><\/p>\n<p><a href=\"https:\/\/www.openrunner.com\/r\/10156602\">Parcours VTT lien openrunner<\/a><\/p>\n\n\t\t<style>\n\t\t\t#gallery-1 {\n\t\t\t\tmargin: auto;\n\t\t\t}\n\t\t\t#gallery-1 .gallery-item {\n\t\t\t\tfloat: left;\n\t\t\t\tmargin-top: 10px;\n\t\t\t\ttext-align: center;\n\t\t\t\twidth: 33%;\n\t\t\t}\n\t\t\t#gallery-1 img {\n\t\t\t\tborder: 2px solid #cfcfcf;\n\t\t\t}\n\t\t\t#gallery-1 .gallery-caption {\n\t\t\t\tmargin-left: 0;\n\t\t\t}\n\t\t\t\/* see gallery_shortcode() in wp-includes\/media.php *\/\n\t\t<\/style>\n\t\t<div id='gallery-1' class='gallery galleryid-5115 gallery-columns-3 gallery-size-medium'><dl class='gallery-item'>\n\t\t\t<dt class='gallery-icon landscape'>\n\t\t\t\t<a href='https:\/\/www.cycloclubmarvejolais.com\/?attachment_id=5116'><img loading=\"lazy\" decoding=\"async\" width=\"300\" height=\"213\" src=\"https:\/\/www.cycloclubmarvejolais.com\/wp-content\/uploads\/2019\/05\/Grand-parcours-2019-300x213.png\" class=\"attachment-medium size-medium\" alt=\"\" aria-describedby=\"gallery-1-5116\" srcset=\"https:\/\/www.cycloclubmarvejolais.com\/wp-content\/uploads\/2019\/05\/Grand-parcours-2019-300x213.png 300w, https:\/\/www.cycloclubmarvejolais.com\/wp-content\/uploads\/2019\/05\/Grand-parcours-2019-768x545.png 768w, https:\/\/www.cycloclubmarvejolais.com\/wp-content\/uploads\/2019\/05\/Grand-parcours-2019-600x426.png 600w, https:\/\/www.cycloclubmarvejolais.com\/wp-content\/uploads\/2019\/05\/Grand-parcours-2019.png 795w\" sizes=\"(max-width: 300px) 100vw, 300px\" \/><\/a>\n\t\t\t<\/dt>\n\t\t\t\t<dd class='wp-caption-text gallery-caption' id='gallery-1-5116'>\n\t\t\t\tGrand parcours\n\t\t\t\t<\/dd><\/dl><dl class='gallery-item'>\n\t\t\t<dt class='gallery-icon landscape'>\n\t\t\t\t<a href='https:\/\/www.cycloclubmarvejolais.com\/?attachment_id=5117'><img loading=\"lazy\" decoding=\"async\" width=\"300\" height=\"262\" src=\"https:\/\/www.cycloclubmarvejolais.com\/wp-content\/uploads\/2019\/05\/Petit-Parcours-2019-300x262.png\" class=\"attachment-medium size-medium\" alt=\"\" aria-describedby=\"gallery-1-5117\" srcset=\"https:\/\/www.cycloclubmarvejolais.com\/wp-content\/uploads\/2019\/05\/Petit-Parcours-2019-300x262.png 300w, https:\/\/www.cycloclubmarvejolais.com\/wp-content\/uploads\/2019\/05\/Petit-Parcours-2019-600x524.png 600w, https:\/\/www.cycloclubmarvejolais.com\/wp-content\/uploads\/2019\/05\/Petit-Parcours-2019.png 657w\" sizes=\"(max-width: 300px) 100vw, 300px\" \/><\/a>\n\t\t\t<\/dt>\n\t\t\t\t<dd class='wp-caption-text gallery-caption' id='gallery-1-5117'>\n\t\t\t\tPetit parcours\n\t\t\t\t<\/dd><\/dl><dl class='gallery-item'>\n\t\t\t<dt class='gallery-icon landscape'>\n\t\t\t\t<a href='https:\/\/www.cycloclubmarvejolais.com\/?attachment_id=5138'><img loading=\"lazy\" decoding=\"async\" width=\"300\" height=\"209\" src=\"https:\/\/www.cycloclubmarvejolais.com\/wp-content\/uploads\/2019\/05\/Parours-VTT-2019-300x209.png\" class=\"attachment-medium size-medium\" alt=\"\" aria-describedby=\"gallery-1-5138\" srcset=\"https:\/\/www.cycloclubmarvejolais.com\/wp-content\/uploads\/2019\/05\/Parours-VTT-2019-300x209.png 300w, https:\/\/www.cycloclubmarvejolais.com\/wp-content\/uploads\/2019\/05\/Parours-VTT-2019-768x535.png 768w, https:\/\/www.cycloclubmarvejolais.com\/wp-content\/uploads\/2019\/05\/Parours-VTT-2019-600x418.png 600w, https:\/\/www.cycloclubmarvejolais.com\/wp-content\/uploads\/2019\/05\/Parours-VTT-2019.png 818w\" sizes=\"(max-width: 300px) 100vw, 300px\" \/><\/a>\n\t\t\t<\/dt>\n\t\t\t\t<dd class='wp-caption-text gallery-caption' id='gallery-1-5138'>\n\t\t\t\tParcours VTT\n\t\t\t\t<\/dd><\/dl><br style=\"clear: both\" \/><dl class='gallery-item'>\n\t\t\t<dt class='gallery-icon portrait'>\n\t\t\t\t<a href='https:\/\/www.cycloclubmarvejolais.com\/?attachment_id=5132'><img loading=\"lazy\" decoding=\"async\" width=\"211\" height=\"300\" src=\"https:\/\/www.cycloclubmarvejolais.com\/wp-content\/uploads\/2019\/05\/Affiche-2019-211x300.png\" class=\"attachment-medium size-medium\" alt=\"\" aria-describedby=\"gallery-1-5132\" srcset=\"https:\/\/www.cycloclubmarvejolais.com\/wp-content\/uploads\/2019\/05\/Affiche-2019-211x300.png 211w, https:\/\/www.cycloclubmarvejolais.com\/wp-content\/uploads\/2019\/05\/Affiche-2019.png 397w\" sizes=\"(max-width: 211px) 100vw, 211px\" \/><\/a>\n\t\t\t<\/dt>\n\t\t\t\t<dd class='wp-caption-text gallery-caption' id='gallery-1-5132'>\n\t\t\t\tAffiche rando 2019\n\t\t\t\t<\/dd><\/dl>\n\t\t\t<br style='clear: both' \/>\n\t\t<\/div>\n\n<p>&nbsp;<\/p>\n","protected":false},"excerpt":{"rendered":"<p>Bonjour \u00e0 tous, Samedi 06 Juillet le cyclo club marvejolais sera heureux de vous accueillir pour leur randonn\u00e9e annuelle \u00ab\u00a0Sur les Traces de la&#46;&#46;&#46;<\/p>\n","protected":false},"author":11,"featured_media":5132,"comment_status":"open","ping_status":"open","sticky":false,"template":"","format":"standard","meta":{"footnotes":""},"categories":[48],"tags":[],"_links":{"self":[{"href":"https:\/\/www.cycloclubmarvejolais.com\/index.php?rest_route=\/wp\/v2\/posts\/5115"}],"collection":[{"href":"https:\/\/www.cycloclubmarvejolais.com\/index.php?rest_route=\/wp\/v2\/posts"}],"about":[{"href":"https:\/\/www.cycloclubmarvejolais.com\/index.php?rest_route=\/wp\/v2\/types\/post"}],"author":[{"embeddable":true,"href":"https:\/\/www.cycloclubmarvejolais.com\/index.php?rest_route=\/wp\/v2\/users\/11"}],"replies":[{"embeddable":true,"href":"https:\/\/www.cycloclubmarvejolais.com\/index.php?rest_route=%2Fwp%2Fv2%2Fcomments&post=5115"}],"version-history":[{"count":8,"href":"https:\/\/www.cycloclubmarvejolais.com\/index.php?rest_route=\/wp\/v2\/posts\/5115\/revisions"}],"predecessor-version":[{"id":5143,"href":"https:\/\/www.cycloclubmarvejolais.com\/index.php?rest_route=\/wp\/v2\/posts\/5115\/revisions\/5143"}],"wp:featuredmedia":[{"embeddable":true,"href":"https:\/\/www.cycloclubmarvejolais.com\/index.php?rest_route=\/wp\/v2\/media\/5132"}],"wp:attachment":[{"href":"https:\/\/www.cycloclubmarvejolais.com\/index.php?rest_route=%2Fwp%2Fv2%2Fmedia&parent=5115"}],"wp:term":[{"taxonomy":"category","embeddable":true,"href":"https:\/\/www.cycloclubmarvejolais.com\/index.php?rest_route=%2Fwp%2Fv2%2Fcategories&post=5115"},{"taxonomy":"post_tag","embeddable":true,"href":"https:\/\/www.cycloclubmarvejolais.com\/index.php?rest_route=%2Fwp%2Fv2%2Ftags&post=5115"}],"curies":[{"name":"wp","href":"https:\/\/api.w.org\/{rel}","templated":true}]}}