{"id":5120,"date":"2019-05-28T22:38:56","date_gmt":"2019-05-28T20:38:56","guid":{"rendered":"http:\/\/www.cycloclubmarvejolais.com\/?p=5120"},"modified":"2019-07-03T20:49:00","modified_gmt":"2019-07-03T18:49:00","slug":"sejour-codep-48-lioran","status":"publish","type":"post","link":"https:\/\/www.cycloclubmarvejolais.com\/?p=5120","title":{"rendered":"S\u00e9jour Codep 48 Lioran"},"content":{"rendered":"<p>Bonjour \u00e0 tous,<\/p>\n<p>Le week-end du vendredi 06 Septembre au Dimanche 08 Septembre 2019, le club organise \u00e0 son tour le s\u00e9jour Codep 48 qui se d\u00e9roulera au Lioran.<br \/>\nNous s\u00e9journerons au <a href=\"https:\/\/www.vvf-villages.fr\/villages-vacances\/vacances-le-grand-lioran-vvf-villages.html#village-pointsforts\">VVF de Font de c\u00e8re<\/a> \u00e0 la station de ski du Super Lioran dans le Cantal.<br \/>\nNous nous retrouverons \u00e0 partir du vendredi midi pour partager le repas avant d&rsquo;attaquer la premi\u00e8re balade.<br \/>\nChaque jour des parcours routes et VTT seront propos\u00e9s<br \/>\nDeux parcours sont propos\u00e9s chaque jour pour une accessibilit\u00e9 \u00e0 tous cyclos.<br \/>\nD\u00e9part des deux parcours group\u00e9s jusqu&rsquo;\u00e0 Murat ou les parcours se s\u00e9parent.<\/p>\n<p><a href=\"https:\/\/www.openrunner.com\/r\/10014473\">Petit parcours jour 1 59 km 1000D+<\/a><\/p>\n<p><a href=\"https:\/\/www.openrunner.com\/r\/10014484\">Grand parcours jour 1 83 km 1880D+<\/a><\/p>\n<p>Le samedi matin apr\u00e8s le petit d\u00e9jeuner, le grand parcours partira environ 1 h avant le petit parcours pour pouvoir se retrouver et partager le pique-nique tous ensembles en haut du Puy Mary \u00ab\u00a0Pas de Peyrol\u00a0\u00bb.Nous finirons ensuite le parcours sur le m\u00eame itin\u00e9raire jusqu&rsquo;au VVF . Le retour se fera en milieu d&rsquo;apr\u00e8s-midi ce qui permettra de pouvoir profiter de la station et des alentours.<\/p>\n<p><a href=\"https:\/\/www.openrunner.com\/r\/10014372\">Petit parcours jour 2 65 km 1500D+<\/a><\/p>\n<p><a href=\"https:\/\/www.openrunner.com\/r\/10014459\">Grand parcours jour 2 105 km 2400D+<\/a><\/p>\n<p>Le Dimanche matin apr\u00e8s le petit d\u00e9jeuner les deux parcours partirons en m\u00eame temps sur le m\u00eame parcours jusqu&rsquo;\u00e0 Vic-sur-C\u00e8re avant la boucle suppl\u00e9mentaire pour le grand parcours.<\/p>\n<p><a href=\"https:\/\/www.openrunner.com\/r\/10014402\">Petit parcours jour 3 47km 1000D+<\/a><\/p>\n<p><a href=\"https:\/\/www.openrunner.com\/r\/10014433\">Grand parcours jour 3 80 km 1600D+<\/a><\/p>\n<p>Pour finir nous mangerons au VVF le Midi.<\/p>\n\n\t\t<style>\n\t\t\t#gallery-1 {\n\t\t\t\tmargin: auto;\n\t\t\t}\n\t\t\t#gallery-1 .gallery-item {\n\t\t\t\tfloat: left;\n\t\t\t\tmargin-top: 10px;\n\t\t\t\ttext-align: center;\n\t\t\t\twidth: 33%;\n\t\t\t}\n\t\t\t#gallery-1 img {\n\t\t\t\tborder: 2px solid #cfcfcf;\n\t\t\t}\n\t\t\t#gallery-1 .gallery-caption {\n\t\t\t\tmargin-left: 0;\n\t\t\t}\n\t\t\t\/* see gallery_shortcode() in wp-includes\/media.php *\/\n\t\t<\/style>\n\t\t<div id='gallery-1' class='gallery galleryid-5120 gallery-columns-3 gallery-size-medium'><dl class='gallery-item'>\n\t\t\t<dt class='gallery-icon landscape'>\n\t\t\t\t<a href='https:\/\/www.cycloclubmarvejolais.com\/?attachment_id=5124'><img loading=\"lazy\" decoding=\"async\" width=\"160\" height=\"75\" src=\"https:\/\/www.cycloclubmarvejolais.com\/wp-content\/uploads\/2019\/05\/le-lioran-e1559077275817.png\" class=\"attachment-medium size-medium\" alt=\"\" \/><\/a>\n\t\t\t<\/dt><\/dl><dl class='gallery-item'>\n\t\t\t<dt class='gallery-icon portrait'>\n\t\t\t\t<a href='https:\/\/www.cycloclubmarvejolais.com\/?attachment_id=5134'><img loading=\"lazy\" decoding=\"async\" width=\"225\" height=\"300\" src=\"https:\/\/www.cycloclubmarvejolais.com\/wp-content\/uploads\/2019\/05\/thumbnail_20190601_122818-225x300.jpg\" class=\"attachment-medium size-medium\" alt=\"\" srcset=\"https:\/\/www.cycloclubmarvejolais.com\/wp-content\/uploads\/2019\/05\/thumbnail_20190601_122818-225x300.jpg 225w, https:\/\/www.cycloclubmarvejolais.com\/wp-content\/uploads\/2019\/05\/thumbnail_20190601_122818-768x1024.jpg 768w, https:\/\/www.cycloclubmarvejolais.com\/wp-content\/uploads\/2019\/05\/thumbnail_20190601_122818-600x800.jpg 600w, https:\/\/www.cycloclubmarvejolais.com\/wp-content\/uploads\/2019\/05\/thumbnail_20190601_122818.jpg 960w\" sizes=\"(max-width: 225px) 100vw, 225px\" \/><\/a>\n\t\t\t<\/dt><\/dl><dl class='gallery-item'>\n\t\t\t<dt class='gallery-icon landscape'>\n\t\t\t\t<a href='https:\/\/www.cycloclubmarvejolais.com\/?attachment_id=5135'><img loading=\"lazy\" decoding=\"async\" width=\"300\" height=\"225\" src=\"https:\/\/www.cycloclubmarvejolais.com\/wp-content\/uploads\/2019\/05\/thumbnail_20190601_144954-300x225.jpg\" class=\"attachment-medium size-medium\" alt=\"\" srcset=\"https:\/\/www.cycloclubmarvejolais.com\/wp-content\/uploads\/2019\/05\/thumbnail_20190601_144954-300x225.jpg 300w, https:\/\/www.cycloclubmarvejolais.com\/wp-content\/uploads\/2019\/05\/thumbnail_20190601_144954-768x576.jpg 768w, https:\/\/www.cycloclubmarvejolais.com\/wp-content\/uploads\/2019\/05\/thumbnail_20190601_144954-1024x768.jpg 1024w, https:\/\/www.cycloclubmarvejolais.com\/wp-content\/uploads\/2019\/05\/thumbnail_20190601_144954-600x450.jpg 600w, https:\/\/www.cycloclubmarvejolais.com\/wp-content\/uploads\/2019\/05\/thumbnail_20190601_144954.jpg 1280w\" sizes=\"(max-width: 300px) 100vw, 300px\" \/><\/a>\n\t\t\t<\/dt><\/dl><br style=\"clear: both\" \/>\n\t\t<\/div>\n\n","protected":false},"excerpt":{"rendered":"<p>Bonjour \u00e0 tous, Le week-end du vendredi 06 Septembre au Dimanche 08 Septembre 2019, le club organise \u00e0 son tour le s\u00e9jour Codep 48&#46;&#46;&#46;<\/p>\n","protected":false},"author":11,"featured_media":5124,"comment_status":"open","ping_status":"open","sticky":false,"template":"","format":"standard","meta":{"footnotes":""},"categories":[18,26],"tags":[],"_links":{"self":[{"href":"https:\/\/www.cycloclubmarvejolais.com\/index.php?rest_route=\/wp\/v2\/posts\/5120"}],"collection":[{"href":"https:\/\/www.cycloclubmarvejolais.com\/index.php?rest_route=\/wp\/v2\/posts"}],"about":[{"href":"https:\/\/www.cycloclubmarvejolais.com\/index.php?rest_route=\/wp\/v2\/types\/post"}],"author":[{"embeddable":true,"href":"https:\/\/www.cycloclubmarvejolais.com\/index.php?rest_route=\/wp\/v2\/users\/11"}],"replies":[{"embeddable":true,"href":"https:\/\/www.cycloclubmarvejolais.com\/index.php?rest_route=%2Fwp%2Fv2%2Fcomments&post=5120"}],"version-history":[{"count":6,"href":"https:\/\/www.cycloclubmarvejolais.com\/index.php?rest_route=\/wp\/v2\/posts\/5120\/revisions"}],"predecessor-version":[{"id":5136,"href":"https:\/\/www.cycloclubmarvejolais.com\/index.php?rest_route=\/wp\/v2\/posts\/5120\/revisions\/5136"}],"wp:featuredmedia":[{"embeddable":true,"href":"https:\/\/www.cycloclubmarvejolais.com\/index.php?rest_route=\/wp\/v2\/media\/5124"}],"wp:attachment":[{"href":"https:\/\/www.cycloclubmarvejolais.com\/index.php?rest_route=%2Fwp%2Fv2%2Fmedia&parent=5120"}],"wp:term":[{"taxonomy":"category","embeddable":true,"href":"https:\/\/www.cycloclubmarvejolais.com\/index.php?rest_route=%2Fwp%2Fv2%2Fcategories&post=5120"},{"taxonomy":"post_tag","embeddable":true,"href":"https:\/\/www.cycloclubmarvejolais.com\/index.php?rest_route=%2Fwp%2Fv2%2Ftags&post=5120"}],"curies":[{"name":"wp","href":"https:\/\/api.w.org\/{rel}","templated":true}]}}