{"id":5144,"date":"2019-06-18T18:20:58","date_gmt":"2019-06-18T16:20:58","guid":{"rendered":"http:\/\/www.cycloclubmarvejolais.com\/?p=5144"},"modified":"2024-01-02T23:42:13","modified_gmt":"2024-01-02T22:42:13","slug":"sortie-cool-raoul-juin-2019","status":"publish","type":"post","link":"https:\/\/www.cycloclubmarvejolais.com\/?p=5144","title":{"rendered":"Sortie Cool Raoul Juin 2019"},"content":{"rendered":"<p>En ce 18 Juin 2019, les cyclos du club sont descendu \u00e0 Aguessac pour la sortie d\u00e9localis\u00e9e de juin organis\u00e9e par Alain D. .<br \/>\n12 cyclos \u00e9taient pr\u00e9sents, en partant d&rsquo;Aguessac ils ont remont\u00e9s la vall\u00e9e du Tarn rive gauche jusqu&rsquo;a Peyreleau.<br \/>\nIls montent sur le causse noir pour partager le pique-nique redescende sur Millau, remonte sur Paulhe et la Cresse avant de basculer vers rivi\u00e8re pour faire quelques provisions de\u00a0 cerises.<\/p>\n<p>Une sortie tr\u00e8s agr\u00e9able pour tous les cyclos avec un super parcours et une m\u00e9t\u00e9o tr\u00e8s cl\u00e9mente.<\/p>\n\n\t\t<style>\n\t\t\t#gallery-1 {\n\t\t\t\tmargin: auto;\n\t\t\t}\n\t\t\t#gallery-1 .gallery-item {\n\t\t\t\tfloat: left;\n\t\t\t\tmargin-top: 10px;\n\t\t\t\ttext-align: center;\n\t\t\t\twidth: 33%;\n\t\t\t}\n\t\t\t#gallery-1 img {\n\t\t\t\tborder: 2px solid #cfcfcf;\n\t\t\t}\n\t\t\t#gallery-1 .gallery-caption {\n\t\t\t\tmargin-left: 0;\n\t\t\t}\n\t\t\t\/* see gallery_shortcode() in wp-includes\/media.php *\/\n\t\t<\/style>\n\t\t<div id='gallery-1' class='gallery galleryid-5144 gallery-columns-3 gallery-size-thumbnail'><dl class='gallery-item'>\n\t\t\t<dt class='gallery-icon landscape'>\n\t\t\t\t<a href='https:\/\/www.cycloclubmarvejolais.com\/?attachment_id=5145'><img loading=\"lazy\" decoding=\"async\" width=\"150\" height=\"150\" src=\"https:\/\/www.cycloclubmarvejolais.com\/wp-content\/uploads\/2019\/06\/IMG_2741-150x150.jpg\" class=\"attachment-thumbnail size-thumbnail\" alt=\"\" srcset=\"https:\/\/www.cycloclubmarvejolais.com\/wp-content\/uploads\/2019\/06\/IMG_2741-150x150.jpg 150w, https:\/\/www.cycloclubmarvejolais.com\/wp-content\/uploads\/2019\/06\/IMG_2741-160x160.jpg 160w, https:\/\/www.cycloclubmarvejolais.com\/wp-content\/uploads\/2019\/06\/IMG_2741-320x320.jpg 320w\" sizes=\"(max-width: 150px) 100vw, 150px\" \/><\/a>\n\t\t\t<\/dt><\/dl><dl class='gallery-item'>\n\t\t\t<dt class='gallery-icon portrait'>\n\t\t\t\t<a href='https:\/\/www.cycloclubmarvejolais.com\/?attachment_id=5146'><img loading=\"lazy\" decoding=\"async\" width=\"150\" height=\"150\" src=\"https:\/\/www.cycloclubmarvejolais.com\/wp-content\/uploads\/2019\/06\/thumbnail_IMG_2748-150x150.jpg\" class=\"attachment-thumbnail size-thumbnail\" alt=\"\" srcset=\"https:\/\/www.cycloclubmarvejolais.com\/wp-content\/uploads\/2019\/06\/thumbnail_IMG_2748-150x150.jpg 150w, https:\/\/www.cycloclubmarvejolais.com\/wp-content\/uploads\/2019\/06\/thumbnail_IMG_2748-160x160.jpg 160w, https:\/\/www.cycloclubmarvejolais.com\/wp-content\/uploads\/2019\/06\/thumbnail_IMG_2748-320x320.jpg 320w\" sizes=\"(max-width: 150px) 100vw, 150px\" \/><\/a>\n\t\t\t<\/dt><\/dl><dl class='gallery-item'>\n\t\t\t<dt class='gallery-icon landscape'>\n\t\t\t\t<a href='https:\/\/www.cycloclubmarvejolais.com\/?attachment_id=5147'><img loading=\"lazy\" decoding=\"async\" width=\"150\" height=\"150\" src=\"https:\/\/www.cycloclubmarvejolais.com\/wp-content\/uploads\/2019\/06\/thumbnail_IMG_2751-150x150.jpg\" class=\"attachment-thumbnail size-thumbnail\" alt=\"\" srcset=\"https:\/\/www.cycloclubmarvejolais.com\/wp-content\/uploads\/2019\/06\/thumbnail_IMG_2751-150x150.jpg 150w, https:\/\/www.cycloclubmarvejolais.com\/wp-content\/uploads\/2019\/06\/thumbnail_IMG_2751-160x160.jpg 160w, https:\/\/www.cycloclubmarvejolais.com\/wp-content\/uploads\/2019\/06\/thumbnail_IMG_2751-320x320.jpg 320w\" sizes=\"(max-width: 150px) 100vw, 150px\" \/><\/a>\n\t\t\t<\/dt><\/dl><br style=\"clear: both\" \/>\n\t\t<\/div>\n\n","protected":false},"excerpt":{"rendered":"<p>En ce 18 Juin 2019, les cyclos du club sont descendu \u00e0 Aguessac pour la sortie d\u00e9localis\u00e9e de juin organis\u00e9e par Alain D. .&#46;&#46;&#46;<\/p>\n","protected":false},"author":11,"featured_media":5145,"comment_status":"open","ping_status":"open","sticky":false,"template":"","format":"standard","meta":{"footnotes":""},"categories":[49],"tags":[],"_links":{"self":[{"href":"https:\/\/www.cycloclubmarvejolais.com\/index.php?rest_route=\/wp\/v2\/posts\/5144"}],"collection":[{"href":"https:\/\/www.cycloclubmarvejolais.com\/index.php?rest_route=\/wp\/v2\/posts"}],"about":[{"href":"https:\/\/www.cycloclubmarvejolais.com\/index.php?rest_route=\/wp\/v2\/types\/post"}],"author":[{"embeddable":true,"href":"https:\/\/www.cycloclubmarvejolais.com\/index.php?rest_route=\/wp\/v2\/users\/11"}],"replies":[{"embeddable":true,"href":"https:\/\/www.cycloclubmarvejolais.com\/index.php?rest_route=%2Fwp%2Fv2%2Fcomments&post=5144"}],"version-history":[{"count":1,"href":"https:\/\/www.cycloclubmarvejolais.com\/index.php?rest_route=\/wp\/v2\/posts\/5144\/revisions"}],"predecessor-version":[{"id":5148,"href":"https:\/\/www.cycloclubmarvejolais.com\/index.php?rest_route=\/wp\/v2\/posts\/5144\/revisions\/5148"}],"wp:featuredmedia":[{"embeddable":true,"href":"https:\/\/www.cycloclubmarvejolais.com\/index.php?rest_route=\/wp\/v2\/media\/5145"}],"wp:attachment":[{"href":"https:\/\/www.cycloclubmarvejolais.com\/index.php?rest_route=%2Fwp%2Fv2%2Fmedia&parent=5144"}],"wp:term":[{"taxonomy":"category","embeddable":true,"href":"https:\/\/www.cycloclubmarvejolais.com\/index.php?rest_route=%2Fwp%2Fv2%2Fcategories&post=5144"},{"taxonomy":"post_tag","embeddable":true,"href":"https:\/\/www.cycloclubmarvejolais.com\/index.php?rest_route=%2Fwp%2Fv2%2Ftags&post=5144"}],"curies":[{"name":"wp","href":"https:\/\/api.w.org\/{rel}","templated":true}]}}