{"id":5716,"date":"2021-11-26T21:29:14","date_gmt":"2021-11-26T20:29:14","guid":{"rendered":"http:\/\/www.cycloclubmarvejolais.com\/?p=5716"},"modified":"2021-11-26T21:30:20","modified_gmt":"2021-11-26T20:30:20","slug":"journee-familiale-club","status":"publish","type":"post","link":"https:\/\/www.cycloclubmarvejolais.com\/?p=5716","title":{"rendered":"Journ\u00e9e familiale club 2021"},"content":{"rendered":"<p>Samedi 04 Septembre 2021 c&rsquo;est d\u00e9roul\u00e9 la journ\u00e9e familiale du cyclo club marvejolais.<br \/>\nLes routiers sont parties \u00e0 08h de Marvejols et le V\u00e9t\u00e9tistes AE sont partis du Monastier \u00e0 09h pour un RDV pr\u00e9vu \u00e0 12h au col de Bonnecombe au foyer de ski de fond pour partager des grillades.<\/p>\n<p>En fin d&rsquo;apr\u00e8s-midi les licenci\u00e9s se sont retrouv\u00e9s \u00e0 la salle de la Goutelle pour une petite partie de p\u00e9tanque avant d&rsquo;attaquer la soir\u00e9e du club.<\/p>\n<p>Apr\u00e8s un bon ap\u00e9ro, nous continuons la soir\u00e9e sous le barnum pour d\u00e9guster ce d\u00e9licieux et copieux repas froid pr\u00e9par\u00e9 par Jean-Luc Pourcher.<\/p>\n<p>Toute la soir\u00e9e a \u00e9t\u00e9 anim\u00e9e par le Duo musical Htagadeux qui a mis une ambiance de folie!!!<\/p>\n\n\t\t<style>\n\t\t\t#gallery-1 {\n\t\t\t\tmargin: auto;\n\t\t\t}\n\t\t\t#gallery-1 .gallery-item {\n\t\t\t\tfloat: left;\n\t\t\t\tmargin-top: 10px;\n\t\t\t\ttext-align: center;\n\t\t\t\twidth: 33%;\n\t\t\t}\n\t\t\t#gallery-1 img {\n\t\t\t\tborder: 2px solid #cfcfcf;\n\t\t\t}\n\t\t\t#gallery-1 .gallery-caption {\n\t\t\t\tmargin-left: 0;\n\t\t\t}\n\t\t\t\/* see gallery_shortcode() in wp-includes\/media.php *\/\n\t\t<\/style>\n\t\t<div id='gallery-1' class='gallery galleryid-5716 gallery-columns-3 gallery-size-thumbnail'><dl class='gallery-item'>\n\t\t\t<dt class='gallery-icon portrait'>\n\t\t\t\t<a href='https:\/\/www.cycloclubmarvejolais.com\/?attachment_id=5719'><img loading=\"lazy\" decoding=\"async\" width=\"150\" height=\"150\" src=\"https:\/\/www.cycloclubmarvejolais.com\/wp-content\/uploads\/2021\/11\/b9eaa784-5337-4b07-a3a2-f5932f4b3fa6-150x150.jpeg\" class=\"attachment-thumbnail size-thumbnail\" alt=\"\" aria-describedby=\"gallery-1-5719\" srcset=\"https:\/\/www.cycloclubmarvejolais.com\/wp-content\/uploads\/2021\/11\/b9eaa784-5337-4b07-a3a2-f5932f4b3fa6-150x150.jpeg 150w, https:\/\/www.cycloclubmarvejolais.com\/wp-content\/uploads\/2021\/11\/b9eaa784-5337-4b07-a3a2-f5932f4b3fa6-160x160.jpeg 160w, https:\/\/www.cycloclubmarvejolais.com\/wp-content\/uploads\/2021\/11\/b9eaa784-5337-4b07-a3a2-f5932f4b3fa6-320x320.jpeg 320w\" sizes=\"(max-width: 150px) 100vw, 150px\" \/><\/a>\n\t\t\t<\/dt>\n\t\t\t\t<dd class='wp-caption-text gallery-caption' id='gallery-1-5719'>\n\t\t\t\tGroupe route \n\t\t\t\t<\/dd><\/dl><dl class='gallery-item'>\n\t\t\t<dt class='gallery-icon landscape'>\n\t\t\t\t<a href='https:\/\/www.cycloclubmarvejolais.com\/?attachment_id=5722'><img loading=\"lazy\" decoding=\"async\" width=\"150\" height=\"150\" src=\"https:\/\/www.cycloclubmarvejolais.com\/wp-content\/uploads\/2021\/11\/e89f49a6-16e5-461d-a137-911d6f672c9e-150x150.jpeg\" class=\"attachment-thumbnail size-thumbnail\" alt=\"\" aria-describedby=\"gallery-1-5722\" srcset=\"https:\/\/www.cycloclubmarvejolais.com\/wp-content\/uploads\/2021\/11\/e89f49a6-16e5-461d-a137-911d6f672c9e-150x150.jpeg 150w, https:\/\/www.cycloclubmarvejolais.com\/wp-content\/uploads\/2021\/11\/e89f49a6-16e5-461d-a137-911d6f672c9e-160x160.jpeg 160w, https:\/\/www.cycloclubmarvejolais.com\/wp-content\/uploads\/2021\/11\/e89f49a6-16e5-461d-a137-911d6f672c9e-320x320.jpeg 320w\" sizes=\"(max-width: 150px) 100vw, 150px\" \/><\/a>\n\t\t\t<\/dt>\n\t\t\t\t<dd class='wp-caption-text gallery-caption' id='gallery-1-5722'>\n\t\t\t\tGroupe VTTAE\n\t\t\t\t<\/dd><\/dl><dl class='gallery-item'>\n\t\t\t<dt class='gallery-icon landscape'>\n\t\t\t\t<a href='https:\/\/www.cycloclubmarvejolais.com\/?attachment_id=5717'><img loading=\"lazy\" decoding=\"async\" width=\"150\" height=\"150\" src=\"https:\/\/www.cycloclubmarvejolais.com\/wp-content\/uploads\/2021\/11\/60fe76a4-d5c0-43bf-a5d6-9d3ccfefe13b-2-150x150.jpeg\" class=\"attachment-thumbnail size-thumbnail\" alt=\"\" aria-describedby=\"gallery-1-5717\" srcset=\"https:\/\/www.cycloclubmarvejolais.com\/wp-content\/uploads\/2021\/11\/60fe76a4-d5c0-43bf-a5d6-9d3ccfefe13b-2-150x150.jpeg 150w, https:\/\/www.cycloclubmarvejolais.com\/wp-content\/uploads\/2021\/11\/60fe76a4-d5c0-43bf-a5d6-9d3ccfefe13b-2-160x160.jpeg 160w, https:\/\/www.cycloclubmarvejolais.com\/wp-content\/uploads\/2021\/11\/60fe76a4-d5c0-43bf-a5d6-9d3ccfefe13b-2-320x320.jpeg 320w\" sizes=\"(max-width: 150px) 100vw, 150px\" \/><\/a>\n\t\t\t<\/dt>\n\t\t\t\t<dd class='wp-caption-text gallery-caption' id='gallery-1-5717'>\n\t\t\t\tFoyer de ski de fond\n\t\t\t\t<\/dd><\/dl><br style=\"clear: both\" \/><dl class='gallery-item'>\n\t\t\t<dt class='gallery-icon landscape'>\n\t\t\t\t<a href='https:\/\/www.cycloclubmarvejolais.com\/?attachment_id=5718'><img loading=\"lazy\" decoding=\"async\" width=\"150\" height=\"150\" src=\"https:\/\/www.cycloclubmarvejolais.com\/wp-content\/uploads\/2021\/11\/649b9459-a072-4390-81d3-05720ccd4f9d-150x150.jpeg\" class=\"attachment-thumbnail size-thumbnail\" alt=\"\" aria-describedby=\"gallery-1-5718\" srcset=\"https:\/\/www.cycloclubmarvejolais.com\/wp-content\/uploads\/2021\/11\/649b9459-a072-4390-81d3-05720ccd4f9d-150x150.jpeg 150w, https:\/\/www.cycloclubmarvejolais.com\/wp-content\/uploads\/2021\/11\/649b9459-a072-4390-81d3-05720ccd4f9d-160x160.jpeg 160w, https:\/\/www.cycloclubmarvejolais.com\/wp-content\/uploads\/2021\/11\/649b9459-a072-4390-81d3-05720ccd4f9d-320x320.jpeg 320w\" sizes=\"(max-width: 150px) 100vw, 150px\" \/><\/a>\n\t\t\t<\/dt>\n\t\t\t\t<dd class='wp-caption-text gallery-caption' id='gallery-1-5718'>\n\t\t\t\tSoir\u00e9e familiale\n\t\t\t\t<\/dd><\/dl><dl class='gallery-item'>\n\t\t\t<dt class='gallery-icon portrait'>\n\t\t\t\t<a href='https:\/\/www.cycloclubmarvejolais.com\/?attachment_id=5720'><img loading=\"lazy\" decoding=\"async\" width=\"150\" height=\"150\" src=\"https:\/\/www.cycloclubmarvejolais.com\/wp-content\/uploads\/2021\/11\/b063a2cc-9777-4942-a2ec-0e30e7dfcdf8-150x150.jpeg\" class=\"attachment-thumbnail size-thumbnail\" alt=\"\" aria-describedby=\"gallery-1-5720\" srcset=\"https:\/\/www.cycloclubmarvejolais.com\/wp-content\/uploads\/2021\/11\/b063a2cc-9777-4942-a2ec-0e30e7dfcdf8-150x150.jpeg 150w, https:\/\/www.cycloclubmarvejolais.com\/wp-content\/uploads\/2021\/11\/b063a2cc-9777-4942-a2ec-0e30e7dfcdf8-160x160.jpeg 160w, https:\/\/www.cycloclubmarvejolais.com\/wp-content\/uploads\/2021\/11\/b063a2cc-9777-4942-a2ec-0e30e7dfcdf8-320x320.jpeg 320w\" sizes=\"(max-width: 150px) 100vw, 150px\" \/><\/a>\n\t\t\t<\/dt>\n\t\t\t\t<dd class='wp-caption-text gallery-caption' id='gallery-1-5720'>\n\t\t\t\tGroupe Htagadeux\n\t\t\t\t<\/dd><\/dl><dl class='gallery-item'>\n\t\t\t<dt class='gallery-icon portrait'>\n\t\t\t\t<a href='https:\/\/www.cycloclubmarvejolais.com\/?attachment_id=5721'><img loading=\"lazy\" decoding=\"async\" width=\"150\" height=\"150\" src=\"https:\/\/www.cycloclubmarvejolais.com\/wp-content\/uploads\/2021\/11\/c3b029dc-2ca5-4976-a4f1-d3b552b5185f-2-150x150.jpeg\" class=\"attachment-thumbnail size-thumbnail\" alt=\"\" aria-describedby=\"gallery-1-5721\" srcset=\"https:\/\/www.cycloclubmarvejolais.com\/wp-content\/uploads\/2021\/11\/c3b029dc-2ca5-4976-a4f1-d3b552b5185f-2-150x150.jpeg 150w, https:\/\/www.cycloclubmarvejolais.com\/wp-content\/uploads\/2021\/11\/c3b029dc-2ca5-4976-a4f1-d3b552b5185f-2-160x160.jpeg 160w, https:\/\/www.cycloclubmarvejolais.com\/wp-content\/uploads\/2021\/11\/c3b029dc-2ca5-4976-a4f1-d3b552b5185f-2-320x320.jpeg 320w\" sizes=\"(max-width: 150px) 100vw, 150px\" \/><\/a>\n\t\t\t<\/dt>\n\t\t\t\t<dd class='wp-caption-text gallery-caption' id='gallery-1-5721'>\n\t\t\t\tGrllades Bonnecombe\n\t\t\t\t<\/dd><\/dl><br style=\"clear: both\" \/><dl class='gallery-item'>\n\t\t\t<dt class='gallery-icon portrait'>\n\t\t\t\t<a href='https:\/\/www.cycloclubmarvejolais.com\/?attachment_id=5723'><img loading=\"lazy\" decoding=\"async\" width=\"150\" height=\"150\" src=\"https:\/\/www.cycloclubmarvejolais.com\/wp-content\/uploads\/2021\/11\/f7351a37-2c0b-4bb6-8087-7a77ab635f99-2-150x150.jpeg\" class=\"attachment-thumbnail size-thumbnail\" alt=\"\" aria-describedby=\"gallery-1-5723\" srcset=\"https:\/\/www.cycloclubmarvejolais.com\/wp-content\/uploads\/2021\/11\/f7351a37-2c0b-4bb6-8087-7a77ab635f99-2-150x150.jpeg 150w, https:\/\/www.cycloclubmarvejolais.com\/wp-content\/uploads\/2021\/11\/f7351a37-2c0b-4bb6-8087-7a77ab635f99-2-160x160.jpeg 160w, https:\/\/www.cycloclubmarvejolais.com\/wp-content\/uploads\/2021\/11\/f7351a37-2c0b-4bb6-8087-7a77ab635f99-2-320x320.jpeg 320w\" sizes=\"(max-width: 150px) 100vw, 150px\" \/><\/a>\n\t\t\t<\/dt>\n\t\t\t\t<dd class='wp-caption-text gallery-caption' id='gallery-1-5723'>\n\t\t\t\tGrillades Bonnecombe\n\t\t\t\t<\/dd><\/dl>\n\t\t\t<br style='clear: both' \/>\n\t\t<\/div>\n\n","protected":false},"excerpt":{"rendered":"<p>Samedi 04 Septembre 2021 c&rsquo;est d\u00e9roul\u00e9 la journ\u00e9e familiale du cyclo club marvejolais. Les routiers sont parties \u00e0 08h de Marvejols et le V\u00e9t\u00e9tistes&#46;&#46;&#46;<\/p>\n","protected":false},"author":11,"featured_media":5718,"comment_status":"open","ping_status":"open","sticky":false,"template":"","format":"standard","meta":{"footnotes":""},"categories":[2],"tags":[],"_links":{"self":[{"href":"https:\/\/www.cycloclubmarvejolais.com\/index.php?rest_route=\/wp\/v2\/posts\/5716"}],"collection":[{"href":"https:\/\/www.cycloclubmarvejolais.com\/index.php?rest_route=\/wp\/v2\/posts"}],"about":[{"href":"https:\/\/www.cycloclubmarvejolais.com\/index.php?rest_route=\/wp\/v2\/types\/post"}],"author":[{"embeddable":true,"href":"https:\/\/www.cycloclubmarvejolais.com\/index.php?rest_route=\/wp\/v2\/users\/11"}],"replies":[{"embeddable":true,"href":"https:\/\/www.cycloclubmarvejolais.com\/index.php?rest_route=%2Fwp%2Fv2%2Fcomments&post=5716"}],"version-history":[{"count":2,"href":"https:\/\/www.cycloclubmarvejolais.com\/index.php?rest_route=\/wp\/v2\/posts\/5716\/revisions"}],"predecessor-version":[{"id":5725,"href":"https:\/\/www.cycloclubmarvejolais.com\/index.php?rest_route=\/wp\/v2\/posts\/5716\/revisions\/5725"}],"wp:featuredmedia":[{"embeddable":true,"href":"https:\/\/www.cycloclubmarvejolais.com\/index.php?rest_route=\/wp\/v2\/media\/5718"}],"wp:attachment":[{"href":"https:\/\/www.cycloclubmarvejolais.com\/index.php?rest_route=%2Fwp%2Fv2%2Fmedia&parent=5716"}],"wp:term":[{"taxonomy":"category","embeddable":true,"href":"https:\/\/www.cycloclubmarvejolais.com\/index.php?rest_route=%2Fwp%2Fv2%2Fcategories&post=5716"},{"taxonomy":"post_tag","embeddable":true,"href":"https:\/\/www.cycloclubmarvejolais.com\/index.php?rest_route=%2Fwp%2Fv2%2Ftags&post=5716"}],"curies":[{"name":"wp","href":"https:\/\/api.w.org\/{rel}","templated":true}]}}