{"id":599,"date":"2015-07-05T18:37:41","date_gmt":"2015-07-05T16:37:41","guid":{"rendered":"http:\/\/www.cycloclubmarvejolais.com\/?p=599"},"modified":"2016-12-16T18:43:00","modified_gmt":"2016-12-16T17:43:00","slug":"2015-les-40-ans","status":"publish","type":"post","link":"https:\/\/www.cycloclubmarvejolais.com\/?p=599","title":{"rendered":"2015 &#8211; Les 40 ans"},"content":{"rendered":"<div id=\"attachment_600\" style=\"width: 310px\" class=\"wp-caption alignleft\"><img loading=\"lazy\" decoding=\"async\" aria-describedby=\"caption-attachment-600\" class=\"size-medium wp-image-600\" src=\"http:\/\/www.cycloclubmarvejolais.com\/wp-content\/uploads\/2016\/12\/GK4A1413-1-300x225.jpg\" alt=\"\" width=\"300\" height=\"225\" srcset=\"https:\/\/www.cycloclubmarvejolais.com\/wp-content\/uploads\/2016\/12\/GK4A1413-1-300x225.jpg 300w, https:\/\/www.cycloclubmarvejolais.com\/wp-content\/uploads\/2016\/12\/GK4A1413-1-768x576.jpg 768w, https:\/\/www.cycloclubmarvejolais.com\/wp-content\/uploads\/2016\/12\/GK4A1413-1-600x450.jpg 600w, https:\/\/www.cycloclubmarvejolais.com\/wp-content\/uploads\/2016\/12\/GK4A1413-1.jpg 800w\" sizes=\"(max-width: 300px) 100vw, 300px\" \/><p id=\"caption-attachment-600\" class=\"wp-caption-text\">Les plus anciens du club &#8211; 1970<\/p><\/div>\n<p class=\"Wp-Corps-P\"><span class=\"Corps-C-C1\">Ce samedi 4 juillet 2015,le cyclo club marvejolais f\u00eatait ses 40 ans d\u2019existence.N\u00e9 en 1974 sous l&rsquo;impulsion de M Hubert \u00a0VIGAND, le cyclo club n\u2019a jamais interrompu ses activit\u00e9s et 4 Pr\u00e9sidents en ont assur\u00e9 la p\u00e9rennit\u00e9.<\/span><\/p>\n<p class=\"Wp-Corps-P\"><span class=\"Corps-C-C1\">A cette occasion tous les anciens licenci\u00e9s du club avaient \u00e9t\u00e9 invit\u00e9s \u00e0 se retrouver avec la population marvejolaise pour participer \u00e0 une apr\u00e8s midi cylciste route et vtt.<\/span><\/p>\n<p class=\"Wp-Corps-P\"><span class=\"Corps-C-C1\">Un petit parcours menant \u00e0 st leger de peyre a permis ainsi au plus grand nombre de participe et les \u00ab\u00a0\u00a0anciens\u00a0\u00bb venus tr\u00e8s nombreux ont \u00e9prouv\u00e9 un grand plaisir \u00e0 retrouver leurs sensations d\u2019avant. Les costauds , n\u2019ont pas h\u00e9sit\u00e9 malgr\u00e9 une temp\u00e9rature caniculaire \u00e0 affronter l\u2019ascension de la vall\u00e9e de l\u2019enfer .<\/span><\/p>\n<p class=\"Wp-Corps-P\"><span class=\"Corps-C-C1\">Les v\u00e9tt\u00e9tistes ont eu droit aussi a de belles ballades propos\u00e9es par les adh\u00e9rents du clubs, et bien encadr\u00e9s petits et grands ont appr\u00e9ci\u00e9 les parcours environnants.<\/span><\/p>\n<div id=\"attachment_601\" style=\"width: 310px\" class=\"wp-caption alignleft\"><img loading=\"lazy\" decoding=\"async\" aria-describedby=\"caption-attachment-601\" class=\"size-medium wp-image-601\" src=\"http:\/\/www.cycloclubmarvejolais.com\/wp-content\/uploads\/2016\/12\/GK4A1788-300x200.jpg\" alt=\"\" width=\"300\" height=\"200\" srcset=\"https:\/\/www.cycloclubmarvejolais.com\/wp-content\/uploads\/2016\/12\/GK4A1788-300x200.jpg 300w, https:\/\/www.cycloclubmarvejolais.com\/wp-content\/uploads\/2016\/12\/GK4A1788-768x512.jpg 768w, https:\/\/www.cycloclubmarvejolais.com\/wp-content\/uploads\/2016\/12\/GK4A1788-600x400.jpg 600w, https:\/\/www.cycloclubmarvejolais.com\/wp-content\/uploads\/2016\/12\/GK4A1788.jpg 800w\" sizes=\"(max-width: 300px) 100vw, 300px\" \/><p id=\"caption-attachment-601\" class=\"wp-caption-text\">Jeunes et anciens ensemble<\/p><\/div>\n<p class=\"Wp-Corps-P\"><span class=\"Corps-C-C1\">Un ap\u00e9ritif offert par le club a permis aussi de regrouper anciens et nouveaux dans un bo moment de convivialit\u00e9.\u00a0<\/span><\/p>\n<p class=\"Wp-Corps-P\"><span class=\"Corps-C-C1\">La journ\u00e9e se termina par un spectacle qui fut propos\u00e9 \u00e0 la population marvejolaise qui r\u00e9pondit pr\u00e9sente et ne regretta pas ce moment ou nostalgie des ann\u00e9es 6o &#8211;<wbr \/>70-<wbr \/>80 se m\u00ealait habilement \u00e0 l\u2019humour.<\/span><\/p>\n<p class=\"Wp-Corps-P\"><span class=\"Corps-C-C1\">Merci \u00e0 tous ceux qui par leur pr\u00e9sence ont fait de cette journ\u00e9e anniversaire une journ\u00e9e de f\u00eate et de bonne humeur.<\/span><\/p>\n<p class=\"Wp-Corps-P\">Les membres du site peuvent consulter toutes les photos de cette journ\u00e9e en <a href=\"http:\/\/www.cycloclubmarvejolais.com\/2015\/07\/20\/album-40-ans-du-club\/\">cliquant sur le lien<\/a> ou dans \u00ab\u00a0Photos et Vid\u00e9o\u00a0\u00bb<\/p>\n","protected":false},"excerpt":{"rendered":"<p>Ce samedi 4 juillet 2015,le cyclo club marvejolais f\u00eatait ses 40 ans d\u2019existence.N\u00e9 en 1974 sous l&rsquo;impulsion de M Hubert \u00a0VIGAND, le cyclo club&#46;&#46;&#46;<\/p>\n","protected":false},"author":1,"featured_media":41,"comment_status":"open","ping_status":"open","sticky":false,"template":"","format":"standard","meta":{"footnotes":""},"categories":[2],"tags":[],"_links":{"self":[{"href":"https:\/\/www.cycloclubmarvejolais.com\/index.php?rest_route=\/wp\/v2\/posts\/599"}],"collection":[{"href":"https:\/\/www.cycloclubmarvejolais.com\/index.php?rest_route=\/wp\/v2\/posts"}],"about":[{"href":"https:\/\/www.cycloclubmarvejolais.com\/index.php?rest_route=\/wp\/v2\/types\/post"}],"author":[{"embeddable":true,"href":"https:\/\/www.cycloclubmarvejolais.com\/index.php?rest_route=\/wp\/v2\/users\/1"}],"replies":[{"embeddable":true,"href":"https:\/\/www.cycloclubmarvejolais.com\/index.php?rest_route=%2Fwp%2Fv2%2Fcomments&post=599"}],"version-history":[{"count":1,"href":"https:\/\/www.cycloclubmarvejolais.com\/index.php?rest_route=\/wp\/v2\/posts\/599\/revisions"}],"predecessor-version":[{"id":602,"href":"https:\/\/www.cycloclubmarvejolais.com\/index.php?rest_route=\/wp\/v2\/posts\/599\/revisions\/602"}],"wp:featuredmedia":[{"embeddable":true,"href":"https:\/\/www.cycloclubmarvejolais.com\/index.php?rest_route=\/wp\/v2\/media\/41"}],"wp:attachment":[{"href":"https:\/\/www.cycloclubmarvejolais.com\/index.php?rest_route=%2Fwp%2Fv2%2Fmedia&parent=599"}],"wp:term":[{"taxonomy":"category","embeddable":true,"href":"https:\/\/www.cycloclubmarvejolais.com\/index.php?rest_route=%2Fwp%2Fv2%2Fcategories&post=599"},{"taxonomy":"post_tag","embeddable":true,"href":"https:\/\/www.cycloclubmarvejolais.com\/index.php?rest_route=%2Fwp%2Fv2%2Ftags&post=599"}],"curies":[{"name":"wp","href":"https:\/\/api.w.org\/{rel}","templated":true}]}}