{"id":604,"date":"2016-12-16T19:04:02","date_gmt":"2016-12-16T18:04:02","guid":{"rendered":"http:\/\/www.cycloclubmarvejolais.com\/?p=604"},"modified":"2017-01-24T12:32:09","modified_gmt":"2017-01-24T11:32:09","slug":"galerie-de-velos","status":"publish","type":"post","link":"https:\/\/www.cycloclubmarvejolais.com\/?p=604","title":{"rendered":"Galerie de v\u00e9los"},"content":{"rendered":"<h3>L&rsquo;origine du v\u00e9lo<\/h3>\n<div id=\"txt_150\">\n<p class=\"Wp-Normal-P\"><span class=\"Normal-C-C1\">Le 12 juillet 1817, un allemand de 32 ans, le baron Drais assis \u00e0 califourchon sur une poutre en bois reliant deux roues parcourt avec sa machine 14,4 km en une heure par action de ses pieds sur le sol.\u00a0<\/span><\/p>\n<p class=\"Wp-Normal-P\"><span class=\"Normal-C-C1\">Cette machine appel\u00e9e commun\u00e9ment en France draisienne est brevet\u00e9e en 1818 sous le nom de \u00ab\u00a0v\u00e9locip\u00e8de\u00a0\u00bb puisque son but est \u00ab\u00a0de faire marcher une personne avec une grande vitesse\u00a0\u00bb (v\u00e9loce = rapide, p\u00e8de = pied).\u00a0<\/span><\/p>\n<p class=\"Wp-Normal-P\"><span class=\"Normal-C-C1\">Son succ\u00e8s fut \u00e9ph\u00e9m\u00e8re. Le v\u00e9locip\u00e8de ne retrouva les faveurs du public que le jour o\u00f9 les inventeurs comme Michaux le dot\u00e8rent de p\u00e9dales.\u00a0<\/span><\/p>\n<p class=\"Corps-P\"><span class=\"Corps-C-C5\">De la draisienne jusqu\u2019aux r\u00e9cents v\u00e9los utilis\u00e9s contre la montre , le v\u00e9lo a connu une \u00e9volution technique consid\u00e9rable et suscite toujours l\u2019engouement du public.<\/span><\/p>\n<p class=\"Corps-P\"><span class=\"Corps-C-C5\">Cet amour pour la petite reine enraine une imagination d\u00e9bordante et nous vous pr\u00e9senterons dans cette rubrique les variations les plus pittoresques que nous avons pu rencontrer \u00a0autour du v\u00e9lo.<\/span><\/p>\n<h3 class=\"Corps-P\">Dr\u00f4les de v\u00e9los<\/h3>\n\n\t\t<style>\n\t\t\t#gallery-1 {\n\t\t\t\tmargin: auto;\n\t\t\t}\n\t\t\t#gallery-1 .gallery-item {\n\t\t\t\tfloat: left;\n\t\t\t\tmargin-top: 10px;\n\t\t\t\ttext-align: center;\n\t\t\t\twidth: 33%;\n\t\t\t}\n\t\t\t#gallery-1 img {\n\t\t\t\tborder: 2px solid #cfcfcf;\n\t\t\t}\n\t\t\t#gallery-1 .gallery-caption {\n\t\t\t\tmargin-left: 0;\n\t\t\t}\n\t\t\t\/* see gallery_shortcode() in wp-includes\/media.php *\/\n\t\t<\/style>\n\t\t<div id='gallery-1' class='gallery galleryid-604 gallery-columns-3 gallery-size-full'><dl class='gallery-item'>\n\t\t\t<dt class='gallery-icon portrait'>\n\t\t\t\t<a href='https:\/\/www.cycloclubmarvejolais.com\/wp-content\/uploads\/2016\/12\/wp2f3d23f7_05_06.jpg'><img loading=\"lazy\" decoding=\"async\" width=\"263\" height=\"384\" src=\"https:\/\/www.cycloclubmarvejolais.com\/wp-content\/uploads\/2016\/12\/wp2f3d23f7_05_06.jpg\" class=\"attachment-full size-full\" alt=\"\" aria-describedby=\"gallery-1-605\" srcset=\"https:\/\/www.cycloclubmarvejolais.com\/wp-content\/uploads\/2016\/12\/wp2f3d23f7_05_06.jpg 263w, https:\/\/www.cycloclubmarvejolais.com\/wp-content\/uploads\/2016\/12\/wp2f3d23f7_05_06-205x300.jpg 205w\" sizes=\"(max-width: 263px) 100vw, 263px\" \/><\/a>\n\t\t\t<\/dt>\n\t\t\t\t<dd class='wp-caption-text gallery-caption' id='gallery-1-605'>\n\t\t\t\tEnseigne La Canourgue\n\t\t\t\t<\/dd><\/dl><dl class='gallery-item'>\n\t\t\t<dt class='gallery-icon landscape'>\n\t\t\t\t<a href='https:\/\/www.cycloclubmarvejolais.com\/wp-content\/uploads\/2016\/12\/wp4e6248ab_05_06.jpg'><img loading=\"lazy\" decoding=\"async\" width=\"429\" height=\"322\" src=\"https:\/\/www.cycloclubmarvejolais.com\/wp-content\/uploads\/2016\/12\/wp4e6248ab_05_06.jpg\" class=\"attachment-full size-full\" alt=\"\" aria-describedby=\"gallery-1-606\" srcset=\"https:\/\/www.cycloclubmarvejolais.com\/wp-content\/uploads\/2016\/12\/wp4e6248ab_05_06.jpg 429w, https:\/\/www.cycloclubmarvejolais.com\/wp-content\/uploads\/2016\/12\/wp4e6248ab_05_06-300x225.jpg 300w\" sizes=\"(max-width: 429px) 100vw, 429px\" \/><\/a>\n\t\t\t<\/dt>\n\t\t\t\t<dd class='wp-caption-text gallery-caption' id='gallery-1-606'>\n\t\t\t\tV\u00e9lo randonneur\n\t\t\t\t<\/dd><\/dl><dl class='gallery-item'>\n\t\t\t<dt class='gallery-icon landscape'>\n\t\t\t\t<a href='https:\/\/www.cycloclubmarvejolais.com\/wp-content\/uploads\/2016\/12\/wp7a69792f_05_06.jpg'><img loading=\"lazy\" decoding=\"async\" width=\"427\" height=\"320\" src=\"https:\/\/www.cycloclubmarvejolais.com\/wp-content\/uploads\/2016\/12\/wp7a69792f_05_06.jpg\" class=\"attachment-full size-full\" alt=\"\" aria-describedby=\"gallery-1-607\" srcset=\"https:\/\/www.cycloclubmarvejolais.com\/wp-content\/uploads\/2016\/12\/wp7a69792f_05_06.jpg 427w, https:\/\/www.cycloclubmarvejolais.com\/wp-content\/uploads\/2016\/12\/wp7a69792f_05_06-300x225.jpg 300w\" sizes=\"(max-width: 427px) 100vw, 427px\" \/><\/a>\n\t\t\t<\/dt>\n\t\t\t\t<dd class='wp-caption-text gallery-caption' id='gallery-1-607'>\n\t\t\t\tLe beau v\u00e9lo de Louis\n\t\t\t\t<\/dd><\/dl><br style=\"clear: both\" \/><dl class='gallery-item'>\n\t\t\t<dt class='gallery-icon landscape'>\n\t\t\t\t<a href='https:\/\/www.cycloclubmarvejolais.com\/wp-content\/uploads\/2016\/12\/wp09b2015d_05_06.jpg'><img loading=\"lazy\" decoding=\"async\" width=\"432\" height=\"312\" src=\"https:\/\/www.cycloclubmarvejolais.com\/wp-content\/uploads\/2016\/12\/wp09b2015d_05_06.jpg\" class=\"attachment-full size-full\" alt=\"\" aria-describedby=\"gallery-1-608\" srcset=\"https:\/\/www.cycloclubmarvejolais.com\/wp-content\/uploads\/2016\/12\/wp09b2015d_05_06.jpg 432w, https:\/\/www.cycloclubmarvejolais.com\/wp-content\/uploads\/2016\/12\/wp09b2015d_05_06-300x217.jpg 300w\" sizes=\"(max-width: 432px) 100vw, 432px\" \/><\/a>\n\t\t\t<\/dt>\n\t\t\t\t<dd class='wp-caption-text gallery-caption' id='gallery-1-608'>\n\t\t\t\tGrand v\u00e9lo pour grand pr\u00e9sident\n\t\t\t\t<\/dd><\/dl><dl class='gallery-item'>\n\t\t\t<dt class='gallery-icon landscape'>\n\t\t\t\t<a href='https:\/\/www.cycloclubmarvejolais.com\/wp-content\/uploads\/2016\/12\/wp15f0a0d4_05_06.jpg'><img loading=\"lazy\" decoding=\"async\" width=\"428\" height=\"285\" src=\"https:\/\/www.cycloclubmarvejolais.com\/wp-content\/uploads\/2016\/12\/wp15f0a0d4_05_06.jpg\" class=\"attachment-full size-full\" alt=\"\" aria-describedby=\"gallery-1-609\" srcset=\"https:\/\/www.cycloclubmarvejolais.com\/wp-content\/uploads\/2016\/12\/wp15f0a0d4_05_06.jpg 428w, https:\/\/www.cycloclubmarvejolais.com\/wp-content\/uploads\/2016\/12\/wp15f0a0d4_05_06-300x200.jpg 300w\" sizes=\"(max-width: 428px) 100vw, 428px\" \/><\/a>\n\t\t\t<\/dt>\n\t\t\t\t<dd class='wp-caption-text gallery-caption' id='gallery-1-609'>\n\t\t\t\tV\u00e9lo \u00e9colo\n\t\t\t\t<\/dd><\/dl><dl class='gallery-item'>\n\t\t\t<dt class='gallery-icon landscape'>\n\t\t\t\t<a href='https:\/\/www.cycloclubmarvejolais.com\/wp-content\/uploads\/2016\/12\/wpc62dbb7a_05_06.jpg'><img loading=\"lazy\" decoding=\"async\" width=\"429\" height=\"286\" src=\"https:\/\/www.cycloclubmarvejolais.com\/wp-content\/uploads\/2016\/12\/wpc62dbb7a_05_06.jpg\" class=\"attachment-full size-full\" alt=\"\" aria-describedby=\"gallery-1-618\" srcset=\"https:\/\/www.cycloclubmarvejolais.com\/wp-content\/uploads\/2016\/12\/wpc62dbb7a_05_06.jpg 429w, https:\/\/www.cycloclubmarvejolais.com\/wp-content\/uploads\/2016\/12\/wpc62dbb7a_05_06-300x200.jpg 300w\" sizes=\"(max-width: 429px) 100vw, 429px\" \/><\/a>\n\t\t\t<\/dt>\n\t\t\t\t<dd class='wp-caption-text gallery-caption' id='gallery-1-618'>\n\t\t\t\tPas besoin d&rsquo;huile\n\t\t\t\t<\/dd><\/dl><br style=\"clear: both\" \/><dl class='gallery-item'>\n\t\t\t<dt class='gallery-icon landscape'>\n\t\t\t\t<a href='https:\/\/www.cycloclubmarvejolais.com\/wp-content\/uploads\/2016\/12\/wp46e88ed5_05_06.jpg'><img loading=\"lazy\" decoding=\"async\" width=\"430\" height=\"322\" src=\"https:\/\/www.cycloclubmarvejolais.com\/wp-content\/uploads\/2016\/12\/wp46e88ed5_05_06.jpg\" class=\"attachment-full size-full\" alt=\"\" aria-describedby=\"gallery-1-610\" srcset=\"https:\/\/www.cycloclubmarvejolais.com\/wp-content\/uploads\/2016\/12\/wp46e88ed5_05_06.jpg 430w, https:\/\/www.cycloclubmarvejolais.com\/wp-content\/uploads\/2016\/12\/wp46e88ed5_05_06-300x225.jpg 300w\" sizes=\"(max-width: 430px) 100vw, 430px\" \/><\/a>\n\t\t\t<\/dt>\n\t\t\t\t<dd class='wp-caption-text gallery-caption' id='gallery-1-610'>\n\t\t\t\tLa safrani\u00e8re Chabrits\n\t\t\t\t<\/dd><\/dl><dl class='gallery-item'>\n\t\t\t<dt class='gallery-icon landscape'>\n\t\t\t\t<a href='https:\/\/www.cycloclubmarvejolais.com\/wp-content\/uploads\/2016\/12\/wp8154db2e_05_06.jpg'><img loading=\"lazy\" decoding=\"async\" width=\"429\" height=\"286\" src=\"https:\/\/www.cycloclubmarvejolais.com\/wp-content\/uploads\/2016\/12\/wp8154db2e_05_06.jpg\" class=\"attachment-full size-full\" alt=\"\" aria-describedby=\"gallery-1-611\" srcset=\"https:\/\/www.cycloclubmarvejolais.com\/wp-content\/uploads\/2016\/12\/wp8154db2e_05_06.jpg 429w, https:\/\/www.cycloclubmarvejolais.com\/wp-content\/uploads\/2016\/12\/wp8154db2e_05_06-300x200.jpg 300w\" sizes=\"(max-width: 429px) 100vw, 429px\" \/><\/a>\n\t\t\t<\/dt>\n\t\t\t\t<dd class='wp-caption-text gallery-caption' id='gallery-1-611'>\n\t\t\t\tLe v\u00e9lo du postier \u00ab\u00a0Bienvenue chez les Cht&rsquo;it\n\t\t\t\t<\/dd><\/dl><dl class='gallery-item'>\n\t\t\t<dt class='gallery-icon portrait'>\n\t\t\t\t<a href='https:\/\/www.cycloclubmarvejolais.com\/wp-content\/uploads\/2016\/12\/wp8255b6df_05_06.jpg'><img loading=\"lazy\" decoding=\"async\" width=\"259\" height=\"346\" src=\"https:\/\/www.cycloclubmarvejolais.com\/wp-content\/uploads\/2016\/12\/wp8255b6df_05_06.jpg\" class=\"attachment-full size-full\" alt=\"\" aria-describedby=\"gallery-1-612\" srcset=\"https:\/\/www.cycloclubmarvejolais.com\/wp-content\/uploads\/2016\/12\/wp8255b6df_05_06.jpg 259w, https:\/\/www.cycloclubmarvejolais.com\/wp-content\/uploads\/2016\/12\/wp8255b6df_05_06-225x300.jpg 225w\" sizes=\"(max-width: 259px) 100vw, 259px\" \/><\/a>\n\t\t\t<\/dt>\n\t\t\t\t<dd class='wp-caption-text gallery-caption' id='gallery-1-612'>\n\t\t\t\tV\u00e9lo campagnard\n\t\t\t\t<\/dd><\/dl><br style=\"clear: both\" \/><dl class='gallery-item'>\n\t\t\t<dt class='gallery-icon portrait'>\n\t\t\t\t<a href='https:\/\/www.cycloclubmarvejolais.com\/wp-content\/uploads\/2016\/12\/wp49334dfa_05_06.jpg'><img loading=\"lazy\" decoding=\"async\" width=\"263\" height=\"351\" src=\"https:\/\/www.cycloclubmarvejolais.com\/wp-content\/uploads\/2016\/12\/wp49334dfa_05_06.jpg\" class=\"attachment-full size-full\" alt=\"\" aria-describedby=\"gallery-1-613\" srcset=\"https:\/\/www.cycloclubmarvejolais.com\/wp-content\/uploads\/2016\/12\/wp49334dfa_05_06.jpg 263w, https:\/\/www.cycloclubmarvejolais.com\/wp-content\/uploads\/2016\/12\/wp49334dfa_05_06-225x300.jpg 225w\" sizes=\"(max-width: 263px) 100vw, 263px\" \/><\/a>\n\t\t\t<\/dt>\n\t\t\t\t<dd class='wp-caption-text gallery-caption' id='gallery-1-613'>\n\t\t\t\tV\u00e9lo vu par L\u00e9onard de Vinci\n\t\t\t\t<\/dd><\/dl><dl class='gallery-item'>\n\t\t\t<dt class='gallery-icon landscape'>\n\t\t\t\t<a href='https:\/\/www.cycloclubmarvejolais.com\/wp-content\/uploads\/2016\/12\/wp807472a4_05_06.jpg'><img loading=\"lazy\" decoding=\"async\" width=\"431\" height=\"323\" src=\"https:\/\/www.cycloclubmarvejolais.com\/wp-content\/uploads\/2016\/12\/wp807472a4_05_06.jpg\" class=\"attachment-full size-full\" alt=\"\" aria-describedby=\"gallery-1-614\" srcset=\"https:\/\/www.cycloclubmarvejolais.com\/wp-content\/uploads\/2016\/12\/wp807472a4_05_06.jpg 431w, https:\/\/www.cycloclubmarvejolais.com\/wp-content\/uploads\/2016\/12\/wp807472a4_05_06-300x225.jpg 300w\" sizes=\"(max-width: 431px) 100vw, 431px\" \/><\/a>\n\t\t\t<\/dt>\n\t\t\t\t<dd class='wp-caption-text gallery-caption' id='gallery-1-614'>\n\t\t\t\tLe v\u00e9lo romantique\n\t\t\t\t<\/dd><\/dl><dl class='gallery-item'>\n\t\t\t<dt class='gallery-icon landscape'>\n\t\t\t\t<a href='https:\/\/www.cycloclubmarvejolais.com\/wp-content\/uploads\/2016\/12\/wp6030531c_05_06.jpg'><img loading=\"lazy\" decoding=\"async\" width=\"429\" height=\"310\" src=\"https:\/\/www.cycloclubmarvejolais.com\/wp-content\/uploads\/2016\/12\/wp6030531c_05_06.jpg\" class=\"attachment-full size-full\" alt=\"\" aria-describedby=\"gallery-1-615\" srcset=\"https:\/\/www.cycloclubmarvejolais.com\/wp-content\/uploads\/2016\/12\/wp6030531c_05_06.jpg 429w, https:\/\/www.cycloclubmarvejolais.com\/wp-content\/uploads\/2016\/12\/wp6030531c_05_06-300x217.jpg 300w\" sizes=\"(max-width: 429px) 100vw, 429px\" \/><\/a>\n\t\t\t<\/dt>\n\t\t\t\t<dd class='wp-caption-text gallery-caption' id='gallery-1-615'>\n\t\t\t\tPetit v\u00e9lo pour grand grimpeur\n\t\t\t\t<\/dd><\/dl><br style=\"clear: both\" \/><dl class='gallery-item'>\n\t\t\t<dt class='gallery-icon landscape'>\n\t\t\t\t<a href='https:\/\/www.cycloclubmarvejolais.com\/wp-content\/uploads\/2016\/12\/wpad2cb8fa_05_06.jpg'><img loading=\"lazy\" decoding=\"async\" width=\"432\" height=\"324\" src=\"https:\/\/www.cycloclubmarvejolais.com\/wp-content\/uploads\/2016\/12\/wpad2cb8fa_05_06.jpg\" class=\"attachment-full size-full\" alt=\"\" aria-describedby=\"gallery-1-616\" srcset=\"https:\/\/www.cycloclubmarvejolais.com\/wp-content\/uploads\/2016\/12\/wpad2cb8fa_05_06.jpg 432w, https:\/\/www.cycloclubmarvejolais.com\/wp-content\/uploads\/2016\/12\/wpad2cb8fa_05_06-300x225.jpg 300w\" sizes=\"(max-width: 432px) 100vw, 432px\" \/><\/a>\n\t\t\t<\/dt>\n\t\t\t\t<dd class='wp-caption-text gallery-caption' id='gallery-1-616'>\n\t\t\t\tV\u00e9lo forge\n\t\t\t\t<\/dd><\/dl><dl class='gallery-item'>\n\t\t\t<dt class='gallery-icon landscape'>\n\t\t\t\t<a href='https:\/\/www.cycloclubmarvejolais.com\/wp-content\/uploads\/2016\/12\/wpc0f3a838_05_06.jpg'><img loading=\"lazy\" decoding=\"async\" width=\"429\" height=\"322\" src=\"https:\/\/www.cycloclubmarvejolais.com\/wp-content\/uploads\/2016\/12\/wpc0f3a838_05_06.jpg\" class=\"attachment-full size-full\" alt=\"\" aria-describedby=\"gallery-1-617\" srcset=\"https:\/\/www.cycloclubmarvejolais.com\/wp-content\/uploads\/2016\/12\/wpc0f3a838_05_06.jpg 429w, https:\/\/www.cycloclubmarvejolais.com\/wp-content\/uploads\/2016\/12\/wpc0f3a838_05_06-300x225.jpg 300w\" sizes=\"(max-width: 429px) 100vw, 429px\" \/><\/a>\n\t\t\t<\/dt>\n\t\t\t\t<dd class='wp-caption-text gallery-caption' id='gallery-1-617'>\n\t\t\t\tLe v\u00e9lo agricole\n\t\t\t\t<\/dd><\/dl><dl class='gallery-item'>\n\t\t\t<dt class='gallery-icon landscape'>\n\t\t\t\t<a href='https:\/\/www.cycloclubmarvejolais.com\/wp-content\/uploads\/2016\/12\/wpd5247b8a_05_06.jpg'><img loading=\"lazy\" decoding=\"async\" width=\"424\" height=\"318\" src=\"https:\/\/www.cycloclubmarvejolais.com\/wp-content\/uploads\/2016\/12\/wpd5247b8a_05_06.jpg\" class=\"attachment-full size-full\" alt=\"\" aria-describedby=\"gallery-1-619\" srcset=\"https:\/\/www.cycloclubmarvejolais.com\/wp-content\/uploads\/2016\/12\/wpd5247b8a_05_06.jpg 424w, https:\/\/www.cycloclubmarvejolais.com\/wp-content\/uploads\/2016\/12\/wpd5247b8a_05_06-300x225.jpg 300w\" sizes=\"(max-width: 424px) 100vw, 424px\" \/><\/a>\n\t\t\t<\/dt>\n\t\t\t\t<dd class='wp-caption-text gallery-caption' id='gallery-1-619'>\n\t\t\t\tMon v\u00e9lo carbone\n\t\t\t\t<\/dd><\/dl><br style=\"clear: both\" \/><dl class='gallery-item'>\n\t\t\t<dt class='gallery-icon landscape'>\n\t\t\t\t<a href='https:\/\/www.cycloclubmarvejolais.com\/wp-content\/uploads\/2016\/12\/wpdef3be84_05_06.jpg'><img loading=\"lazy\" decoding=\"async\" width=\"431\" height=\"323\" src=\"https:\/\/www.cycloclubmarvejolais.com\/wp-content\/uploads\/2016\/12\/wpdef3be84_05_06.jpg\" class=\"attachment-full size-full\" alt=\"\" aria-describedby=\"gallery-1-620\" srcset=\"https:\/\/www.cycloclubmarvejolais.com\/wp-content\/uploads\/2016\/12\/wpdef3be84_05_06.jpg 431w, https:\/\/www.cycloclubmarvejolais.com\/wp-content\/uploads\/2016\/12\/wpdef3be84_05_06-300x225.jpg 300w\" sizes=\"(max-width: 431px) 100vw, 431px\" \/><\/a>\n\t\t\t<\/dt>\n\t\t\t\t<dd class='wp-caption-text gallery-caption' id='gallery-1-620'>\n\t\t\t\tV\u00e9lo du bucheron\n\t\t\t\t<\/dd><\/dl><dl class='gallery-item'>\n\t\t\t<dt class='gallery-icon landscape'>\n\t\t\t\t<a href='https:\/\/www.cycloclubmarvejolais.com\/wp-content\/uploads\/2016\/12\/wpe24d5c94_05_06.jpg'><img loading=\"lazy\" decoding=\"async\" width=\"431\" height=\"287\" src=\"https:\/\/www.cycloclubmarvejolais.com\/wp-content\/uploads\/2016\/12\/wpe24d5c94_05_06.jpg\" class=\"attachment-full size-full\" alt=\"\" aria-describedby=\"gallery-1-621\" srcset=\"https:\/\/www.cycloclubmarvejolais.com\/wp-content\/uploads\/2016\/12\/wpe24d5c94_05_06.jpg 431w, https:\/\/www.cycloclubmarvejolais.com\/wp-content\/uploads\/2016\/12\/wpe24d5c94_05_06-300x200.jpg 300w\" sizes=\"(max-width: 431px) 100vw, 431px\" \/><\/a>\n\t\t\t<\/dt>\n\t\t\t\t<dd class='wp-caption-text gallery-caption' id='gallery-1-621'>\n\t\t\t\tV\u00e9lo militant pour les voies vertes\n\t\t\t\t<\/dd><\/dl>\n\t\t\t<br style='clear: both' \/>\n\t\t<\/div>\n\n<\/div>\n","protected":false},"excerpt":{"rendered":"<p>L&rsquo;origine du v\u00e9lo Le 12 juillet 1817, un allemand de 32 ans, le baron Drais assis \u00e0 califourchon sur une poutre en bois reliant&#46;&#46;&#46;<\/p>\n","protected":false},"author":1,"featured_media":619,"comment_status":"open","ping_status":"open","sticky":false,"template":"","format":"standard","meta":{"footnotes":""},"categories":[1],"tags":[],"_links":{"self":[{"href":"https:\/\/www.cycloclubmarvejolais.com\/index.php?rest_route=\/wp\/v2\/posts\/604"}],"collection":[{"href":"https:\/\/www.cycloclubmarvejolais.com\/index.php?rest_route=\/wp\/v2\/posts"}],"about":[{"href":"https:\/\/www.cycloclubmarvejolais.com\/index.php?rest_route=\/wp\/v2\/types\/post"}],"author":[{"embeddable":true,"href":"https:\/\/www.cycloclubmarvejolais.com\/index.php?rest_route=\/wp\/v2\/users\/1"}],"replies":[{"embeddable":true,"href":"https:\/\/www.cycloclubmarvejolais.com\/index.php?rest_route=%2Fwp%2Fv2%2Fcomments&post=604"}],"version-history":[{"count":1,"href":"https:\/\/www.cycloclubmarvejolais.com\/index.php?rest_route=\/wp\/v2\/posts\/604\/revisions"}],"predecessor-version":[{"id":622,"href":"https:\/\/www.cycloclubmarvejolais.com\/index.php?rest_route=\/wp\/v2\/posts\/604\/revisions\/622"}],"wp:featuredmedia":[{"embeddable":true,"href":"https:\/\/www.cycloclubmarvejolais.com\/index.php?rest_route=\/wp\/v2\/media\/619"}],"wp:attachment":[{"href":"https:\/\/www.cycloclubmarvejolais.com\/index.php?rest_route=%2Fwp%2Fv2%2Fmedia&parent=604"}],"wp:term":[{"taxonomy":"category","embeddable":true,"href":"https:\/\/www.cycloclubmarvejolais.com\/index.php?rest_route=%2Fwp%2Fv2%2Fcategories&post=604"},{"taxonomy":"post_tag","embeddable":true,"href":"https:\/\/www.cycloclubmarvejolais.com\/index.php?rest_route=%2Fwp%2Fv2%2Ftags&post=604"}],"curies":[{"name":"wp","href":"https:\/\/api.w.org\/{rel}","templated":true}]}}