{"id":6142,"date":"2023-04-13T17:37:11","date_gmt":"2023-04-13T15:37:11","guid":{"rendered":"http:\/\/www.cycloclubmarvejolais.com\/?p=6142"},"modified":"2023-04-17T10:54:38","modified_gmt":"2023-04-17T08:54:38","slug":"rando-du-muguet-1ere-edition","status":"publish","type":"post","link":"https:\/\/www.cycloclubmarvejolais.com\/?p=6142","title":{"rendered":"Rando du Muguet 1\u00e8re \u00e9dition"},"content":{"rendered":"<p>1\u00e8re \u00e9dition de la rando du Muguet le lundi 1er Mai 2023.<br \/>\nNous vous donnons rendez-vous \u00e0 partir de 08h00 au stade de foot du Monastier (Bourg-sur-colagne)<br \/>\nCollation au d\u00e9part et \u00e0 l&rsquo;arriv\u00e9e<br \/>\nRavitaillement commun pour les parcours routes et VTT VTTAE au col du Tr\u00e9batut.<br \/>\nRoutes: 55 et 78 kilom\u00e8tres balis\u00e9s <a href=\"https:\/\/www.openrunner.com\/route-details\/16320508\">lien ici<\/a>. 55 premiers kilom\u00e8tres identiques pour le deux parcours.<br \/>\nVTT\/VTTAE: 25 kilom\u00e8tres balis\u00e9s (circuit d\u00e9couverte) et 40 kilom\u00e8tres accompagn\u00e9s par les v\u00e9t\u00e9tistes du club ou en enregistrant le parcours GPX. Scanner le QR code pour voir et t\u00e9l\u00e9charger les parcours.<br \/>\nRepas du midi organis\u00e9 par le comit\u00e9 des f\u00eates du Monastier pour 13euros.R\u00e9servation avant le 28\/04 au 0648761636<br \/>\nLocation VTT\/VTTAE sur r\u00e9servation:<br \/>\nLocation aupr\u00e8s du magasin Cycles and CO pr\u00e9sent sur place pour vous d\u00e9livr\u00e9s votre v\u00e9lo r\u00e9server auparavant au:<br \/>\n0608878144 o\u00f9 au 0466483293.<\/p>\n\n\t\t<style>\n\t\t\t#gallery-1 {\n\t\t\t\tmargin: auto;\n\t\t\t}\n\t\t\t#gallery-1 .gallery-item {\n\t\t\t\tfloat: left;\n\t\t\t\tmargin-top: 10px;\n\t\t\t\ttext-align: center;\n\t\t\t\twidth: 33%;\n\t\t\t}\n\t\t\t#gallery-1 img {\n\t\t\t\tborder: 2px solid #cfcfcf;\n\t\t\t}\n\t\t\t#gallery-1 .gallery-caption {\n\t\t\t\tmargin-left: 0;\n\t\t\t}\n\t\t\t\/* see gallery_shortcode() in wp-includes\/media.php *\/\n\t\t<\/style>\n\t\t<div id='gallery-1' class='gallery galleryid-6142 gallery-columns-3 gallery-size-thumbnail'><dl class='gallery-item'>\n\t\t\t<dt class='gallery-icon portrait'>\n\t\t\t\t<a href='https:\/\/www.cycloclubmarvejolais.com\/?attachment_id=6143'><img loading=\"lazy\" decoding=\"async\" width=\"150\" height=\"150\" src=\"https:\/\/www.cycloclubmarvejolais.com\/wp-content\/uploads\/2023\/04\/16813988757291-150x150.jpg\" class=\"attachment-thumbnail size-thumbnail\" alt=\"\" srcset=\"https:\/\/www.cycloclubmarvejolais.com\/wp-content\/uploads\/2023\/04\/16813988757291-150x150.jpg 150w, https:\/\/www.cycloclubmarvejolais.com\/wp-content\/uploads\/2023\/04\/16813988757291-80x80.jpg 80w, https:\/\/www.cycloclubmarvejolais.com\/wp-content\/uploads\/2023\/04\/16813988757291-320x320.jpg 320w\" sizes=\"(max-width: 150px) 100vw, 150px\" \/><\/a>\n\t\t\t<\/dt><\/dl><dl class='gallery-item'>\n\t\t\t<dt class='gallery-icon landscape'>\n\t\t\t\t<a href='https:\/\/www.cycloclubmarvejolais.com\/?attachment_id=6147'><img loading=\"lazy\" decoding=\"async\" width=\"150\" height=\"150\" src=\"https:\/\/www.cycloclubmarvejolais.com\/wp-content\/uploads\/2023\/04\/qrcode_connect.garmin.com-1-150x150.png\" class=\"attachment-thumbnail size-thumbnail\" alt=\"\" aria-describedby=\"gallery-1-6147\" srcset=\"https:\/\/www.cycloclubmarvejolais.com\/wp-content\/uploads\/2023\/04\/qrcode_connect.garmin.com-1-150x150.png 150w, https:\/\/www.cycloclubmarvejolais.com\/wp-content\/uploads\/2023\/04\/qrcode_connect.garmin.com-1-300x300.png 300w, https:\/\/www.cycloclubmarvejolais.com\/wp-content\/uploads\/2023\/04\/qrcode_connect.garmin.com-1-80x80.png 80w, https:\/\/www.cycloclubmarvejolais.com\/wp-content\/uploads\/2023\/04\/qrcode_connect.garmin.com-1-320x320.png 320w, https:\/\/www.cycloclubmarvejolais.com\/wp-content\/uploads\/2023\/04\/qrcode_connect.garmin.com-1.png 450w\" sizes=\"(max-width: 150px) 100vw, 150px\" \/><\/a>\n\t\t\t<\/dt>\n\t\t\t\t<dd class='wp-caption-text gallery-caption' id='gallery-1-6147'>\n\t\t\t\tParcours 35 km\n\t\t\t\t<\/dd><\/dl><dl class='gallery-item'>\n\t\t\t<dt class='gallery-icon landscape'>\n\t\t\t\t<a href='https:\/\/www.cycloclubmarvejolais.com\/?attachment_id=6148'><img loading=\"lazy\" decoding=\"async\" width=\"150\" height=\"150\" src=\"https:\/\/www.cycloclubmarvejolais.com\/wp-content\/uploads\/2023\/04\/qrcode_connect.garmin.com-2-150x150.png\" class=\"attachment-thumbnail size-thumbnail\" alt=\"\" aria-describedby=\"gallery-1-6148\" srcset=\"https:\/\/www.cycloclubmarvejolais.com\/wp-content\/uploads\/2023\/04\/qrcode_connect.garmin.com-2-150x150.png 150w, https:\/\/www.cycloclubmarvejolais.com\/wp-content\/uploads\/2023\/04\/qrcode_connect.garmin.com-2-300x300.png 300w, https:\/\/www.cycloclubmarvejolais.com\/wp-content\/uploads\/2023\/04\/qrcode_connect.garmin.com-2-80x80.png 80w, https:\/\/www.cycloclubmarvejolais.com\/wp-content\/uploads\/2023\/04\/qrcode_connect.garmin.com-2-320x320.png 320w, https:\/\/www.cycloclubmarvejolais.com\/wp-content\/uploads\/2023\/04\/qrcode_connect.garmin.com-2.png 450w\" sizes=\"(max-width: 150px) 100vw, 150px\" \/><\/a>\n\t\t\t<\/dt>\n\t\t\t\t<dd class='wp-caption-text gallery-caption' id='gallery-1-6148'>\n\t\t\t\tParcours 25km\n\t\t\t\t<\/dd><\/dl><br style=\"clear: both\" \/><dl class='gallery-item'>\n\t\t\t<dt class='gallery-icon landscape'>\n\t\t\t\t<a href='https:\/\/www.cycloclubmarvejolais.com\/?attachment_id=6149'><img loading=\"lazy\" decoding=\"async\" width=\"150\" height=\"150\" src=\"https:\/\/www.cycloclubmarvejolais.com\/wp-content\/uploads\/2023\/04\/qrcode_connect.garmin.com_-150x150.png\" class=\"attachment-thumbnail size-thumbnail\" alt=\"\" aria-describedby=\"gallery-1-6149\" srcset=\"https:\/\/www.cycloclubmarvejolais.com\/wp-content\/uploads\/2023\/04\/qrcode_connect.garmin.com_-150x150.png 150w, https:\/\/www.cycloclubmarvejolais.com\/wp-content\/uploads\/2023\/04\/qrcode_connect.garmin.com_-300x300.png 300w, https:\/\/www.cycloclubmarvejolais.com\/wp-content\/uploads\/2023\/04\/qrcode_connect.garmin.com_-80x80.png 80w, https:\/\/www.cycloclubmarvejolais.com\/wp-content\/uploads\/2023\/04\/qrcode_connect.garmin.com_-320x320.png 320w, https:\/\/www.cycloclubmarvejolais.com\/wp-content\/uploads\/2023\/04\/qrcode_connect.garmin.com_.png 450w\" sizes=\"(max-width: 150px) 100vw, 150px\" \/><\/a>\n\t\t\t<\/dt>\n\t\t\t\t<dd class='wp-caption-text gallery-caption' id='gallery-1-6149'>\n\t\t\t\tParcours 40km\n\t\t\t\t<\/dd><\/dl>\n\t\t\t<br style='clear: both' \/>\n\t\t<\/div>\n\n","protected":false},"excerpt":{"rendered":"<p>1\u00e8re \u00e9dition de la rando du Muguet le lundi 1er Mai 2023. Nous vous donnons rendez-vous \u00e0 partir de 08h00 au stade de foot&#46;&#46;&#46;<\/p>\n","protected":false},"author":11,"featured_media":6143,"comment_status":"open","ping_status":"open","sticky":false,"template":"","format":"standard","meta":{"footnotes":""},"categories":[18,7],"tags":[],"_links":{"self":[{"href":"https:\/\/www.cycloclubmarvejolais.com\/index.php?rest_route=\/wp\/v2\/posts\/6142"}],"collection":[{"href":"https:\/\/www.cycloclubmarvejolais.com\/index.php?rest_route=\/wp\/v2\/posts"}],"about":[{"href":"https:\/\/www.cycloclubmarvejolais.com\/index.php?rest_route=\/wp\/v2\/types\/post"}],"author":[{"embeddable":true,"href":"https:\/\/www.cycloclubmarvejolais.com\/index.php?rest_route=\/wp\/v2\/users\/11"}],"replies":[{"embeddable":true,"href":"https:\/\/www.cycloclubmarvejolais.com\/index.php?rest_route=%2Fwp%2Fv2%2Fcomments&post=6142"}],"version-history":[{"count":7,"href":"https:\/\/www.cycloclubmarvejolais.com\/index.php?rest_route=\/wp\/v2\/posts\/6142\/revisions"}],"predecessor-version":[{"id":6154,"href":"https:\/\/www.cycloclubmarvejolais.com\/index.php?rest_route=\/wp\/v2\/posts\/6142\/revisions\/6154"}],"wp:featuredmedia":[{"embeddable":true,"href":"https:\/\/www.cycloclubmarvejolais.com\/index.php?rest_route=\/wp\/v2\/media\/6143"}],"wp:attachment":[{"href":"https:\/\/www.cycloclubmarvejolais.com\/index.php?rest_route=%2Fwp%2Fv2%2Fmedia&parent=6142"}],"wp:term":[{"taxonomy":"category","embeddable":true,"href":"https:\/\/www.cycloclubmarvejolais.com\/index.php?rest_route=%2Fwp%2Fv2%2Fcategories&post=6142"},{"taxonomy":"post_tag","embeddable":true,"href":"https:\/\/www.cycloclubmarvejolais.com\/index.php?rest_route=%2Fwp%2Fv2%2Ftags&post=6142"}],"curies":[{"name":"wp","href":"https:\/\/api.w.org\/{rel}","templated":true}]}}