{"id":626,"date":"2014-03-02T10:30:32","date_gmt":"2014-03-02T09:30:32","guid":{"rendered":"http:\/\/www.cycloclubmarvejolais.com\/?p=626"},"modified":"2024-01-02T00:20:37","modified_gmt":"2024-01-01T23:20:37","slug":"rando-salagou","status":"publish","type":"post","link":"https:\/\/www.cycloclubmarvejolais.com\/?p=626","title":{"rendered":"Rando Salagou"},"content":{"rendered":"<div id=\"attachment_628\" style=\"width: 310px\" class=\"wp-caption alignleft\"><img loading=\"lazy\" decoding=\"async\" aria-describedby=\"caption-attachment-628\" class=\"size-medium wp-image-628\" src=\"http:\/\/www.cycloclubmarvejolais.com\/wp-content\/uploads\/2016\/12\/DSCF0291-300x225.jpg\" alt=\"\" width=\"300\" height=\"225\" srcset=\"https:\/\/www.cycloclubmarvejolais.com\/wp-content\/uploads\/2016\/12\/DSCF0291-300x225.jpg 300w, https:\/\/www.cycloclubmarvejolais.com\/wp-content\/uploads\/2016\/12\/DSCF0291-768x576.jpg 768w, https:\/\/www.cycloclubmarvejolais.com\/wp-content\/uploads\/2016\/12\/DSCF0291-1024x768.jpg 1024w, https:\/\/www.cycloclubmarvejolais.com\/wp-content\/uploads\/2016\/12\/DSCF0291-600x450.jpg 600w, https:\/\/www.cycloclubmarvejolais.com\/wp-content\/uploads\/2016\/12\/DSCF0291.jpg 1600w\" sizes=\"(max-width: 300px) 100vw, 300px\" \/><p id=\"caption-attachment-628\" class=\"wp-caption-text\">Le lac du Salagou<\/p><\/div>\n<h4 class=\"Standard-P\"><span class=\"Standard-C\">UN DIMANCHE AU SOLEIL DU MIDI<\/span><\/h4>\n<p class=\"Standard-P\"><span class=\"Standard-C\">Dimanche deux mars 2014 un petit groupe du cyclo club, s&rsquo;en est all\u00e9 vers le soleil du midi pour participer \u00e0 la rando organis\u00e9e par le club de Clermont l&rsquo; h\u00e9rault au lac du Salagou<\/span><\/p>\n<p class=\"Standard-P\"><span class=\"Standard-C\">C&rsquo;est g\u00e9n\u00e9ralement pour nous ,la premi\u00e8re sortie \u00ab\u00a0officielle de la saison , apr\u00e8s une longue p\u00e9riode de froid ,de pluie,et giboul\u00e9es.<\/span><\/p>\n<p class=\"Standard-P\"><span class=\"Standard-C\">Six heures trente,horaire incongru pour des retrait\u00e9s, Louis ,Michel et Jacky se retrouvent \u00e0 Chirac<\/span><\/p>\n<p class=\"Standard-P\"><span class=\"Standard-C\"> ( Michel n&rsquo;est pas encore \u00e0 la retraite donc pour lui ce fut facile) pour faire voiture commune vers le Salagou. Notre pr\u00e9sident Denis et son \u00e9pouse Josette ,\u00e9taient d\u00e9j\u00e0 sur place , insatiables , il avaient particip\u00e9 la veille \u00e0 la cyclo sportive de Ruoms .Ils nous attendaient impatiemment apr\u00e8s une nuit \u00a0bucolique \u00a0au sein d&rsquo;une nature sauvage, douillettement install\u00e9s dans leur rustique \u00a0camping-<wbr \/>car , que la nature est belle !<\/span><\/p>\n<p class=\"Standard-P\"><span class=\"Standard-C\"><img loading=\"lazy\" decoding=\"async\" class=\"size-medium wp-image-638 alignright\" src=\"http:\/\/www.cycloclubmarvejolais.com\/wp-content\/uploads\/2016\/12\/DSCF0302-300x225.jpg\" alt=\"\" width=\"300\" height=\"225\" srcset=\"https:\/\/www.cycloclubmarvejolais.com\/wp-content\/uploads\/2016\/12\/DSCF0302-300x225.jpg 300w, https:\/\/www.cycloclubmarvejolais.com\/wp-content\/uploads\/2016\/12\/DSCF0302-768x576.jpg 768w, https:\/\/www.cycloclubmarvejolais.com\/wp-content\/uploads\/2016\/12\/DSCF0302-1024x768.jpg 1024w, https:\/\/www.cycloclubmarvejolais.com\/wp-content\/uploads\/2016\/12\/DSCF0302-600x450.jpg 600w, https:\/\/www.cycloclubmarvejolais.com\/wp-content\/uploads\/2016\/12\/DSCF0302.jpg 1600w\" sizes=\"(max-width: 300px) 100vw, 300px\" \/>Accueil chaleureux des organisateurs, comme d&rsquo;habitude , caf\u00e9 , petits g\u00e2teaux et sourire de la serveuse. Les Canourguais \u00e9taient pr\u00e9sents en nombre (11 cyclos) vex\u00e9s de ne pas avoir remport\u00e9 le challenge ces derni\u00e8res ann\u00e9es (je pr\u00e9cise que c&rsquo;est nous les d\u00e9tenteurs) ils comptent bien mettre fin \u00e0 cette h\u00e9g\u00e9monie ,ce qui ne nous a pas emp\u00each\u00e9 de faire un bout route ensemble. <\/span><\/p>\n<p class=\"Standard-P\"><span class=\"Standard-C\">Nous connaissons tous les liens d&rsquo;amiti\u00e9s qui lient nos deux clubs ( avec les autres aussi , pas d&rsquo;imper). Apr\u00e8s une collation rapide, vers neuf heures ,trois d&rsquo;entre nous s&rsquo;\u00e9brouent sur l&rsquo;asphalte pour le parcours de 70 kilom\u00e8tres ( petits joueurs) pendant que deux originaux choisissent de partir dans les bosses ocres qui bordent le lac, musardant de \u00e7a de l\u00e0 pour aller chercher quelques cols , hors des sentiers pr\u00e9vus . Roulage ,poussages , portages , et au passage quelques vues panoramiques \u00e0 couper le souffle , pourtant du souffle il nous en fallait. \u00a0\u00a0\u00a0\u00a0\u00a0\u00a0\u00a0\u00a0\u00a0\u00a0\u00a0\u00a0\u00a0\u00a0\u00a0\u00a0\u00a0\u00a0\u00a0\u00a0\u00a0\u00a0\u00a0\u00a0\u00a0\u00a0\u00a0\u00a0\u00a0\u00a0\u00a0\u00a0\u00a0\u00a0\u00a0\u00a0\u00a0\u00a0\u00a0\u00a0\u00a0\u00a0\u00a0\u00a0\u00a0\u00a0\u00a0\u00a0\u00a0\u00a0\u00a0\u00a0\u00a0\u00a0\u00a0\u00a0\u00a0\u00a0\u00a0\u00a0\u00a0\u00a0\u00a0\u00a0\u00a0\u00a0\u00a0<\/span><\/p>\n<p class=\"Standard-P\"><span class=\"Standard-C\"> Enfin vers quatorze heures, rassemblement des troupes au centre Nautique du Salagou.<\/span><\/p>\n<p class=\"Standard-P\"><span class=\"Standard-C\"> Saucisses grill\u00e9es offertes par l\u2019organisation agr\u00e9ment\u00e9es de quelques produits du terroir (Loz\u00e9riens bien sur) tir\u00e9s du sac, et voil\u00e0 une matin\u00e9e agr\u00e9ablement achev\u00e9e dans la convivialit\u00e9 et la bonne humeur ( blagues de Louis)<\/span><\/p>\n<p class=\"Standard-P\"><span class=\"Standard-C\">Merci encore pour l&rsquo;accueil et l&rsquo;organisation du club de Clermont l&rsquo;H\u00e9rault.<\/span><\/p>\n<p class=\"Standard-P\"><span class=\"Standard-C\">La prochaine sortie du club est pr\u00e9vue le cinq avril \u00e0 Calvisson<\/span><\/p>\n<p class=\"Standard-P\"><span class=\"Standard-C\">JG<\/span><\/p>\n<h4 class=\"Standard-P\">Galerie photo<\/h4>\n<p class=\"Standard-P\">[usersultra_protect_content display_rule=&rsquo;logged_in_based&rsquo; custom_message_loggedin=&rsquo;Seules les personnes membres peuvent voir la galerie photo&rsquo;]<\/p>\n\n\t\t<style>\n\t\t\t#gallery-1 {\n\t\t\t\tmargin: auto;\n\t\t\t}\n\t\t\t#gallery-1 .gallery-item {\n\t\t\t\tfloat: left;\n\t\t\t\tmargin-top: 10px;\n\t\t\t\ttext-align: center;\n\t\t\t\twidth: 33%;\n\t\t\t}\n\t\t\t#gallery-1 img {\n\t\t\t\tborder: 2px solid #cfcfcf;\n\t\t\t}\n\t\t\t#gallery-1 .gallery-caption {\n\t\t\t\tmargin-left: 0;\n\t\t\t}\n\t\t\t\/* see gallery_shortcode() in wp-includes\/media.php *\/\n\t\t<\/style>\n\t\t<div id='gallery-1' class='gallery galleryid-626 gallery-columns-3 gallery-size-thumbnail'><dl class='gallery-item'>\n\t\t\t<dt class='gallery-icon landscape'>\n\t\t\t\t<a href='https:\/\/www.cycloclubmarvejolais.com\/wp-content\/uploads\/2016\/12\/DSCF0302.jpg'><img loading=\"lazy\" decoding=\"async\" width=\"150\" height=\"150\" src=\"https:\/\/www.cycloclubmarvejolais.com\/wp-content\/uploads\/2016\/12\/DSCF0302-150x150.jpg\" class=\"attachment-thumbnail size-thumbnail\" alt=\"\" srcset=\"https:\/\/www.cycloclubmarvejolais.com\/wp-content\/uploads\/2016\/12\/DSCF0302-150x150.jpg 150w, https:\/\/www.cycloclubmarvejolais.com\/wp-content\/uploads\/2016\/12\/DSCF0302-160x160.jpg 160w, https:\/\/www.cycloclubmarvejolais.com\/wp-content\/uploads\/2016\/12\/DSCF0302-320x320.jpg 320w\" sizes=\"(max-width: 150px) 100vw, 150px\" \/><\/a>\n\t\t\t<\/dt><\/dl><dl class='gallery-item'>\n\t\t\t<dt class='gallery-icon landscape'>\n\t\t\t\t<a href='https:\/\/www.cycloclubmarvejolais.com\/wp-content\/uploads\/2016\/12\/DSCF0301.jpg'><img loading=\"lazy\" decoding=\"async\" width=\"150\" height=\"150\" src=\"https:\/\/www.cycloclubmarvejolais.com\/wp-content\/uploads\/2016\/12\/DSCF0301-150x150.jpg\" class=\"attachment-thumbnail size-thumbnail\" alt=\"\" aria-describedby=\"gallery-1-637\" srcset=\"https:\/\/www.cycloclubmarvejolais.com\/wp-content\/uploads\/2016\/12\/DSCF0301-150x150.jpg 150w, https:\/\/www.cycloclubmarvejolais.com\/wp-content\/uploads\/2016\/12\/DSCF0301-160x160.jpg 160w, https:\/\/www.cycloclubmarvejolais.com\/wp-content\/uploads\/2016\/12\/DSCF0301-320x320.jpg 320w\" sizes=\"(max-width: 150px) 100vw, 150px\" \/><\/a>\n\t\t\t<\/dt>\n\t\t\t\t<dd class='wp-caption-text gallery-caption' id='gallery-1-637'>\n\t\t\t\tApr\u00e8s l&rsquo;effort le r\u00e9confort\n\t\t\t\t<\/dd><\/dl><dl class='gallery-item'>\n\t\t\t<dt class='gallery-icon landscape'>\n\t\t\t\t<a href='https:\/\/www.cycloclubmarvejolais.com\/wp-content\/uploads\/2016\/12\/DSCF0300.jpg'><img loading=\"lazy\" decoding=\"async\" width=\"150\" height=\"150\" src=\"https:\/\/www.cycloclubmarvejolais.com\/wp-content\/uploads\/2016\/12\/DSCF0300-150x150.jpg\" class=\"attachment-thumbnail size-thumbnail\" alt=\"\" srcset=\"https:\/\/www.cycloclubmarvejolais.com\/wp-content\/uploads\/2016\/12\/DSCF0300-150x150.jpg 150w, https:\/\/www.cycloclubmarvejolais.com\/wp-content\/uploads\/2016\/12\/DSCF0300-160x160.jpg 160w, https:\/\/www.cycloclubmarvejolais.com\/wp-content\/uploads\/2016\/12\/DSCF0300-320x320.jpg 320w\" sizes=\"(max-width: 150px) 100vw, 150px\" \/><\/a>\n\t\t\t<\/dt><\/dl><br style=\"clear: both\" \/><dl class='gallery-item'>\n\t\t\t<dt class='gallery-icon landscape'>\n\t\t\t\t<a href='https:\/\/www.cycloclubmarvejolais.com\/wp-content\/uploads\/2016\/12\/DSCF0298.jpg'><img loading=\"lazy\" decoding=\"async\" width=\"150\" height=\"150\" src=\"https:\/\/www.cycloclubmarvejolais.com\/wp-content\/uploads\/2016\/12\/DSCF0298-150x150.jpg\" class=\"attachment-thumbnail size-thumbnail\" alt=\"\" aria-describedby=\"gallery-1-635\" srcset=\"https:\/\/www.cycloclubmarvejolais.com\/wp-content\/uploads\/2016\/12\/DSCF0298-150x150.jpg 150w, https:\/\/www.cycloclubmarvejolais.com\/wp-content\/uploads\/2016\/12\/DSCF0298-160x160.jpg 160w, https:\/\/www.cycloclubmarvejolais.com\/wp-content\/uploads\/2016\/12\/DSCF0298-320x320.jpg 320w\" sizes=\"(max-width: 150px) 100vw, 150px\" \/><\/a>\n\t\t\t<\/dt>\n\t\t\t\t<dd class='wp-caption-text gallery-caption' id='gallery-1-635'>\n\t\t\t\tLe Cirque de Mour\u00e8ze\n\t\t\t\t<\/dd><\/dl><dl class='gallery-item'>\n\t\t\t<dt class='gallery-icon landscape'>\n\t\t\t\t<a href='https:\/\/www.cycloclubmarvejolais.com\/wp-content\/uploads\/2016\/12\/DSCF0297.jpg'><img loading=\"lazy\" decoding=\"async\" width=\"150\" height=\"150\" src=\"https:\/\/www.cycloclubmarvejolais.com\/wp-content\/uploads\/2016\/12\/DSCF0297-150x150.jpg\" class=\"attachment-thumbnail size-thumbnail\" alt=\"\" srcset=\"https:\/\/www.cycloclubmarvejolais.com\/wp-content\/uploads\/2016\/12\/DSCF0297-150x150.jpg 150w, https:\/\/www.cycloclubmarvejolais.com\/wp-content\/uploads\/2016\/12\/DSCF0297-160x160.jpg 160w, https:\/\/www.cycloclubmarvejolais.com\/wp-content\/uploads\/2016\/12\/DSCF0297-320x320.jpg 320w\" sizes=\"(max-width: 150px) 100vw, 150px\" \/><\/a>\n\t\t\t<\/dt><\/dl><dl class='gallery-item'>\n\t\t\t<dt class='gallery-icon landscape'>\n\t\t\t\t<a href='https:\/\/www.cycloclubmarvejolais.com\/wp-content\/uploads\/2016\/12\/DSCF0296.jpg'><img loading=\"lazy\" decoding=\"async\" width=\"150\" height=\"150\" src=\"https:\/\/www.cycloclubmarvejolais.com\/wp-content\/uploads\/2016\/12\/DSCF0296-150x150.jpg\" class=\"attachment-thumbnail size-thumbnail\" alt=\"\" srcset=\"https:\/\/www.cycloclubmarvejolais.com\/wp-content\/uploads\/2016\/12\/DSCF0296-150x150.jpg 150w, https:\/\/www.cycloclubmarvejolais.com\/wp-content\/uploads\/2016\/12\/DSCF0296-160x160.jpg 160w, https:\/\/www.cycloclubmarvejolais.com\/wp-content\/uploads\/2016\/12\/DSCF0296-320x320.jpg 320w\" sizes=\"(max-width: 150px) 100vw, 150px\" \/><\/a>\n\t\t\t<\/dt><\/dl><br style=\"clear: both\" \/><dl class='gallery-item'>\n\t\t\t<dt class='gallery-icon landscape'>\n\t\t\t\t<a href='https:\/\/www.cycloclubmarvejolais.com\/wp-content\/uploads\/2016\/12\/DSCF0295.jpg'><img loading=\"lazy\" decoding=\"async\" width=\"150\" height=\"150\" src=\"https:\/\/www.cycloclubmarvejolais.com\/wp-content\/uploads\/2016\/12\/DSCF0295-150x150.jpg\" class=\"attachment-thumbnail size-thumbnail\" alt=\"\" srcset=\"https:\/\/www.cycloclubmarvejolais.com\/wp-content\/uploads\/2016\/12\/DSCF0295-150x150.jpg 150w, https:\/\/www.cycloclubmarvejolais.com\/wp-content\/uploads\/2016\/12\/DSCF0295-160x160.jpg 160w, https:\/\/www.cycloclubmarvejolais.com\/wp-content\/uploads\/2016\/12\/DSCF0295-320x320.jpg 320w\" sizes=\"(max-width: 150px) 100vw, 150px\" \/><\/a>\n\t\t\t<\/dt><\/dl><dl class='gallery-item'>\n\t\t\t<dt class='gallery-icon landscape'>\n\t\t\t\t<a href='https:\/\/www.cycloclubmarvejolais.com\/wp-content\/uploads\/2016\/12\/DSCF0294.jpg'><img loading=\"lazy\" decoding=\"async\" width=\"150\" height=\"150\" src=\"https:\/\/www.cycloclubmarvejolais.com\/wp-content\/uploads\/2016\/12\/DSCF0294-150x150.jpg\" class=\"attachment-thumbnail size-thumbnail\" alt=\"\" aria-describedby=\"gallery-1-631\" srcset=\"https:\/\/www.cycloclubmarvejolais.com\/wp-content\/uploads\/2016\/12\/DSCF0294-150x150.jpg 150w, https:\/\/www.cycloclubmarvejolais.com\/wp-content\/uploads\/2016\/12\/DSCF0294-160x160.jpg 160w, https:\/\/www.cycloclubmarvejolais.com\/wp-content\/uploads\/2016\/12\/DSCF0294-320x320.jpg 320w\" sizes=\"(max-width: 150px) 100vw, 150px\" \/><\/a>\n\t\t\t<\/dt>\n\t\t\t\t<dd class='wp-caption-text gallery-caption' id='gallery-1-631'>\n\t\t\t\tA la recherche, laborieuse, des cols\n\t\t\t\t<\/dd><\/dl><dl class='gallery-item'>\n\t\t\t<dt class='gallery-icon landscape'>\n\t\t\t\t<a href='https:\/\/www.cycloclubmarvejolais.com\/wp-content\/uploads\/2016\/12\/DSCF0293.jpg'><img loading=\"lazy\" decoding=\"async\" width=\"150\" height=\"150\" src=\"https:\/\/www.cycloclubmarvejolais.com\/wp-content\/uploads\/2016\/12\/DSCF0293-150x150.jpg\" class=\"attachment-thumbnail size-thumbnail\" alt=\"\" srcset=\"https:\/\/www.cycloclubmarvejolais.com\/wp-content\/uploads\/2016\/12\/DSCF0293-150x150.jpg 150w, https:\/\/www.cycloclubmarvejolais.com\/wp-content\/uploads\/2016\/12\/DSCF0293-160x160.jpg 160w, https:\/\/www.cycloclubmarvejolais.com\/wp-content\/uploads\/2016\/12\/DSCF0293-320x320.jpg 320w\" sizes=\"(max-width: 150px) 100vw, 150px\" \/><\/a>\n\t\t\t<\/dt><\/dl><br style=\"clear: both\" \/><dl class='gallery-item'>\n\t\t\t<dt class='gallery-icon landscape'>\n\t\t\t\t<a href='https:\/\/www.cycloclubmarvejolais.com\/wp-content\/uploads\/2016\/12\/DSCF0292.jpg'><img loading=\"lazy\" decoding=\"async\" width=\"150\" height=\"150\" src=\"https:\/\/www.cycloclubmarvejolais.com\/wp-content\/uploads\/2016\/12\/DSCF0292-150x150.jpg\" class=\"attachment-thumbnail size-thumbnail\" alt=\"\" aria-describedby=\"gallery-1-629\" srcset=\"https:\/\/www.cycloclubmarvejolais.com\/wp-content\/uploads\/2016\/12\/DSCF0292-150x150.jpg 150w, https:\/\/www.cycloclubmarvejolais.com\/wp-content\/uploads\/2016\/12\/DSCF0292-160x160.jpg 160w, https:\/\/www.cycloclubmarvejolais.com\/wp-content\/uploads\/2016\/12\/DSCF0292-320x320.jpg 320w\" sizes=\"(max-width: 150px) 100vw, 150px\" \/><\/a>\n\t\t\t<\/dt>\n\t\t\t\t<dd class='wp-caption-text gallery-caption' id='gallery-1-629'>\n\t\t\t\tLiausson\n\t\t\t\t<\/dd><\/dl><dl class='gallery-item'>\n\t\t\t<dt class='gallery-icon landscape'>\n\t\t\t\t<a href='https:\/\/www.cycloclubmarvejolais.com\/wp-content\/uploads\/2016\/12\/DSCF0291.jpg'><img loading=\"lazy\" decoding=\"async\" width=\"150\" height=\"150\" src=\"https:\/\/www.cycloclubmarvejolais.com\/wp-content\/uploads\/2016\/12\/DSCF0291-150x150.jpg\" class=\"attachment-thumbnail size-thumbnail\" alt=\"\" aria-describedby=\"gallery-1-628\" srcset=\"https:\/\/www.cycloclubmarvejolais.com\/wp-content\/uploads\/2016\/12\/DSCF0291-150x150.jpg 150w, https:\/\/www.cycloclubmarvejolais.com\/wp-content\/uploads\/2016\/12\/DSCF0291-160x160.jpg 160w, https:\/\/www.cycloclubmarvejolais.com\/wp-content\/uploads\/2016\/12\/DSCF0291-320x320.jpg 320w\" sizes=\"(max-width: 150px) 100vw, 150px\" \/><\/a>\n\t\t\t<\/dt>\n\t\t\t\t<dd class='wp-caption-text gallery-caption' id='gallery-1-628'>\n\t\t\t\tLe lac du Salagou\n\t\t\t\t<\/dd><\/dl>\n\t\t\t<br style='clear: both' \/>\n\t\t<\/div>\n\n<p class=\"Standard-P\">\u00a0[\/usersultra_protect_content]<\/p>\n","protected":false},"excerpt":{"rendered":"<p>UN DIMANCHE AU SOLEIL DU MIDI Dimanche deux mars 2014 un petit groupe du cyclo club, s&rsquo;en est all\u00e9 vers le soleil du midi&#46;&#46;&#46;<\/p>\n","protected":false},"author":1,"featured_media":628,"comment_status":"open","ping_status":"open","sticky":false,"template":"","format":"standard","meta":{"footnotes":""},"categories":[49],"tags":[],"_links":{"self":[{"href":"https:\/\/www.cycloclubmarvejolais.com\/index.php?rest_route=\/wp\/v2\/posts\/626"}],"collection":[{"href":"https:\/\/www.cycloclubmarvejolais.com\/index.php?rest_route=\/wp\/v2\/posts"}],"about":[{"href":"https:\/\/www.cycloclubmarvejolais.com\/index.php?rest_route=\/wp\/v2\/types\/post"}],"author":[{"embeddable":true,"href":"https:\/\/www.cycloclubmarvejolais.com\/index.php?rest_route=\/wp\/v2\/users\/1"}],"replies":[{"embeddable":true,"href":"https:\/\/www.cycloclubmarvejolais.com\/index.php?rest_route=%2Fwp%2Fv2%2Fcomments&post=626"}],"version-history":[{"count":4,"href":"https:\/\/www.cycloclubmarvejolais.com\/index.php?rest_route=\/wp\/v2\/posts\/626\/revisions"}],"predecessor-version":[{"id":1547,"href":"https:\/\/www.cycloclubmarvejolais.com\/index.php?rest_route=\/wp\/v2\/posts\/626\/revisions\/1547"}],"wp:featuredmedia":[{"embeddable":true,"href":"https:\/\/www.cycloclubmarvejolais.com\/index.php?rest_route=\/wp\/v2\/media\/628"}],"wp:attachment":[{"href":"https:\/\/www.cycloclubmarvejolais.com\/index.php?rest_route=%2Fwp%2Fv2%2Fmedia&parent=626"}],"wp:term":[{"taxonomy":"category","embeddable":true,"href":"https:\/\/www.cycloclubmarvejolais.com\/index.php?rest_route=%2Fwp%2Fv2%2Fcategories&post=626"},{"taxonomy":"post_tag","embeddable":true,"href":"https:\/\/www.cycloclubmarvejolais.com\/index.php?rest_route=%2Fwp%2Fv2%2Ftags&post=626"}],"curies":[{"name":"wp","href":"https:\/\/api.w.org\/{rel}","templated":true}]}}