{"id":6511,"date":"2025-03-03T11:41:34","date_gmt":"2025-03-03T10:41:34","guid":{"rendered":"http:\/\/www.cycloclubmarvejolais.com\/?p=6511"},"modified":"2025-03-12T20:18:42","modified_gmt":"2025-03-12T19:18:42","slug":"rando-du-muguet-1er-mai-2024","status":"publish","type":"post","link":"https:\/\/www.cycloclubmarvejolais.com\/?p=6511","title":{"rendered":"Rando du Muguet 1er Mai 2025"},"content":{"rendered":"<p>Nous vous donnons rendez-vous le mercredi 1er Mai 2025 pour la deuxi\u00e8me randonn\u00e9e du muguet au stade de foot du Monastier (48100 Bourg-sur-colagne).<\/p>\n<p>Routes et VTT\/VTTAE:<\/p>\n<p>Accueil \u00e0 partir 07h30<br \/>\nCollation au d\u00e9part et \u00e0 l&rsquo;arriv\u00e9e<br \/>\nInscription Routes et VTT\/VTTAE: 8\u20ac<\/p>\n<p>Marche \u00e0 partir de 10h:<br \/>\nInscription marche:3\u20ac<br \/>\nInscription marche+ repas 20\u20ac<\/p>\n<p>Rando suivi d&rsquo;un repas complet 18 \u20ac organis\u00e9e par le comit\u00e9 des f\u00eates du Monastier<br \/>\nInscriptions au repas obligatoire avant le lundi 29 Avril au:<strong> 06.48.76.16.36<\/strong><\/p>\n<p><em><strong>1 parcours marche<\/strong><\/em>:<br \/>\n7km 200 D+<\/p>\n<p><strong>2 parcours VTT\/VTTAE<\/strong>: Ravitaillement au Salelles (48230)<br \/>\n<a href=\"https:\/\/connect.garmin.com\/modern\/course\/256039760\">27 km 600 D+ Balis\u00e9<\/a><br \/>\n<a href=\"https:\/\/connect.garmin.com\/modern\/course\/254857679\">40 km 1100 D+ T\u00e9l\u00e9charger la trace GPX<\/a><\/p>\n<p><em><strong>2 parcours routes<\/strong><\/em>: Ravitaillement au Salelles (48230)<br \/>\n<a href=\"https:\/\/connect.garmin.com\/modern\/course\/257115934\">54 km 820 D+<\/a><br \/>\n<a href=\"https:\/\/connect.garmin.com\/modern\/course\/337459633\">86 km 1500 D+<\/a><\/p>\n<p>&nbsp;<\/p>\n\n\t\t<style>\n\t\t\t#gallery-1 {\n\t\t\t\tmargin: auto;\n\t\t\t}\n\t\t\t#gallery-1 .gallery-item {\n\t\t\t\tfloat: left;\n\t\t\t\tmargin-top: 10px;\n\t\t\t\ttext-align: center;\n\t\t\t\twidth: 33%;\n\t\t\t}\n\t\t\t#gallery-1 img {\n\t\t\t\tborder: 2px solid #cfcfcf;\n\t\t\t}\n\t\t\t#gallery-1 .gallery-caption {\n\t\t\t\tmargin-left: 0;\n\t\t\t}\n\t\t\t\/* see gallery_shortcode() in wp-includes\/media.php *\/\n\t\t<\/style>\n\t\t<div id='gallery-1' class='gallery galleryid-6511 gallery-columns-3 gallery-size-thumbnail'><dl class='gallery-item'>\n\t\t\t<dt class='gallery-icon landscape'>\n\t\t\t\t<a href='https:\/\/www.cycloclubmarvejolais.com\/?attachment_id=6512'><img loading=\"lazy\" decoding=\"async\" width=\"150\" height=\"150\" src=\"https:\/\/www.cycloclubmarvejolais.com\/wp-content\/uploads\/2024\/03\/qrcode_connect.garmin.com-5-150x150.png\" class=\"attachment-thumbnail size-thumbnail\" alt=\"\" aria-describedby=\"gallery-1-6512\" srcset=\"https:\/\/www.cycloclubmarvejolais.com\/wp-content\/uploads\/2024\/03\/qrcode_connect.garmin.com-5-150x150.png 150w, https:\/\/www.cycloclubmarvejolais.com\/wp-content\/uploads\/2024\/03\/qrcode_connect.garmin.com-5-300x300.png 300w, https:\/\/www.cycloclubmarvejolais.com\/wp-content\/uploads\/2024\/03\/qrcode_connect.garmin.com-5-80x80.png 80w, https:\/\/www.cycloclubmarvejolais.com\/wp-content\/uploads\/2024\/03\/qrcode_connect.garmin.com-5-320x320.png 320w, https:\/\/www.cycloclubmarvejolais.com\/wp-content\/uploads\/2024\/03\/qrcode_connect.garmin.com-5.png 450w\" sizes=\"(max-width: 150px) 100vw, 150px\" \/><\/a>\n\t\t\t<\/dt>\n\t\t\t\t<dd class='wp-caption-text gallery-caption' id='gallery-1-6512'>\n\t\t\t\tGrand parcours VTT\n\t\t\t\t<\/dd><\/dl><dl class='gallery-item'>\n\t\t\t<dt class='gallery-icon landscape'>\n\t\t\t\t<a href='https:\/\/www.cycloclubmarvejolais.com\/?attachment_id=6525'><img loading=\"lazy\" decoding=\"async\" width=\"150\" height=\"150\" src=\"https:\/\/www.cycloclubmarvejolais.com\/wp-content\/uploads\/2024\/03\/IMG-20240330-WA0009-150x150.jpg\" class=\"attachment-thumbnail size-thumbnail\" alt=\"\" aria-describedby=\"gallery-1-6525\" srcset=\"https:\/\/www.cycloclubmarvejolais.com\/wp-content\/uploads\/2024\/03\/IMG-20240330-WA0009-150x150.jpg 150w, https:\/\/www.cycloclubmarvejolais.com\/wp-content\/uploads\/2024\/03\/IMG-20240330-WA0009-300x300.jpg 300w, https:\/\/www.cycloclubmarvejolais.com\/wp-content\/uploads\/2024\/03\/IMG-20240330-WA0009-80x80.jpg 80w, https:\/\/www.cycloclubmarvejolais.com\/wp-content\/uploads\/2024\/03\/IMG-20240330-WA0009-320x320.jpg 320w, https:\/\/www.cycloclubmarvejolais.com\/wp-content\/uploads\/2024\/03\/IMG-20240330-WA0009.jpg 450w\" sizes=\"(max-width: 150px) 100vw, 150px\" \/><\/a>\n\t\t\t<\/dt>\n\t\t\t\t<dd class='wp-caption-text gallery-caption' id='gallery-1-6525'>\n\t\t\t\tPetit parcours VTT\n\t\t\t\t<\/dd><\/dl><dl class='gallery-item'>\n\t\t\t<dt class='gallery-icon landscape'>\n\t\t\t\t<a href='https:\/\/www.cycloclubmarvejolais.com\/?attachment_id=6530'><img loading=\"lazy\" decoding=\"async\" width=\"150\" height=\"150\" src=\"https:\/\/www.cycloclubmarvejolais.com\/wp-content\/uploads\/2024\/03\/thumbnail_IMG-20240330-WA0010-1-150x150.jpg\" class=\"attachment-thumbnail size-thumbnail\" alt=\"\" aria-describedby=\"gallery-1-6530\" srcset=\"https:\/\/www.cycloclubmarvejolais.com\/wp-content\/uploads\/2024\/03\/thumbnail_IMG-20240330-WA0010-1-150x150.jpg 150w, https:\/\/www.cycloclubmarvejolais.com\/wp-content\/uploads\/2024\/03\/thumbnail_IMG-20240330-WA0010-1-300x300.jpg 300w, https:\/\/www.cycloclubmarvejolais.com\/wp-content\/uploads\/2024\/03\/thumbnail_IMG-20240330-WA0010-1-80x80.jpg 80w, https:\/\/www.cycloclubmarvejolais.com\/wp-content\/uploads\/2024\/03\/thumbnail_IMG-20240330-WA0010-1-320x320.jpg 320w, https:\/\/www.cycloclubmarvejolais.com\/wp-content\/uploads\/2024\/03\/thumbnail_IMG-20240330-WA0010-1.jpg 450w\" sizes=\"(max-width: 150px) 100vw, 150px\" \/><\/a>\n\t\t\t<\/dt>\n\t\t\t\t<dd class='wp-caption-text gallery-caption' id='gallery-1-6530'>\n\t\t\t\tPetit parcours routes\n\t\t\t\t<\/dd><\/dl><br style=\"clear: both\" \/><dl class='gallery-item'>\n\t\t\t<dt class='gallery-icon landscape'>\n\t\t\t\t<a href='https:\/\/www.cycloclubmarvejolais.com\/?attachment_id=6833'><img loading=\"lazy\" decoding=\"async\" width=\"150\" height=\"150\" src=\"https:\/\/www.cycloclubmarvejolais.com\/wp-content\/uploads\/2025\/03\/Grand-parcours-0105-150x150.png\" class=\"attachment-thumbnail size-thumbnail\" alt=\"\" aria-describedby=\"gallery-1-6833\" srcset=\"https:\/\/www.cycloclubmarvejolais.com\/wp-content\/uploads\/2025\/03\/Grand-parcours-0105-150x150.png 150w, https:\/\/www.cycloclubmarvejolais.com\/wp-content\/uploads\/2025\/03\/Grand-parcours-0105-300x300.png 300w, https:\/\/www.cycloclubmarvejolais.com\/wp-content\/uploads\/2025\/03\/Grand-parcours-0105-80x80.png 80w, https:\/\/www.cycloclubmarvejolais.com\/wp-content\/uploads\/2025\/03\/Grand-parcours-0105-320x320.png 320w, https:\/\/www.cycloclubmarvejolais.com\/wp-content\/uploads\/2025\/03\/Grand-parcours-0105.png 450w\" sizes=\"(max-width: 150px) 100vw, 150px\" \/><\/a>\n\t\t\t<\/dt>\n\t\t\t\t<dd class='wp-caption-text gallery-caption' id='gallery-1-6833'>\n\t\t\t\tGrand parcours routes\n\t\t\t\t<\/dd><\/dl><dl class='gallery-item'>\n\t\t\t<dt class='gallery-icon portrait'>\n\t\t\t\t<a href='https:\/\/www.cycloclubmarvejolais.com\/?attachment_id=6835'><img loading=\"lazy\" decoding=\"async\" width=\"150\" height=\"150\" src=\"https:\/\/www.cycloclubmarvejolais.com\/wp-content\/uploads\/2025\/03\/Rando-du-Muguet-150x150.png\" class=\"attachment-thumbnail size-thumbnail\" alt=\"\" aria-describedby=\"gallery-1-6835\" srcset=\"https:\/\/www.cycloclubmarvejolais.com\/wp-content\/uploads\/2025\/03\/Rando-du-Muguet-150x150.png 150w, https:\/\/www.cycloclubmarvejolais.com\/wp-content\/uploads\/2025\/03\/Rando-du-Muguet-80x80.png 80w, https:\/\/www.cycloclubmarvejolais.com\/wp-content\/uploads\/2025\/03\/Rando-du-Muguet-320x320.png 320w\" sizes=\"(max-width: 150px) 100vw, 150px\" \/><\/a>\n\t\t\t<\/dt>\n\t\t\t\t<dd class='wp-caption-text gallery-caption' id='gallery-1-6835'>\n\t\t\t\tAffiche 2025\n\t\t\t\t<\/dd><\/dl>\n\t\t\t<br style='clear: both' \/>\n\t\t<\/div>\n\n","protected":false},"excerpt":{"rendered":"<p>Nous vous donnons rendez-vous le mercredi 1er Mai 2025 pour la deuxi\u00e8me randonn\u00e9e du muguet au stade de foot du Monastier (48100 Bourg-sur-colagne). Routes&#46;&#46;&#46;<\/p>\n","protected":false},"author":11,"featured_media":6835,"comment_status":"open","ping_status":"open","sticky":false,"template":"","format":"standard","meta":{"footnotes":""},"categories":[7],"tags":[],"_links":{"self":[{"href":"https:\/\/www.cycloclubmarvejolais.com\/index.php?rest_route=\/wp\/v2\/posts\/6511"}],"collection":[{"href":"https:\/\/www.cycloclubmarvejolais.com\/index.php?rest_route=\/wp\/v2\/posts"}],"about":[{"href":"https:\/\/www.cycloclubmarvejolais.com\/index.php?rest_route=\/wp\/v2\/types\/post"}],"author":[{"embeddable":true,"href":"https:\/\/www.cycloclubmarvejolais.com\/index.php?rest_route=\/wp\/v2\/users\/11"}],"replies":[{"embeddable":true,"href":"https:\/\/www.cycloclubmarvejolais.com\/index.php?rest_route=%2Fwp%2Fv2%2Fcomments&post=6511"}],"version-history":[{"count":18,"href":"https:\/\/www.cycloclubmarvejolais.com\/index.php?rest_route=\/wp\/v2\/posts\/6511\/revisions"}],"predecessor-version":[{"id":6837,"href":"https:\/\/www.cycloclubmarvejolais.com\/index.php?rest_route=\/wp\/v2\/posts\/6511\/revisions\/6837"}],"wp:featuredmedia":[{"embeddable":true,"href":"https:\/\/www.cycloclubmarvejolais.com\/index.php?rest_route=\/wp\/v2\/media\/6835"}],"wp:attachment":[{"href":"https:\/\/www.cycloclubmarvejolais.com\/index.php?rest_route=%2Fwp%2Fv2%2Fmedia&parent=6511"}],"wp:term":[{"taxonomy":"category","embeddable":true,"href":"https:\/\/www.cycloclubmarvejolais.com\/index.php?rest_route=%2Fwp%2Fv2%2Fcategories&post=6511"},{"taxonomy":"post_tag","embeddable":true,"href":"https:\/\/www.cycloclubmarvejolais.com\/index.php?rest_route=%2Fwp%2Fv2%2Ftags&post=6511"}],"curies":[{"name":"wp","href":"https:\/\/api.w.org\/{rel}","templated":true}]}}