{"id":6796,"date":"2024-06-17T21:00:28","date_gmt":"2024-06-17T19:00:28","guid":{"rendered":"http:\/\/www.cycloclubmarvejolais.com\/?p=6796"},"modified":"2025-06-10T23:18:58","modified_gmt":"2025-06-10T21:18:58","slug":"rando-annuelle-sur-les-traces-de-la-bete","status":"publish","type":"post","link":"https:\/\/www.cycloclubmarvejolais.com\/?p=6796","title":{"rendered":"Rando annuelle Sur Les Traces de la B\u00eate 2024"},"content":{"rendered":"<p>Nous sommes heureux de vous accueillir le samedi 06 juillet 2024 \u00e0 partir de 07h30 au lac du Moulinet pour notre randonn\u00e9e annuelle Sur les Traces de la B\u00eate.<br \/>\nSortie 37 de l&rsquo;A75<br \/>\nRandonn\u00e9e suivi d&rsquo;un repas.<br \/>\nNous vous proposons:<\/p>\n<p><em><strong>2 circuits routes<\/strong><\/em>:<br \/>\n<a href=\"https:\/\/www.openrunner.com\/route-details\/17186819\">66km 1100 D+<\/a><br \/>\n<a href=\"https:\/\/www.openrunner.com\/route-details\/17186711\">94km 1500 D+<\/a><\/p>\n<p><em><strong>1 circuit VTT VTTAE<\/strong><\/em>:<br \/>\n<a href=\"https:\/\/connect.garmin.com\/modern\/course\/279926811\">37 km 750 D+<\/a><\/p>\n<p><strong><em>1 circuit Gravel<\/em><\/strong>:<br \/>\n<a href=\"https:\/\/www.openrunner.com\/route-details\/16769941\">61km 1100 D+<\/a><\/p>\n<p><strong><em>Informations<\/em><\/strong>:<br \/>\nAccueil et inscriptions \u00e0 partir de 07h30<br \/>\nCollation au d\u00e9part et \u00e0 l&rsquo;arriv\u00e9e<br \/>\nRavitaillement sur les parcours routes et VTT VTTAE<br \/>\nInscriptions: 7\u20ac licence FFV\u00e9lo \/ 10\u20ac non licenci\u00e9<\/p>\n<p>Repas:<br \/>\nComme chaque ann\u00e9e le repas nous est concoct\u00e9 par Jean-Luc Pourcher du restaurant L&rsquo;Oustal L&rsquo;atelier Des Saveurs<br \/>\nMenu: 15\u20ac<br \/>\nP\u00e2t\u00e9 en croute<br \/>\nSaucisse truffade<br \/>\nTartelette au framboise<br \/>\nVin et caf\u00e9<\/p>\n<p>N&rsquo;h\u00e9sitez pas a r\u00e9server votre repas, inscriptions sur place possible.<br \/>\n0676160276<\/p>\n<p>&nbsp;<\/p>\n<p><a href=\"http:\/\/www.cycloclubmarvejolais.com\/wp-content\/uploads\/2024\/06\/affiche_Rando_2024_v12_900-scaled.jpg\"><img loading=\"lazy\" decoding=\"async\" class=\"alignnone size-medium wp-image-6797\" src=\"http:\/\/www.cycloclubmarvejolais.com\/wp-content\/uploads\/2024\/06\/affiche_Rando_2024_v12_900-212x300.jpg\" alt=\"\" width=\"212\" height=\"300\" srcset=\"https:\/\/www.cycloclubmarvejolais.com\/wp-content\/uploads\/2024\/06\/affiche_Rando_2024_v12_900-212x300.jpg 212w, https:\/\/www.cycloclubmarvejolais.com\/wp-content\/uploads\/2024\/06\/affiche_Rando_2024_v12_900-724x1024.jpg 724w, https:\/\/www.cycloclubmarvejolais.com\/wp-content\/uploads\/2024\/06\/affiche_Rando_2024_v12_900-768x1086.jpg 768w, https:\/\/www.cycloclubmarvejolais.com\/wp-content\/uploads\/2024\/06\/affiche_Rando_2024_v12_900-1086x1536.jpg 1086w, https:\/\/www.cycloclubmarvejolais.com\/wp-content\/uploads\/2024\/06\/affiche_Rando_2024_v12_900-1448x2048.jpg 1448w, https:\/\/www.cycloclubmarvejolais.com\/wp-content\/uploads\/2024\/06\/affiche_Rando_2024_v12_900-scaled.jpg 1810w\" sizes=\"(max-width: 212px) 100vw, 212px\" \/><\/a><\/p>\n","protected":false},"excerpt":{"rendered":"<p>Nous sommes heureux de vous accueillir le samedi 06 juillet 2024 \u00e0 partir de 07h30 au lac du Moulinet pour notre randonn\u00e9e annuelle Sur&#46;&#46;&#46;<\/p>\n","protected":false},"author":11,"featured_media":6797,"comment_status":"open","ping_status":"open","sticky":false,"template":"","format":"standard","meta":{"footnotes":""},"categories":[7],"tags":[],"_links":{"self":[{"href":"https:\/\/www.cycloclubmarvejolais.com\/index.php?rest_route=\/wp\/v2\/posts\/6796"}],"collection":[{"href":"https:\/\/www.cycloclubmarvejolais.com\/index.php?rest_route=\/wp\/v2\/posts"}],"about":[{"href":"https:\/\/www.cycloclubmarvejolais.com\/index.php?rest_route=\/wp\/v2\/types\/post"}],"author":[{"embeddable":true,"href":"https:\/\/www.cycloclubmarvejolais.com\/index.php?rest_route=\/wp\/v2\/users\/11"}],"replies":[{"embeddable":true,"href":"https:\/\/www.cycloclubmarvejolais.com\/index.php?rest_route=%2Fwp%2Fv2%2Fcomments&post=6796"}],"version-history":[{"count":2,"href":"https:\/\/www.cycloclubmarvejolais.com\/index.php?rest_route=\/wp\/v2\/posts\/6796\/revisions"}],"predecessor-version":[{"id":6891,"href":"https:\/\/www.cycloclubmarvejolais.com\/index.php?rest_route=\/wp\/v2\/posts\/6796\/revisions\/6891"}],"wp:featuredmedia":[{"embeddable":true,"href":"https:\/\/www.cycloclubmarvejolais.com\/index.php?rest_route=\/wp\/v2\/media\/6797"}],"wp:attachment":[{"href":"https:\/\/www.cycloclubmarvejolais.com\/index.php?rest_route=%2Fwp%2Fv2%2Fmedia&parent=6796"}],"wp:term":[{"taxonomy":"category","embeddable":true,"href":"https:\/\/www.cycloclubmarvejolais.com\/index.php?rest_route=%2Fwp%2Fv2%2Fcategories&post=6796"},{"taxonomy":"post_tag","embeddable":true,"href":"https:\/\/www.cycloclubmarvejolais.com\/index.php?rest_route=%2Fwp%2Fv2%2Ftags&post=6796"}],"curies":[{"name":"wp","href":"https:\/\/api.w.org\/{rel}","templated":true}]}}