{"id":6852,"date":"2025-03-24T22:07:50","date_gmt":"2025-03-24T21:07:50","guid":{"rendered":"https:\/\/www.cycloclubmarvejolais.com\/?p=6852"},"modified":"2025-03-24T22:08:42","modified_gmt":"2025-03-24T21:08:42","slug":"sejour-espagne-2025","status":"publish","type":"post","link":"https:\/\/www.cycloclubmarvejolais.com\/?p=6852","title":{"rendered":"S\u00e9jour Espagne 2025"},"content":{"rendered":"<div id=\"ms-outlook-mobile-body-separator-line\" class=\"elementToProof\" dir=\"auto\">Petit retour sur le stage de d\u00e9but de saison qui s&rsquo;est d\u00e9roul\u00e9 ce week-end du vendredi au lundi \u00e0 Platja d&rsquo;aro.\u26ab<\/div>\n<div>Malgr\u00e9 un d\u00e9but de week-end avec une m\u00e9t\u00e9o capricieuse, le temps a \u00e9t\u00e9 de la partie pour continuer le s\u00e9jour et profiter des routes espagnoles.<\/div>\n<div>\u00a04 jours de v\u00e9lo et environ 350 km ont \u00e9t\u00e9 effectu\u00e9s par nos cyclistes.<\/div>\n<div>11 au d\u00e9part et 9 le dernier jour pour notre petit peloton loz\u00e8rien.<\/div>\n<div>Un bon petit week-end de coh\u00e9sion avant de reprendre la saison Ufolep 2025 d\u00e8s le week-end prochain<\/div>\n<div>\n<p>Vive le v\u00e9lo \u270c\ufe0f<\/p>\n\n\t\t<style>\n\t\t\t#gallery-1 {\n\t\t\t\tmargin: auto;\n\t\t\t}\n\t\t\t#gallery-1 .gallery-item {\n\t\t\t\tfloat: left;\n\t\t\t\tmargin-top: 10px;\n\t\t\t\ttext-align: center;\n\t\t\t\twidth: 33%;\n\t\t\t}\n\t\t\t#gallery-1 img {\n\t\t\t\tborder: 2px solid #cfcfcf;\n\t\t\t}\n\t\t\t#gallery-1 .gallery-caption {\n\t\t\t\tmargin-left: 0;\n\t\t\t}\n\t\t\t\/* see gallery_shortcode() in wp-includes\/media.php *\/\n\t\t<\/style>\n\t\t<div id='gallery-1' class='gallery galleryid-6852 gallery-columns-3 gallery-size-medium'><dl class='gallery-item'>\n\t\t\t<dt class='gallery-icon landscape'>\n\t\t\t\t<a href='https:\/\/www.cycloclubmarvejolais.com\/?attachment_id=6854'><img loading=\"lazy\" decoding=\"async\" width=\"300\" height=\"225\" src=\"https:\/\/www.cycloclubmarvejolais.com\/wp-content\/uploads\/2025\/03\/1742850272924-300x225.jpg\" class=\"attachment-medium size-medium\" alt=\"\" srcset=\"https:\/\/www.cycloclubmarvejolais.com\/wp-content\/uploads\/2025\/03\/1742850272924-300x225.jpg 300w, https:\/\/www.cycloclubmarvejolais.com\/wp-content\/uploads\/2025\/03\/1742850272924-1024x768.jpg 1024w, https:\/\/www.cycloclubmarvejolais.com\/wp-content\/uploads\/2025\/03\/1742850272924-768x576.jpg 768w, https:\/\/www.cycloclubmarvejolais.com\/wp-content\/uploads\/2025\/03\/1742850272924-1536x1152.jpg 1536w, https:\/\/www.cycloclubmarvejolais.com\/wp-content\/uploads\/2025\/03\/1742850272924.jpg 1600w\" sizes=\"(max-width: 300px) 100vw, 300px\" \/><\/a>\n\t\t\t<\/dt><\/dl><dl class='gallery-item'>\n\t\t\t<dt class='gallery-icon landscape'>\n\t\t\t\t<a href='https:\/\/www.cycloclubmarvejolais.com\/?attachment_id=6853'><img loading=\"lazy\" decoding=\"async\" width=\"300\" height=\"225\" src=\"https:\/\/www.cycloclubmarvejolais.com\/wp-content\/uploads\/2025\/03\/1742850272911-300x225.jpg\" class=\"attachment-medium size-medium\" alt=\"\" srcset=\"https:\/\/www.cycloclubmarvejolais.com\/wp-content\/uploads\/2025\/03\/1742850272911-300x225.jpg 300w, https:\/\/www.cycloclubmarvejolais.com\/wp-content\/uploads\/2025\/03\/1742850272911-1024x768.jpg 1024w, https:\/\/www.cycloclubmarvejolais.com\/wp-content\/uploads\/2025\/03\/1742850272911-768x576.jpg 768w, https:\/\/www.cycloclubmarvejolais.com\/wp-content\/uploads\/2025\/03\/1742850272911-1536x1152.jpg 1536w, https:\/\/www.cycloclubmarvejolais.com\/wp-content\/uploads\/2025\/03\/1742850272911.jpg 1600w\" sizes=\"(max-width: 300px) 100vw, 300px\" \/><\/a>\n\t\t\t<\/dt><\/dl>\n\t\t\t<br style='clear: both' \/>\n\t\t<\/div>\n\n<\/div>\n","protected":false},"excerpt":{"rendered":"<p>Petit retour sur le stage de d\u00e9but de saison qui s&rsquo;est d\u00e9roul\u00e9 ce week-end du vendredi au lundi \u00e0 Platja d&rsquo;aro.\u26ab Malgr\u00e9 un d\u00e9but&#46;&#46;&#46;<\/p>\n","protected":false},"author":11,"featured_media":6854,"comment_status":"open","ping_status":"open","sticky":false,"template":"","format":"standard","meta":{"footnotes":""},"categories":[29],"tags":[],"_links":{"self":[{"href":"https:\/\/www.cycloclubmarvejolais.com\/index.php?rest_route=\/wp\/v2\/posts\/6852"}],"collection":[{"href":"https:\/\/www.cycloclubmarvejolais.com\/index.php?rest_route=\/wp\/v2\/posts"}],"about":[{"href":"https:\/\/www.cycloclubmarvejolais.com\/index.php?rest_route=\/wp\/v2\/types\/post"}],"author":[{"embeddable":true,"href":"https:\/\/www.cycloclubmarvejolais.com\/index.php?rest_route=\/wp\/v2\/users\/11"}],"replies":[{"embeddable":true,"href":"https:\/\/www.cycloclubmarvejolais.com\/index.php?rest_route=%2Fwp%2Fv2%2Fcomments&post=6852"}],"version-history":[{"count":2,"href":"https:\/\/www.cycloclubmarvejolais.com\/index.php?rest_route=\/wp\/v2\/posts\/6852\/revisions"}],"predecessor-version":[{"id":6856,"href":"https:\/\/www.cycloclubmarvejolais.com\/index.php?rest_route=\/wp\/v2\/posts\/6852\/revisions\/6856"}],"wp:featuredmedia":[{"embeddable":true,"href":"https:\/\/www.cycloclubmarvejolais.com\/index.php?rest_route=\/wp\/v2\/media\/6854"}],"wp:attachment":[{"href":"https:\/\/www.cycloclubmarvejolais.com\/index.php?rest_route=%2Fwp%2Fv2%2Fmedia&parent=6852"}],"wp:term":[{"taxonomy":"category","embeddable":true,"href":"https:\/\/www.cycloclubmarvejolais.com\/index.php?rest_route=%2Fwp%2Fv2%2Fcategories&post=6852"},{"taxonomy":"post_tag","embeddable":true,"href":"https:\/\/www.cycloclubmarvejolais.com\/index.php?rest_route=%2Fwp%2Fv2%2Ftags&post=6852"}],"curies":[{"name":"wp","href":"https:\/\/api.w.org\/{rel}","templated":true}]}}