{"id":6858,"date":"2025-05-26T17:30:54","date_gmt":"2025-05-26T15:30:54","guid":{"rendered":"https:\/\/www.cycloclubmarvejolais.com\/?p=6858"},"modified":"2025-06-23T00:35:30","modified_gmt":"2025-06-22T22:35:30","slug":"le-cyclo-club-fete-ses-50-ans","status":"publish","type":"post","link":"https:\/\/www.cycloclubmarvejolais.com\/?p=6858","title":{"rendered":"Le Cyclo Club f\u00eate ses 50 ans en 2025"},"content":{"rendered":"<p>&nbsp;<\/p>\n<p>Samedi 5 juillet 2025, le Cyclo Club f\u00eatera ses 50 ans d&rsquo;existence. Cr\u00e9\u00e9 en 1975 par Mr Vigand, le club a grandi autour de ses passionn\u00e9s.<\/p>\n<p>A l&rsquo;occasion de cet anniversaire, une grande f\u00eate aura lieu ce jour l\u00e0 \u00e0 la salle Polyvalente de Marvejols, rue du stade (Latitude 44.55411168 Longitude 3.29470119)<\/p>\n<p><strong>Au\u00a0 programme<\/strong><\/p>\n<p>13h00: Les randonn\u00e9es v\u00e9lo (r\u00e9f\u00e9rences OpenRunner).<\/p>\n<p style=\"padding-left: 80px;\"><strong>Route:<\/strong> <a href=\"https:\/\/www.openrunner.com\/route-details\/21462367\">famille (12km) (21462367) (inscription gratuite)<\/a><\/p>\n<p style=\"padding-left: 120px;\">\u00a0 \u00a0 <a href=\"https:\/\/www.openrunner.com\/route-details\/21637779\">balade (60 km) (21637779)<\/a><\/p>\n<p style=\"padding-left: 120px;\">\u00a0 \u00a0 <a href=\"https:\/\/www.openrunner.com\/route-details\/21637889\">sportif (91km) (21637889)<\/a><\/p>\n<p style=\"padding-left: 80px;\"><strong>VTT:<\/strong> <a href=\"https:\/\/www.openrunner.com\/route-details\/21462193\">campagnard (31km) (21462193)<\/a><\/p>\n<p>\u00a0 \u00a0 \u00a0 \u00a0 \u00a0 \u00a0 \u00a0 \u00a0 A l&rsquo;issue des randonn\u00e9es, <strong>possibilit\u00e9 de douche sur place<\/strong><\/p>\n<p><strong>\u00a0 \u00a0 \u00a0 \u00a0 \u00a0 \u00a0 \u00a0 \u00a0 \u00a0Inscription (bulletin ci-apr\u00e8s)<\/strong>: 8\u20ac licence FFV\u00e9lo \/ 11\u20ac non licenci\u00e9 \/ 0\u20ac pour les mineurs<\/p>\n<p>14h00: La randonn\u00e9e <a href=\"https:\/\/www.openrunner.com\/route-details\/20886287\"><strong>p\u00e9destre<\/strong> (8,5km) (20886287)<\/a>.\u00a0 Inscription: 4\u20ac (boisson comprise)<\/p>\n<p>18h30: <strong>Accueil<\/strong> et discours officiels<\/p>\n<p>19h30: Verre de l&rsquo;amiti\u00e9<\/p>\n<p>20h00: <strong>Repas<\/strong> Jambon brais\u00e9 (<a href=\"http:\/\/www.cycloclubmarvejolais.com\/wp-content\/uploads\/2025\/05\/CYCLO-CLUB-MARVEJOLAIS-Invitation-2025040048-pdf-300x143.jpg\">sur r\u00e9servation<\/a>)<\/p>\n<p>22h00: <strong>Soir\u00e9e dansante<\/strong><\/p>\n<p>Tout au long de la journ\u00e9e, r\u00e9trospective photo de l&rsquo;histoire du club, \u00e9volution des maillots du club, animation flippers et baby-foot.<\/p>\n<p>Animation musicale par l&rsquo;Etoile Marvejolaise et par Philippe Rech<\/p>\n<p>Renseignements: 06.76.16.02.76\u00a0 ou\u00a0 06.33.01.31.69<\/p>\n<p><a href=\"http:\/\/www.cycloclubmarvejolais.com\/wp-content\/uploads\/2025\/05\/Invitation-page1.jpg\"><img loading=\"lazy\" decoding=\"async\" class=\"alignnone size-full wp-image-6878\" src=\"http:\/\/www.cycloclubmarvejolais.com\/wp-content\/uploads\/2025\/05\/Invitation-page1.jpg\" alt=\"\" width=\"1502\" height=\"718\" srcset=\"https:\/\/www.cycloclubmarvejolais.com\/wp-content\/uploads\/2025\/05\/Invitation-page1.jpg 1502w, https:\/\/www.cycloclubmarvejolais.com\/wp-content\/uploads\/2025\/05\/Invitation-page1-300x143.jpg 300w, https:\/\/www.cycloclubmarvejolais.com\/wp-content\/uploads\/2025\/05\/Invitation-page1-1024x490.jpg 1024w, https:\/\/www.cycloclubmarvejolais.com\/wp-content\/uploads\/2025\/05\/Invitation-page1-768x367.jpg 768w\" sizes=\"(max-width: 1502px) 100vw, 1502px\" \/><\/a><\/p>\n<p><a href=\"http:\/\/www.cycloclubmarvejolais.com\/wp-content\/uploads\/2025\/05\/Invitation-coupon.jpg\"><img loading=\"lazy\" decoding=\"async\" class=\"alignnone size-full wp-image-6877\" src=\"http:\/\/www.cycloclubmarvejolais.com\/wp-content\/uploads\/2025\/05\/Invitation-coupon.jpg\" alt=\"\" width=\"1504\" height=\"716\" srcset=\"https:\/\/www.cycloclubmarvejolais.com\/wp-content\/uploads\/2025\/05\/Invitation-coupon.jpg 1504w, https:\/\/www.cycloclubmarvejolais.com\/wp-content\/uploads\/2025\/05\/Invitation-coupon-300x143.jpg 300w, https:\/\/www.cycloclubmarvejolais.com\/wp-content\/uploads\/2025\/05\/Invitation-coupon-1024x487.jpg 1024w, https:\/\/www.cycloclubmarvejolais.com\/wp-content\/uploads\/2025\/05\/Invitation-coupon-768x366.jpg 768w\" sizes=\"(max-width: 1504px) 100vw, 1504px\" \/><\/a><\/p>\n<p>&nbsp;<\/p>\n<p><a href=\"http:\/\/www.cycloclubmarvejolais.com\/wp-content\/uploads\/2025\/06\/bulletin-dinscription-rando-traces-de-la-bete-2025-recto-verso-2-scaled.jpg\"><img loading=\"lazy\" decoding=\"async\" class=\"alignnone size-full wp-image-6908\" src=\"http:\/\/www.cycloclubmarvejolais.com\/wp-content\/uploads\/2025\/06\/bulletin-dinscription-rando-traces-de-la-bete-2025-recto-verso-2-scaled.jpg\" alt=\"\" width=\"1847\" height=\"2560\" srcset=\"https:\/\/www.cycloclubmarvejolais.com\/wp-content\/uploads\/2025\/06\/bulletin-dinscription-rando-traces-de-la-bete-2025-recto-verso-2-scaled.jpg 1847w, https:\/\/www.cycloclubmarvejolais.com\/wp-content\/uploads\/2025\/06\/bulletin-dinscription-rando-traces-de-la-bete-2025-recto-verso-2-217x300.jpg 217w, https:\/\/www.cycloclubmarvejolais.com\/wp-content\/uploads\/2025\/06\/bulletin-dinscription-rando-traces-de-la-bete-2025-recto-verso-2-739x1024.jpg 739w, https:\/\/www.cycloclubmarvejolais.com\/wp-content\/uploads\/2025\/06\/bulletin-dinscription-rando-traces-de-la-bete-2025-recto-verso-2-768x1064.jpg 768w, https:\/\/www.cycloclubmarvejolais.com\/wp-content\/uploads\/2025\/06\/bulletin-dinscription-rando-traces-de-la-bete-2025-recto-verso-2-1108x1536.jpg 1108w, https:\/\/www.cycloclubmarvejolais.com\/wp-content\/uploads\/2025\/06\/bulletin-dinscription-rando-traces-de-la-bete-2025-recto-verso-2-1478x2048.jpg 1478w\" sizes=\"(max-width: 1847px) 100vw, 1847px\" \/><\/a><\/p>\n","protected":false},"excerpt":{"rendered":"<p>&nbsp; Samedi 5 juillet 2025, le Cyclo Club f\u00eatera ses 50 ans d&rsquo;existence. Cr\u00e9\u00e9 en 1975 par Mr Vigand, le club a grandi autour&#46;&#46;&#46;<\/p>\n","protected":false},"author":32,"featured_media":6876,"comment_status":"open","ping_status":"open","sticky":false,"template":"","format":"image","meta":{"footnotes":""},"categories":[26,7],"tags":[],"_links":{"self":[{"href":"https:\/\/www.cycloclubmarvejolais.com\/index.php?rest_route=\/wp\/v2\/posts\/6858"}],"collection":[{"href":"https:\/\/www.cycloclubmarvejolais.com\/index.php?rest_route=\/wp\/v2\/posts"}],"about":[{"href":"https:\/\/www.cycloclubmarvejolais.com\/index.php?rest_route=\/wp\/v2\/types\/post"}],"author":[{"embeddable":true,"href":"https:\/\/www.cycloclubmarvejolais.com\/index.php?rest_route=\/wp\/v2\/users\/32"}],"replies":[{"embeddable":true,"href":"https:\/\/www.cycloclubmarvejolais.com\/index.php?rest_route=%2Fwp%2Fv2%2Fcomments&post=6858"}],"version-history":[{"count":28,"href":"https:\/\/www.cycloclubmarvejolais.com\/index.php?rest_route=\/wp\/v2\/posts\/6858\/revisions"}],"predecessor-version":[{"id":6912,"href":"https:\/\/www.cycloclubmarvejolais.com\/index.php?rest_route=\/wp\/v2\/posts\/6858\/revisions\/6912"}],"wp:featuredmedia":[{"embeddable":true,"href":"https:\/\/www.cycloclubmarvejolais.com\/index.php?rest_route=\/wp\/v2\/media\/6876"}],"wp:attachment":[{"href":"https:\/\/www.cycloclubmarvejolais.com\/index.php?rest_route=%2Fwp%2Fv2%2Fmedia&parent=6858"}],"wp:term":[{"taxonomy":"category","embeddable":true,"href":"https:\/\/www.cycloclubmarvejolais.com\/index.php?rest_route=%2Fwp%2Fv2%2Fcategories&post=6858"},{"taxonomy":"post_tag","embeddable":true,"href":"https:\/\/www.cycloclubmarvejolais.com\/index.php?rest_route=%2Fwp%2Fv2%2Ftags&post=6858"}],"curies":[{"name":"wp","href":"https:\/\/api.w.org\/{rel}","templated":true}]}}