{"id":7014,"date":"2025-08-13T17:24:34","date_gmt":"2025-08-13T15:24:34","guid":{"rendered":"https:\/\/www.cycloclubmarvejolais.com\/?p=7014"},"modified":"2025-08-18T19:17:16","modified_gmt":"2025-08-18T17:17:16","slug":"les-parcours-du-sejour-codep-2025-pres-de-cahors","status":"publish","type":"post","link":"https:\/\/www.cycloclubmarvejolais.com\/?p=7014","title":{"rendered":"Les parcours du s\u00e9jour CODEP 2025 pr\u00e8s de Cahors"},"content":{"rendered":"<p>Voici les parcours route propos\u00e9s dans le cadre du s\u00e9jour CODEP 2025, organis\u00e9 par notre club dans la r\u00e9gion de Cahors, les 5, 6 et 7\/09\/2025<\/p>\n<p><a href=\"http:\/\/www.cycloclubmarvejolais.com\/wp-content\/uploads\/2025\/08\/Fiche-de-presentation-du-sejour.pdf\">Fiche de pr\u00e9sentation des parcours<\/a><\/p>\n<p><a href=\"http:\/\/www.cycloclubmarvejolais.com\/wp-content\/uploads\/2025\/08\/tableau_traces-GPX_parcours_codep_2025-scaled.jpg\"><img loading=\"lazy\" decoding=\"async\" class=\"alignleft size-medium wp-image-7022\" src=\"http:\/\/www.cycloclubmarvejolais.com\/wp-content\/uploads\/2025\/08\/tableau_traces-GPX_parcours_codep_2025-180x300.jpg\" alt=\"\" width=\"180\" height=\"300\" srcset=\"https:\/\/www.cycloclubmarvejolais.com\/wp-content\/uploads\/2025\/08\/tableau_traces-GPX_parcours_codep_2025-180x300.jpg 180w, https:\/\/www.cycloclubmarvejolais.com\/wp-content\/uploads\/2025\/08\/tableau_traces-GPX_parcours_codep_2025-615x1024.jpg 615w, https:\/\/www.cycloclubmarvejolais.com\/wp-content\/uploads\/2025\/08\/tableau_traces-GPX_parcours_codep_2025-768x1279.jpg 768w, https:\/\/www.cycloclubmarvejolais.com\/wp-content\/uploads\/2025\/08\/tableau_traces-GPX_parcours_codep_2025-922x1536.jpg 922w, https:\/\/www.cycloclubmarvejolais.com\/wp-content\/uploads\/2025\/08\/tableau_traces-GPX_parcours_codep_2025-1229x2048.jpg 1229w, https:\/\/www.cycloclubmarvejolais.com\/wp-content\/uploads\/2025\/08\/tableau_traces-GPX_parcours_codep_2025-scaled.jpg 1537w\" sizes=\"(max-width: 180px) 100vw, 180px\" \/><\/a><\/p>\n","protected":false},"excerpt":{"rendered":"<p>Voici les parcours route propos\u00e9s dans le cadre du s\u00e9jour CODEP 2025, organis\u00e9 par notre club dans la r\u00e9gion de Cahors, les 5, 6&#46;&#46;&#46;<\/p>\n","protected":false},"author":32,"featured_media":7022,"comment_status":"open","ping_status":"open","sticky":false,"template":"","format":"standard","meta":{"footnotes":""},"categories":[18,26,1],"tags":[],"_links":{"self":[{"href":"https:\/\/www.cycloclubmarvejolais.com\/index.php?rest_route=\/wp\/v2\/posts\/7014"}],"collection":[{"href":"https:\/\/www.cycloclubmarvejolais.com\/index.php?rest_route=\/wp\/v2\/posts"}],"about":[{"href":"https:\/\/www.cycloclubmarvejolais.com\/index.php?rest_route=\/wp\/v2\/types\/post"}],"author":[{"embeddable":true,"href":"https:\/\/www.cycloclubmarvejolais.com\/index.php?rest_route=\/wp\/v2\/users\/32"}],"replies":[{"embeddable":true,"href":"https:\/\/www.cycloclubmarvejolais.com\/index.php?rest_route=%2Fwp%2Fv2%2Fcomments&post=7014"}],"version-history":[{"count":5,"href":"https:\/\/www.cycloclubmarvejolais.com\/index.php?rest_route=\/wp\/v2\/posts\/7014\/revisions"}],"predecessor-version":[{"id":7023,"href":"https:\/\/www.cycloclubmarvejolais.com\/index.php?rest_route=\/wp\/v2\/posts\/7014\/revisions\/7023"}],"wp:featuredmedia":[{"embeddable":true,"href":"https:\/\/www.cycloclubmarvejolais.com\/index.php?rest_route=\/wp\/v2\/media\/7022"}],"wp:attachment":[{"href":"https:\/\/www.cycloclubmarvejolais.com\/index.php?rest_route=%2Fwp%2Fv2%2Fmedia&parent=7014"}],"wp:term":[{"taxonomy":"category","embeddable":true,"href":"https:\/\/www.cycloclubmarvejolais.com\/index.php?rest_route=%2Fwp%2Fv2%2Fcategories&post=7014"},{"taxonomy":"post_tag","embeddable":true,"href":"https:\/\/www.cycloclubmarvejolais.com\/index.php?rest_route=%2Fwp%2Fv2%2Ftags&post=7014"}],"curies":[{"name":"wp","href":"https:\/\/api.w.org\/{rel}","templated":true}]}}