{"id":7030,"date":"2026-02-15T10:28:13","date_gmt":"2026-02-15T09:28:13","guid":{"rendered":"https:\/\/www.cycloclubmarvejolais.com\/?p=7030"},"modified":"2026-03-15T10:35:22","modified_gmt":"2026-03-15T09:35:22","slug":"sejour-espagne-2026","status":"publish","type":"post","link":"https:\/\/www.cycloclubmarvejolais.com\/?p=7030","title":{"rendered":"S\u00e9jour Espagne 2026"},"content":{"rendered":"<p>Le s\u00e9jour espagnol du club s&rsquo;est d\u00e9roul\u00e9 du vendredi 06 au lundi 09 F\u00e9vrier 2026 \u00e0 Platja D&rsquo;Aro.<br \/>\nNous avons partag\u00e9 se stage avec le club de La Pancarte \u00e0 l&rsquo;h\u00f4tel Planamar***.<br \/>\nLes cyclistes ont pu profiter d&rsquo;une tr\u00e8s belle m\u00e9t\u00e9o cette ann\u00e9e leur permettant m\u00eame d&rsquo;attendre les 200km pour certains le samedi.<br \/>\nD&rsquo;autres en on profiter pour faire de longues sorties course \u00e0 pied en vue d&rsquo;un marathon o\u00f9 d&rsquo;une r\u00e9cup d&rsquo;apr\u00e8s v\u00e9lo.<\/p>\n<p>Moment conviviales permettant de se retrouver pendant l&rsquo;hiver avant d&rsquo;attaquer la nouvelle saison.<\/p>\n\n\t\t<style>\n\t\t\t#gallery-1 {\n\t\t\t\tmargin: auto;\n\t\t\t}\n\t\t\t#gallery-1 .gallery-item {\n\t\t\t\tfloat: left;\n\t\t\t\tmargin-top: 10px;\n\t\t\t\ttext-align: center;\n\t\t\t\twidth: 33%;\n\t\t\t}\n\t\t\t#gallery-1 img {\n\t\t\t\tborder: 2px solid #cfcfcf;\n\t\t\t}\n\t\t\t#gallery-1 .gallery-caption {\n\t\t\t\tmargin-left: 0;\n\t\t\t}\n\t\t\t\/* see gallery_shortcode() in wp-includes\/media.php *\/\n\t\t<\/style>\n\t\t<div id='gallery-1' class='gallery galleryid-7030 gallery-columns-3 gallery-size-medium'><dl class='gallery-item'>\n\t\t\t<dt class='gallery-icon landscape'>\n\t\t\t\t<a href='https:\/\/www.cycloclubmarvejolais.com\/?attachment_id=7033'><img loading=\"lazy\" decoding=\"async\" width=\"300\" height=\"225\" src=\"https:\/\/www.cycloclubmarvejolais.com\/wp-content\/uploads\/2026\/03\/1773566576630-300x225.jpg\" class=\"attachment-medium size-medium\" alt=\"\" srcset=\"https:\/\/www.cycloclubmarvejolais.com\/wp-content\/uploads\/2026\/03\/1773566576630-300x225.jpg 300w, https:\/\/www.cycloclubmarvejolais.com\/wp-content\/uploads\/2026\/03\/1773566576630-1024x768.jpg 1024w, https:\/\/www.cycloclubmarvejolais.com\/wp-content\/uploads\/2026\/03\/1773566576630-768x576.jpg 768w, https:\/\/www.cycloclubmarvejolais.com\/wp-content\/uploads\/2026\/03\/1773566576630-1536x1152.jpg 1536w, https:\/\/www.cycloclubmarvejolais.com\/wp-content\/uploads\/2026\/03\/1773566576630.jpg 2048w\" sizes=\"(max-width: 300px) 100vw, 300px\" \/><\/a>\n\t\t\t<\/dt><\/dl><dl class='gallery-item'>\n\t\t\t<dt class='gallery-icon portrait'>\n\t\t\t\t<a href='https:\/\/www.cycloclubmarvejolais.com\/?attachment_id=7031'><img loading=\"lazy\" decoding=\"async\" width=\"225\" height=\"300\" src=\"https:\/\/www.cycloclubmarvejolais.com\/wp-content\/uploads\/2026\/03\/1773566576659-225x300.jpg\" class=\"attachment-medium size-medium\" alt=\"\" srcset=\"https:\/\/www.cycloclubmarvejolais.com\/wp-content\/uploads\/2026\/03\/1773566576659-225x300.jpg 225w, https:\/\/www.cycloclubmarvejolais.com\/wp-content\/uploads\/2026\/03\/1773566576659-769x1024.jpg 769w, https:\/\/www.cycloclubmarvejolais.com\/wp-content\/uploads\/2026\/03\/1773566576659-768x1022.jpg 768w, https:\/\/www.cycloclubmarvejolais.com\/wp-content\/uploads\/2026\/03\/1773566576659-1154x1536.jpg 1154w, https:\/\/www.cycloclubmarvejolais.com\/wp-content\/uploads\/2026\/03\/1773566576659-1538x2048.jpg 1538w, https:\/\/www.cycloclubmarvejolais.com\/wp-content\/uploads\/2026\/03\/1773566576659-scaled.jpg 1923w\" sizes=\"(max-width: 225px) 100vw, 225px\" \/><\/a>\n\t\t\t<\/dt><\/dl><dl class='gallery-item'>\n\t\t\t<dt class='gallery-icon portrait'>\n\t\t\t\t<a href='https:\/\/www.cycloclubmarvejolais.com\/?attachment_id=7032'><img loading=\"lazy\" decoding=\"async\" width=\"225\" height=\"300\" src=\"https:\/\/www.cycloclubmarvejolais.com\/wp-content\/uploads\/2026\/03\/1773566576677-225x300.jpg\" class=\"attachment-medium size-medium\" alt=\"\" srcset=\"https:\/\/www.cycloclubmarvejolais.com\/wp-content\/uploads\/2026\/03\/1773566576677-225x300.jpg 225w, https:\/\/www.cycloclubmarvejolais.com\/wp-content\/uploads\/2026\/03\/1773566576677-768x1024.jpg 768w, https:\/\/www.cycloclubmarvejolais.com\/wp-content\/uploads\/2026\/03\/1773566576677-1152x1536.jpg 1152w, https:\/\/www.cycloclubmarvejolais.com\/wp-content\/uploads\/2026\/03\/1773566576677.jpg 1536w\" sizes=\"(max-width: 225px) 100vw, 225px\" \/><\/a>\n\t\t\t<\/dt><\/dl><br style=\"clear: both\" \/><dl class='gallery-item'>\n\t\t\t<dt class='gallery-icon portrait'>\n\t\t\t\t<a href='https:\/\/www.cycloclubmarvejolais.com\/?attachment_id=7034'><img loading=\"lazy\" decoding=\"async\" width=\"225\" height=\"300\" src=\"https:\/\/www.cycloclubmarvejolais.com\/wp-content\/uploads\/2026\/03\/1773566576693-225x300.jpg\" class=\"attachment-medium size-medium\" alt=\"\" srcset=\"https:\/\/www.cycloclubmarvejolais.com\/wp-content\/uploads\/2026\/03\/1773566576693-225x300.jpg 225w, https:\/\/www.cycloclubmarvejolais.com\/wp-content\/uploads\/2026\/03\/1773566576693-768x1024.jpg 768w, https:\/\/www.cycloclubmarvejolais.com\/wp-content\/uploads\/2026\/03\/1773566576693-1152x1536.jpg 1152w, https:\/\/www.cycloclubmarvejolais.com\/wp-content\/uploads\/2026\/03\/1773566576693.jpg 1536w\" sizes=\"(max-width: 225px) 100vw, 225px\" \/><\/a>\n\t\t\t<\/dt><\/dl><dl class='gallery-item'>\n\t\t\t<dt class='gallery-icon portrait'>\n\t\t\t\t<a href='https:\/\/www.cycloclubmarvejolais.com\/?attachment_id=7035'><img loading=\"lazy\" decoding=\"async\" width=\"225\" height=\"300\" src=\"https:\/\/www.cycloclubmarvejolais.com\/wp-content\/uploads\/2026\/03\/1773566576710-225x300.jpg\" class=\"attachment-medium size-medium\" alt=\"\" srcset=\"https:\/\/www.cycloclubmarvejolais.com\/wp-content\/uploads\/2026\/03\/1773566576710-225x300.jpg 225w, https:\/\/www.cycloclubmarvejolais.com\/wp-content\/uploads\/2026\/03\/1773566576710-768x1024.jpg 768w, https:\/\/www.cycloclubmarvejolais.com\/wp-content\/uploads\/2026\/03\/1773566576710-1152x1536.jpg 1152w, https:\/\/www.cycloclubmarvejolais.com\/wp-content\/uploads\/2026\/03\/1773566576710.jpg 1536w\" sizes=\"(max-width: 225px) 100vw, 225px\" \/><\/a>\n\t\t\t<\/dt><\/dl><dl class='gallery-item'>\n\t\t\t<dt class='gallery-icon portrait'>\n\t\t\t\t<a href='https:\/\/www.cycloclubmarvejolais.com\/?attachment_id=7036'><img loading=\"lazy\" decoding=\"async\" width=\"225\" height=\"300\" src=\"https:\/\/www.cycloclubmarvejolais.com\/wp-content\/uploads\/2026\/03\/1773566576643-225x300.jpg\" class=\"attachment-medium size-medium\" alt=\"\" srcset=\"https:\/\/www.cycloclubmarvejolais.com\/wp-content\/uploads\/2026\/03\/1773566576643-225x300.jpg 225w, https:\/\/www.cycloclubmarvejolais.com\/wp-content\/uploads\/2026\/03\/1773566576643-768x1024.jpg 768w, https:\/\/www.cycloclubmarvejolais.com\/wp-content\/uploads\/2026\/03\/1773566576643-1152x1536.jpg 1152w, https:\/\/www.cycloclubmarvejolais.com\/wp-content\/uploads\/2026\/03\/1773566576643.jpg 1200w\" sizes=\"(max-width: 225px) 100vw, 225px\" \/><\/a>\n\t\t\t<\/dt><\/dl><br style=\"clear: both\" \/>\n\t\t<\/div>\n\n","protected":false},"excerpt":{"rendered":"<p>Le s\u00e9jour espagnol du club s&rsquo;est d\u00e9roul\u00e9 du vendredi 06 au lundi 09 F\u00e9vrier 2026 \u00e0 Platja D&rsquo;Aro. Nous avons partag\u00e9 se stage avec&#46;&#46;&#46;<\/p>\n","protected":false},"author":11,"featured_media":7033,"comment_status":"open","ping_status":"open","sticky":false,"template":"","format":"standard","meta":{"footnotes":""},"categories":[1,29],"tags":[],"_links":{"self":[{"href":"https:\/\/www.cycloclubmarvejolais.com\/index.php?rest_route=\/wp\/v2\/posts\/7030"}],"collection":[{"href":"https:\/\/www.cycloclubmarvejolais.com\/index.php?rest_route=\/wp\/v2\/posts"}],"about":[{"href":"https:\/\/www.cycloclubmarvejolais.com\/index.php?rest_route=\/wp\/v2\/types\/post"}],"author":[{"embeddable":true,"href":"https:\/\/www.cycloclubmarvejolais.com\/index.php?rest_route=\/wp\/v2\/users\/11"}],"replies":[{"embeddable":true,"href":"https:\/\/www.cycloclubmarvejolais.com\/index.php?rest_route=%2Fwp%2Fv2%2Fcomments&post=7030"}],"version-history":[{"count":1,"href":"https:\/\/www.cycloclubmarvejolais.com\/index.php?rest_route=\/wp\/v2\/posts\/7030\/revisions"}],"predecessor-version":[{"id":7037,"href":"https:\/\/www.cycloclubmarvejolais.com\/index.php?rest_route=\/wp\/v2\/posts\/7030\/revisions\/7037"}],"wp:featuredmedia":[{"embeddable":true,"href":"https:\/\/www.cycloclubmarvejolais.com\/index.php?rest_route=\/wp\/v2\/media\/7033"}],"wp:attachment":[{"href":"https:\/\/www.cycloclubmarvejolais.com\/index.php?rest_route=%2Fwp%2Fv2%2Fmedia&parent=7030"}],"wp:term":[{"taxonomy":"category","embeddable":true,"href":"https:\/\/www.cycloclubmarvejolais.com\/index.php?rest_route=%2Fwp%2Fv2%2Fcategories&post=7030"},{"taxonomy":"post_tag","embeddable":true,"href":"https:\/\/www.cycloclubmarvejolais.com\/index.php?rest_route=%2Fwp%2Fv2%2Ftags&post=7030"}],"curies":[{"name":"wp","href":"https:\/\/api.w.org\/{rel}","templated":true}]}}